{"id":27011,"date":"2021-01-19T01:46:38","date_gmt":"2021-01-18T21:46:38","guid":{"rendered":"https:\/\/fedai.az\/?p=27011"},"modified":"2021-01-19T01:46:39","modified_gmt":"2021-01-18T21:46:39","slug":"i-%c9%99liyev-h%c9%99r-gun-isimin-%c9%99sas-hiss%c9%99si-buna-h%c9%99sr-olunur","status":"publish","type":"post","link":"https:\/\/fedai.az\/?p=27011","title":{"rendered":"\u0130. \u018fliyev: \u201cH\u0259r g\u00fcn i\u015fimin \u0259sas hiss\u0259si buna h\u0259sr olunur\u201d"},"content":{"rendered":"\n<p><strong>\u201cM\u0259nim, \u0259lb\u0259tt\u0259 ki, \u0259sas i\u015fim Qaraba\u011f m\u0259s\u0259l\u0259sinin h\u0259lli v\u0259 sentyabr ay\u0131ndan ba\u015flayaraq ged\u0259n m\u00fcharib\u0259y\u0259 Ali Ba\u015f Komandan kimi r\u0259hb\u0259rlik etm\u0259yim idi. Bu g\u00fcn d\u0259 m\u0259nim f\u0259aliyy\u0259timd\u0259 o b\u00f6lg\u0259l\u0259rin &#8212; Qaraba\u011f b\u00f6lg\u0259sinin b\u0259rpas\u0131 x\u00fcsusi yer tutur. Bu, t\u0259sad\u00fcfi deyil, bu, t\u0259biidir. Ancaq, eyni zamanda, m\u0259n \u0259n\u0259n\u0259vi i\u015f f\u0259aliyy\u0259tim\u0259 d\u0259 h\u0259mi\u015f\u0259 diqq\u0259t yetirmi\u015f\u0259m. Sumqay\u0131ta g\u0259lm\u0259yim onu bir daha g\u00f6st\u0259rir\u201d.<\/strong><\/p>\n\n\n\n<p>\u201cQafqazinfo\u201d x\u0259b\u0259r verir ki, bunu Az\u0259rbaycan Prezidenti \u0130lham \u018fliyev Sumqay\u0131tda t\u0259m\u0259lqoyma m\u0259rasimind\u0259n sonra Az\u0259rbaycan Televiziyas\u0131na verdiyi m\u00fcsahib\u0259d\u0259 deyib.<\/p>\n\n\n\n<p>D\u00f6vl\u0259t ba\u015f\u00e7\u0131s\u0131 bildirib ki, m\u00fcharib\u0259 ba\u015fa \u00e7at\u0131b, m\u00fcz\u0259ff\u0259r Ordumuz m\u00fcharib\u0259d\u0259 q\u0259l\u0259b\u0259 \u00e7al\u0131b: \u201cAzad olunmu\u015f torpaqlar\u0131n b\u0259rpas\u0131 \u00fc\u00e7\u00fcn \u0259limizd\u0259n g\u0259l\u0259ni ed\u0259c\u0259yik. H\u0259r g\u00fcn m\u0259nim i\u015fimin \u0259sas hiss\u0259si buna h\u0259sr olunur. Ancaq dig\u0259r \u0259razil\u0259rin inki\u015faf\u0131 da he\u00e7 vaxt yaddan \u00e7\u0131xmayacaq, Az\u0259rbaycan xalq\u0131 \u0259min ola bil\u0259r. \u018fmin\u0259m ki, biz bu ili d\u0259 u\u011furla ba\u015fa vuraca\u011f\u0131q, daha g\u00fccl\u00fc Az\u0259rbaycan quraca\u011f\u0131q\u201d.<\/p>\n","protected":false},"excerpt":{"rendered":"<p>\u201cM\u0259nim, \u0259lb\u0259tt\u0259 ki, \u0259sas i\u015fim Qaraba\u011f m\u0259s\u0259l\u0259sinin h\u0259lli v\u0259 sentyabr ay\u0131ndan ba\u015flayaraq ged\u0259n m\u00fcharib\u0259y\u0259 Ali Ba\u015f Komandan kimi r\u0259hb\u0259rlik etm\u0259yim idi. Bu g\u00fcn d\u0259<\/p>\n","protected":false},"author":2,"featured_media":0,"comment_status":"closed","ping_status":"closed","sticky":false,"template":"","format":"standard","meta":{"footnotes":""},"categories":[3],"tags":[],"class_list":["post-27011","post","type-post","status-publish","format-standard","hentry","category-gundm"],"aioseo_notices":[],"_links":{"self":[{"href":"https:\/\/fedai.az\/index.php?rest_route=\/wp\/v2\/posts\/27011","targetHints":{"allow":["GET"]}}],"collection":[{"href":"https:\/\/fedai.az\/index.php?rest_route=\/wp\/v2\/posts"}],"about":[{"href":"https:\/\/fedai.az\/index.php?rest_route=\/wp\/v2\/types\/post"}],"author":[{"embeddable":true,"href":"https:\/\/fedai.az\/index.php?rest_route=\/wp\/v2\/users\/2"}],"replies":[{"embeddable":true,"href":"https:\/\/fedai.az\/index.php?rest_route=%2Fwp%2Fv2%2Fcomments&post=27011"}],"version-history":[{"count":1,"href":"https:\/\/fedai.az\/index.php?rest_route=\/wp\/v2\/posts\/27011\/revisions"}],"predecessor-version":[{"id":27013,"href":"https:\/\/fedai.az\/index.php?rest_route=\/wp\/v2\/posts\/27011\/revisions\/27013"}],"wp:attachment":[{"href":"https:\/\/fedai.az\/index.php?rest_route=%2Fwp%2Fv2%2Fmedia&parent=27011"}],"wp:term":[{"taxonomy":"category","embeddable":true,"href":"https:\/\/fedai.az\/index.php?rest_route=%2Fwp%2Fv2%2Fcategories&post=27011"},{"taxonomy":"post_tag","embeddable":true,"href":"https:\/\/fedai.az\/index.php?rest_route=%2Fwp%2Fv2%2Ftags&post=27011"}],"curies":[{"name":"wp","href":"https:\/\/api.w.org\/{rel}","templated":true}]}}