{"id":27018,"date":"2021-01-19T02:14:12","date_gmt":"2021-01-18T22:14:12","guid":{"rendered":"https:\/\/fedai.az\/?p=27018"},"modified":"2021-01-19T02:14:13","modified_gmt":"2021-01-18T22:14:13","slug":"isl%c9%99r-tamamlanir-1-i-general-olmaqla-35-turk-zabiti-agdamda-xidm%c9%99t-ed%c9%99c%c9%99k","status":"publish","type":"post","link":"https:\/\/fedai.az\/?p=27018","title":{"rendered":"\u0130\u015fl\u0259r tamamlan\u0131r: 1-i general olmaqla 35 t\u00fcrk zabiti A\u011fdamda xidm\u0259t ed\u0259c\u0259k"},"content":{"rendered":"\n<p><strong>Erm\u0259nistanla Az\u0259rbaycan aras\u0131nda h\u0259rbi \u0259m\u0259liyyatlar\u0131n dayand\u0131r\u0131lmas\u0131na dair 10 noyabr \u00fc\u00e7t\u0259r\u0259fli raz\u0131la\u015fmas\u0131n\u0131n \u015f\u0259rtl\u0259rin\u0259 uy\u011fun olaraq A\u011fdamda qurulan ortaq t\u00fcrk-rus monitorinq m\u0259rk\u0259zinin in\u015fas\u0131 tamamlanmaq \u00fczr\u0259dir.<\/strong><\/p>\n\n\n\n<p><strong>Fedai.az\u00a0<\/strong>Virtualaz.org-a istinad\u0259n x\u0259b\u0259r verir ki, m\u0259rk\u0259zin tamam\u0259n haz\u0131r hala g\u0259tirilm\u0259si durumunda yanvar ay\u0131 \u0259rzind\u0259 a\u00e7\u0131laca\u011f\u0131 g\u00f6zl\u0259nilir. At\u0259\u015fk\u0259s\u0259 n\u0259zar\u0259t \u00fczr\u0259 T\u00fcrkiy\u0259-Rusiya ortaq m\u0259rk\u0259zind\u0259 1-i general olmaqla 35 t\u00fcrk zabiti xidm\u0259t ed\u0259c\u0259k. M\u0259rk\u0259zd\u0259 eyni sayda Rusiya h\u0259rb\u00e7il\u0259ri d\u0259 olacaq. At\u0259\u015fk\u0259sin qorunmas\u0131na daha \u00e7ox hava vasit\u0259l\u0259ri il\u0259 n\u0259zar\u0259t olunacaq. M\u00fcmk\u00fcn at\u0259\u015fk\u0259s pozulmalar\u0131 qeyd\u0259 al\u0131narsa bu haqda Ankara v\u0259 Moskva d\u0259rhal m\u0259lumatland\u0131r\u0131lacaq.<\/p>\n\n\n\n<p>Xat\u0131rladaq ki, m\u0259rk\u0259zin f\u0259aliyy\u0259tind\u0259 i\u015ftirak ed\u0259c\u0259k T\u00fcrkiy\u0259 h\u0259rb\u00e7il\u0259ri bir ne\u00e7\u0259 h\u0259ft\u0259 \u0259vv\u0259ld\u0259n Az\u0259rbaycana g\u00f6nd\u0259rilib. O c\u00fcml\u0259d\u0259n T\u00fcrkiy\u0259nin h\u0259rbi-n\u0259qliyyat t\u0259yyar\u0259l\u0259ri z\u0259ruri texniki vasit\u0259l\u0259ri v\u0259 h\u0259rb\u00e7il\u0259rin ya\u015famas\u0131 \u00fc\u00e7\u00fcn n\u0259z\u0259rd\u0259 tutulan konteynerl\u0259ri da\u015f\u0131y\u0131b.<\/p>\n","protected":false},"excerpt":{"rendered":"<p>Erm\u0259nistanla Az\u0259rbaycan aras\u0131nda h\u0259rbi \u0259m\u0259liyyatlar\u0131n dayand\u0131r\u0131lmas\u0131na dair 10 noyabr \u00fc\u00e7t\u0259r\u0259fli raz\u0131la\u015fmas\u0131n\u0131n \u015f\u0259rtl\u0259rin\u0259 uy\u011fun olaraq A\u011fdamda qurulan ortaq t\u00fcrk-rus monitorinq m\u0259rk\u0259zinin in\u015fas\u0131 tamamlanmaq \u00fczr\u0259dir. Fedai.az\u00a0Virtualaz.org-a<\/p>\n","protected":false},"author":2,"featured_media":27019,"comment_status":"closed","ping_status":"closed","sticky":false,"template":"","format":"standard","meta":{"footnotes":""},"categories":[4],"tags":[],"class_list":["post-27018","post","type-post","status-publish","format-standard","has-post-thumbnail","hentry","category-qarabag"],"aioseo_notices":[],"_links":{"self":[{"href":"https:\/\/fedai.az\/index.php?rest_route=\/wp\/v2\/posts\/27018","targetHints":{"allow":["GET"]}}],"collection":[{"href":"https:\/\/fedai.az\/index.php?rest_route=\/wp\/v2\/posts"}],"about":[{"href":"https:\/\/fedai.az\/index.php?rest_route=\/wp\/v2\/types\/post"}],"author":[{"embeddable":true,"href":"https:\/\/fedai.az\/index.php?rest_route=\/wp\/v2\/users\/2"}],"replies":[{"embeddable":true,"href":"https:\/\/fedai.az\/index.php?rest_route=%2Fwp%2Fv2%2Fcomments&post=27018"}],"version-history":[{"count":1,"href":"https:\/\/fedai.az\/index.php?rest_route=\/wp\/v2\/posts\/27018\/revisions"}],"predecessor-version":[{"id":27020,"href":"https:\/\/fedai.az\/index.php?rest_route=\/wp\/v2\/posts\/27018\/revisions\/27020"}],"wp:featuredmedia":[{"embeddable":true,"href":"https:\/\/fedai.az\/index.php?rest_route=\/wp\/v2\/media\/27019"}],"wp:attachment":[{"href":"https:\/\/fedai.az\/index.php?rest_route=%2Fwp%2Fv2%2Fmedia&parent=27018"}],"wp:term":[{"taxonomy":"category","embeddable":true,"href":"https:\/\/fedai.az\/index.php?rest_route=%2Fwp%2Fv2%2Fcategories&post=27018"},{"taxonomy":"post_tag","embeddable":true,"href":"https:\/\/fedai.az\/index.php?rest_route=%2Fwp%2Fv2%2Ftags&post=27018"}],"curies":[{"name":"wp","href":"https:\/\/api.w.org\/{rel}","templated":true}]}}