{"id":27033,"date":"2021-01-19T13:20:02","date_gmt":"2021-01-19T09:20:02","guid":{"rendered":"https:\/\/fedai.az\/?p=27033"},"modified":"2021-01-19T13:20:33","modified_gmt":"2021-01-19T09:20:33","slug":"prezident-idar%c9%99etm%c9%99d%c9%99-d%c9%99yisiklikl%c9%99rin-anonsunu-verdi","status":"publish","type":"post","link":"https:\/\/fedai.az\/?p=27033","title":{"rendered":"Prezident idar\u0259etm\u0259d\u0259 d\u0259yi\u015fiklikl\u0259rin anonsunu verdi"},"content":{"rendered":"\n<p><strong>Prezident \u0130lham \u018fliyev Az\u0259rbaycan Televiziyas\u0131na son m\u00fcsahib\u0259sind\u0259 44 g\u00fcnl\u00fck v\u0259t\u0259n m\u00fcharib\u0259sind\u0259n sonra \u00f6lk\u0259d\u0259 g\u00f6zl\u0259nil\u0259n keyfiyy\u0259t d\u0259yi\u015fiklikl\u0259rinin anonsunu verdi.<\/strong><\/p>\n\n\n\n<p><br>Prezident ilk n\u00f6vb\u0259d\u0259 idar\u0259etm\u0259d\u0259 olan q\u00fcsurlar\u0131 xat\u0131rladaraq, merkantil maraqlar\u0131n\u0131 g\u00fcd\u0259n m\u0259murlara x\u0259b\u0259rdarl\u0131q etdi v\u0259 kadr d\u0259yi\u015fikl\u0259rinin olaca\u011f\u0131n\u0131 bildirdi:<\/p>\n\n\n\n<p><br>&#171;B\u0259zi yerl\u0259rd\u0259 torpaqlar z\u0259bt edilir, insanlar\u0131n \u0259lind\u0259n al\u0131n\u0131r, qeyri-\u0259dal\u0259tli \u015f\u0259kild\u0259 b\u00f6l\u00fcn\u00fcr. O c\u00fcml\u0259d\u0259n su resurslar\u0131 qeyri-\u0259dal\u0259tli \u015f\u0259kild\u0259 b\u00f6l\u00fcn\u00fcr, b\u0259zil\u0259rin\u0259 su \u00e7at\u0131r, b\u0259zil\u0259rin\u0259 su \u00e7atm\u0131r. B\u00fct\u00fcn bunlar biz\u0259 yara\u015fm\u0131r. Biz \u00f6z\u00fcm\u00fcz\u00fc bu q\u00fcsurlardan t\u0259mizl\u0259m\u0259liyik v\u0259 t\u0259mizl\u0259yirik. T\u0259mizl\u0259m\u0259 prosesi gedir v\u0259 ged\u0259c\u0259k. H\u0259r k\u0259s bunu bilsin. He\u00e7 kim hesab etm\u0259sin ki, onun hans\u0131sa x\u00fcsusi imtiyaz\u0131 var. Yaxud da ki, kims\u0259 \u00f6z\u00fcn\u00fc toxunulmaz hesab etm\u0259sin. Azad edilmi\u015f torpaqlarda h\u0259r \u015fey dem\u0259k olar ki, da\u011f\u0131d\u0131l\u0131b. Ona g\u00f6r\u0259 biz el\u0259 bir inki\u015faf modeli qurmal\u0131y\u0131q ki, ondan sonra biz onu b\u00fct\u00fcn ba\u015fqa torpaqlara da, nec\u0259 dey\u0259rl\u0259r, transfer ed\u0259 bil\u0259k, m\u00f6vcud q\u00fcsurlar aradan qalxs\u0131n v\u0259 \u00f6lk\u0259mizin u\u011furlu inki\u015faf\u0131 t\u0259min edilsin\u201d.<\/p>\n\n\n\n<p><br>D\u00f6vl\u0259t ba\u015f\u00e7\u0131s\u0131n\u0131n su resurslar\u0131n\u0131n idar\u0259olunmas\u0131ndak\u0131 probleml\u0259ri x\u00fcsusi qabartmas\u0131 diqq\u0259td\u0259n yay\u0131nmamal\u0131d\u0131r. \u00c7\u00fcnki d\u00f6vl\u0259t b\u00fcdc\u0259sind\u0259n \u00f6lk\u0259nin su t\u0259s\u0259rr\u00fcfat\u0131na milyardlarla manat v\u0259sait x\u0259rcl\u0259nm\u0259sin\u0259 baxmayaraq, bu sah\u0259d\u0259 h\u0259llini g\u00f6zl\u0259y\u0259n ciddi probleml\u0259r qalmaqda davam edir. Bu bax\u0131mdan yax\u0131n zamanlarda Az\u0259rbaycan Meliorasiya v\u0259 Su T\u0259s\u0259rr\u00fcfat\u0131 A\u00e7\u0131q S\u0259hmdar C\u0259miyy\u0259ti v\u0259 &#171;Az\u0259rsu\u201d A\u00e7\u0131q S\u0259hmdar C\u0259miyy\u0259tind\u0259 ciddi kadr d\u0259yi\u015fikl\u0259rinin olmas\u0131 \u015f\u00fcbh\u0259 do\u011furmur. Mediada da h\u0259r iki qurumun r\u0259hb\u0259r \u015f\u0259xsl\u0259rinin korrupsiyas\u0131 il\u0259 ba\u011fl\u0131 t\u0259kzibolunmaz faktlar a\u00e7\u0131qlan\u0131b.\u00a0<\/p>\n\n\n\n<p><br>Prezident m\u00fcsahib\u0259sind\u0259 t\u0259kc\u0259 su t\u0259s\u0259rr\u00fcat\u0131nda deyil, \u00fcmumilikd\u0259 \u00f6lk\u0259nin idar\u0259olunmas\u0131 sisteminind\u0259ki neqativ hallar\u0131 n\u0259z\u0259rd\u0259 tutaraq &#171;t\u0259mizl\u0259m\u0259 prosesinin davam ed\u0259c\u0259yini\u201d bildirdi. Bel\u0259 ki, son ill\u0259r f\u0259aliyy\u0259tind\u0259 neqativ hallara yol ver\u0259n y\u00fcks\u0259k v\u0259zif\u0259li m\u0259murlar d\u00f6vl\u0259t ba\u015f\u00e7\u0131s\u0131 t\u0259r\u0259find\u0259n i\u015fd\u0259n \u00e7\u0131xar\u0131l\u0131b. M\u0259hz, h\u0259yata ke\u00e7iril\u0259n kadr d\u0259yi\u015fiklikl\u0259rind\u0259n sonra bir ne\u00e7\u0259 sah\u0259d\u0259 \u0259h\u0259miyy\u0259tli ir\u0259lil\u0259yi\u015fl\u0259r m\u00fc\u015fahid\u0259 edilib.\u00a0<\/p>\n\n\n\n<p><br>Qeyd ed\u0259k ki, siyasi analitikl\u0259r V\u0259t\u0259n m\u00fcharib\u0259sind\u0259n sonra \u00f6lk\u0259nin idar\u0259etm\u0259sinin \u0259sasl\u0131 olaraq d\u0259yi\u015f\u0259c\u0259yini proqnozla\u015fd\u0131rm\u0131\u015fd\u0131. Bunun \u00e7ox vacib v\u0259 z\u0259ruri oldu\u011funu, \u0259ld\u0259 olunan h\u0259rbi q\u0259l\u0259b\u0259nin siyasi v\u0259 iqtisadi sah\u0259l\u0259rd\u0259 \u00f6z \u0259ksini tapmal\u0131 oldu\u011funu bildirdil\u0259r.\u00a0<\/p>\n\n\n\n<p><br>G\u00f6r\u00fcnd\u00fcy\u00fc kimi, \u00f6lk\u0259 r\u0259hb\u0259rliyi \u00f6lk\u0259ni n\u00f6vb\u0259ti m\u0259rh\u0259l\u0259 u\u011furla ke\u00e7m\u0259si \u00fc\u00e7\u00fcn m\u00f6vcud idar\u0259etm\u0259 sistemininin d\u0259yi\u015fdirilms\u0259sinin vacibliyinin f\u0259rqind\u0259dir\u2026<\/p>\n\n\n\n<p><strong>Orxan \u018fhm\u0259dli<\/strong>(Qaynarinfo)<\/p>\n","protected":false},"excerpt":{"rendered":"<p>Prezident \u0130lham \u018fliyev Az\u0259rbaycan Televiziyas\u0131na son m\u00fcsahib\u0259sind\u0259 44 g\u00fcnl\u00fck v\u0259t\u0259n m\u00fcharib\u0259sind\u0259n sonra \u00f6lk\u0259d\u0259 g\u00f6zl\u0259nil\u0259n keyfiyy\u0259t d\u0259yi\u015fiklikl\u0259rinin anonsunu verdi. Prezident ilk n\u00f6vb\u0259d\u0259 idar\u0259etm\u0259d\u0259 olan q\u00fcsurlar\u0131<\/p>\n","protected":false},"author":2,"featured_media":0,"comment_status":"closed","ping_status":"closed","sticky":false,"template":"","format":"standard","meta":{"footnotes":""},"categories":[3],"tags":[],"class_list":["post-27033","post","type-post","status-publish","format-standard","hentry","category-gundm"],"aioseo_notices":[],"_links":{"self":[{"href":"https:\/\/fedai.az\/index.php?rest_route=\/wp\/v2\/posts\/27033","targetHints":{"allow":["GET"]}}],"collection":[{"href":"https:\/\/fedai.az\/index.php?rest_route=\/wp\/v2\/posts"}],"about":[{"href":"https:\/\/fedai.az\/index.php?rest_route=\/wp\/v2\/types\/post"}],"author":[{"embeddable":true,"href":"https:\/\/fedai.az\/index.php?rest_route=\/wp\/v2\/users\/2"}],"replies":[{"embeddable":true,"href":"https:\/\/fedai.az\/index.php?rest_route=%2Fwp%2Fv2%2Fcomments&post=27033"}],"version-history":[{"count":1,"href":"https:\/\/fedai.az\/index.php?rest_route=\/wp\/v2\/posts\/27033\/revisions"}],"predecessor-version":[{"id":27035,"href":"https:\/\/fedai.az\/index.php?rest_route=\/wp\/v2\/posts\/27033\/revisions\/27035"}],"wp:attachment":[{"href":"https:\/\/fedai.az\/index.php?rest_route=%2Fwp%2Fv2%2Fmedia&parent=27033"}],"wp:term":[{"taxonomy":"category","embeddable":true,"href":"https:\/\/fedai.az\/index.php?rest_route=%2Fwp%2Fv2%2Fcategories&post=27033"},{"taxonomy":"post_tag","embeddable":true,"href":"https:\/\/fedai.az\/index.php?rest_route=%2Fwp%2Fv2%2Ftags&post=27033"}],"curies":[{"name":"wp","href":"https:\/\/api.w.org\/{rel}","templated":true}]}}