{"id":27039,"date":"2021-01-19T15:39:23","date_gmt":"2021-01-19T11:39:23","guid":{"rendered":"https:\/\/fedai.az\/?p=27039"},"modified":"2021-01-19T15:39:25","modified_gmt":"2021-01-19T11:39:25","slug":"prezident-isgaldan-azad-edil%c9%99n-%c9%99razil%c9%99rl%c9%99-bagli-f%c9%99rman-imzaladi","status":"publish","type":"post","link":"https:\/\/fedai.az\/?p=27039","title":{"rendered":"Prezident i\u015f\u011faldan azad edil\u0259n \u0259razil\u0259rl\u0259 ba\u011fl\u0131 F\u018fRMAN \u0130MZALADI"},"content":{"rendered":"\n<p><strong>Az\u0259rbaycan Respublikas\u0131 Prezidenti \u0130lham \u018fliyev \u0130\u015f\u011faldan azad edilmi\u015f \u0259razil\u0259rd\u0259 Az\u0259rbaycan Respublikas\u0131 Prezidentinin x\u00fcsusi n\u00fcmay\u0259nd\u0259l\u0259ri haqq\u0131nda f\u0259rman imzay\u0131b.<\/strong><\/p>\n\n\n\n<p>F\u0259rmana \u0259sas\u0259n, i\u015f\u011faldan azad edilmi\u015f \u0259razil\u0259rd\u0259 Az\u0259rbaycan Respublikas\u0131 Prezidentinin x\u00fcsusi n\u00fcmay\u0259nd\u0259likl\u0259ri t\u0259sis edilib.<\/p>\n\n\n\n<p>Az\u0259rbaycan Respublikas\u0131 Prezidentinin x\u00fcsusi n\u00fcmay\u0259nd\u0259likl\u0259rin\u0259 Az\u0259rbaycan Respublikas\u0131 Prezidenti t\u0259r\u0259find\u0259n v\u0259zif\u0259y\u0259 t\u0259yin v\u0259 v\u0259zif\u0259d\u0259n azad edil\u0259n v\u0259 birba\u015fa Az\u0259rbaycan Respublikas\u0131n\u0131n Prezidentin\u0259 tabe olan Az\u0259rbaycan Respublikas\u0131 Prezidentinin x\u00fcsusi n\u00fcmay\u0259nd\u0259l\u0259ri (bundan sonra \u2013 x\u00fcsusi n\u00fcmay\u0259nd\u0259) r\u0259hb\u0259rlik edirl\u0259r.<\/p>\n\n\n\n<p>M\u00fc\u0259yy\u0259n edilib ki:<\/p>\n\n\n\n<p>&#8212; x\u00fcsusi n\u00fcmay\u0259nd\u0259 Az\u0259rbaycan Respublikas\u0131 Prezidentinin m\u00fc\u0259yy\u0259n etdiyi \u0259razi h\u00fcdudlar\u0131nda Az\u0259rbaycan Respublikas\u0131n\u0131n Prezidentini t\u0259msil ed\u0259n v\u0259zif\u0259li \u015f\u0259xsdir;<\/p>\n\n\n\n<p>&#8212; x\u00fcsusi n\u00fcmay\u0259nd\u0259 Az\u0259rbaycan Respublikas\u0131 Prezidentinin m\u00fc\u0259yy\u0259n etdiyi \u0259razi h\u00fcdudlar\u0131nda Az\u0259rbaycan Respublikas\u0131 Prezidentinin m\u00fc\u0259yy\u0259n etdiyi s\u0259lahiyy\u0259tl\u0259ri h\u0259yata ke\u00e7irir.<\/p>\n\n\n\n<p>&nbsp;Az\u0259rbaycan Respublikas\u0131 Prezidentinin Administrasiyas\u0131 Az\u0259rbaycan Respublikas\u0131 Prezidentinin x\u00fcsusi n\u00fcmay\u0259nd\u0259likl\u0259ri haqq\u0131nda \u0259sasnam\u0259nin layih\u0259sini v\u0259 x\u00fcsusi n\u00fcmay\u0259nd\u0259likl\u0259rin f\u0259aliyy\u0259tinin t\u0259\u015fkilin\u0259 dair t\u0259klifl\u0259rini on be\u015f g\u00fcn m\u00fcdd\u0259tind\u0259 Az\u0259rbaycan Respublikas\u0131n\u0131n Prezidentin\u0259 t\u0259qdim etm\u0259lidir.<\/p>\n\n\n\n<p>Az\u0259rbaycan Respublikas\u0131n\u0131n Nazirl\u0259r Kabineti bu F\u0259rmandan ir\u0259li g\u0259l\u0259n m\u0259s\u0259l\u0259l\u0259ri h\u0259ll etm\u0259lidir.<\/p>\n","protected":false},"excerpt":{"rendered":"<p>Az\u0259rbaycan Respublikas\u0131 Prezidenti \u0130lham \u018fliyev \u0130\u015f\u011faldan azad edilmi\u015f \u0259razil\u0259rd\u0259 Az\u0259rbaycan Respublikas\u0131 Prezidentinin x\u00fcsusi n\u00fcmay\u0259nd\u0259l\u0259ri haqq\u0131nda f\u0259rman imzay\u0131b. F\u0259rmana \u0259sas\u0259n, i\u015f\u011faldan azad edilmi\u015f \u0259razil\u0259rd\u0259 Az\u0259rbaycan<\/p>\n","protected":false},"author":2,"featured_media":27040,"comment_status":"closed","ping_status":"closed","sticky":false,"template":"","format":"standard","meta":{"footnotes":""},"categories":[4],"tags":[],"class_list":["post-27039","post","type-post","status-publish","format-standard","has-post-thumbnail","hentry","category-qarabag"],"aioseo_notices":[],"_links":{"self":[{"href":"https:\/\/fedai.az\/index.php?rest_route=\/wp\/v2\/posts\/27039","targetHints":{"allow":["GET"]}}],"collection":[{"href":"https:\/\/fedai.az\/index.php?rest_route=\/wp\/v2\/posts"}],"about":[{"href":"https:\/\/fedai.az\/index.php?rest_route=\/wp\/v2\/types\/post"}],"author":[{"embeddable":true,"href":"https:\/\/fedai.az\/index.php?rest_route=\/wp\/v2\/users\/2"}],"replies":[{"embeddable":true,"href":"https:\/\/fedai.az\/index.php?rest_route=%2Fwp%2Fv2%2Fcomments&post=27039"}],"version-history":[{"count":1,"href":"https:\/\/fedai.az\/index.php?rest_route=\/wp\/v2\/posts\/27039\/revisions"}],"predecessor-version":[{"id":27041,"href":"https:\/\/fedai.az\/index.php?rest_route=\/wp\/v2\/posts\/27039\/revisions\/27041"}],"wp:featuredmedia":[{"embeddable":true,"href":"https:\/\/fedai.az\/index.php?rest_route=\/wp\/v2\/media\/27040"}],"wp:attachment":[{"href":"https:\/\/fedai.az\/index.php?rest_route=%2Fwp%2Fv2%2Fmedia&parent=27039"}],"wp:term":[{"taxonomy":"category","embeddable":true,"href":"https:\/\/fedai.az\/index.php?rest_route=%2Fwp%2Fv2%2Fcategories&post=27039"},{"taxonomy":"post_tag","embeddable":true,"href":"https:\/\/fedai.az\/index.php?rest_route=%2Fwp%2Fv2%2Ftags&post=27039"}],"curies":[{"name":"wp","href":"https:\/\/api.w.org\/{rel}","templated":true}]}}