{"id":27054,"date":"2021-01-20T01:34:34","date_gmt":"2021-01-19T21:34:34","guid":{"rendered":"https:\/\/fedai.az\/?p=27054"},"modified":"2021-01-20T11:15:10","modified_gmt":"2021-01-20T07:15:10","slug":"abs-dan-tarixi-b%c9%99yanat-turk-soyqirimini-tanidi","status":"publish","type":"post","link":"https:\/\/fedai.az\/?p=27054","title":{"rendered":"AB\u015e-dan TAR\u0130X\u0130 B\u018fYANAT \u2013 T\u00fcrk soyq\u0131r\u0131m\u0131n\u0131 TANIDI"},"content":{"rendered":"\n<p><strong>AB\u015e hakimiyy\u0259ti \u00c7inin Sinszyan-Uy\u011fur muxtar vilay\u0259tind\u0259ki h\u0259r\u0259k\u0259tl\u0259rini \u201csoyq\u0131r\u0131m\u201d v\u0259 \u201cinsanl\u0131q \u0259leyhin\u0259 cinay\u0259tl\u0259r\u201d hesab edir.<\/strong><\/p>\n\n\n\n<p>Bu b\u0259yanatla AB\u015e-\u0131n d\u00f6vl\u0259t katibi Maykl Pompeo \u00e7\u0131x\u0131\u015f edib.\u201c\u018fl\u00e7atan faktlar\u0131n d\u0259qiq \u00f6yr\u0259nilm\u0259sind\u0259n sonra m\u0259n bu n\u0259tic\u0259y\u0259 g\u0259ldim ki, \u00c7in Xalq Respublikas\u0131 \u0259n az\u0131 2017-ci ilin mart\u0131nda Sinzyanda insanl\u0131\u011fa qar\u015f\u0131 cinay\u0259tl\u0259r t\u00f6r\u0259dib. Bundan ba\u015fqa, bu n\u0259tic\u0259y\u0259 g\u0259ldim ki, \u00c7in Xalq Respublikas\u0131 orada soyq\u0131r\u0131m h\u0259yata ke\u00e7irirdi\u201d, \u2013 Pompeonun b\u0259yanat\u0131nda iddia edilir.<\/p>\n\n\n\n<p>\u00c7in Xalq Respublikas\u0131 hakimiyy\u0259ti daha \u0259vv\u0259l r\u0259smi Va\u015finqtonun Sinzyan Uy\u011fur muxtar vilay\u0259tind\u0259 yerli sakinl\u0259rin haqlar\u0131n\u0131n v\u0259 azadl\u0131qlar\u0131n\u0131n s\u0131x\u0131\u015fd\u0131r\u0131lmas\u0131 bar\u0259d\u0259 iddialar\u0131n\u0131 d\u0259f\u0259l\u0259rl\u0259 r\u0259dd edib.(Qazet.az)<\/p>\n","protected":false},"excerpt":{"rendered":"<p>AB\u015e hakimiyy\u0259ti \u00c7inin Sinszyan-Uy\u011fur muxtar vilay\u0259tind\u0259ki h\u0259r\u0259k\u0259tl\u0259rini \u201csoyq\u0131r\u0131m\u201d v\u0259 \u201cinsanl\u0131q \u0259leyhin\u0259 cinay\u0259tl\u0259r\u201d hesab edir. Bu b\u0259yanatla AB\u015e-\u0131n d\u00f6vl\u0259t katibi Maykl Pompeo \u00e7\u0131x\u0131\u015f edib.\u201c\u018fl\u00e7atan faktlar\u0131n<\/p>\n","protected":false},"author":2,"featured_media":27140,"comment_status":"closed","ping_status":"closed","sticky":false,"template":"","format":"standard","meta":{"footnotes":""},"categories":[13],"tags":[],"class_list":["post-27054","post","type-post","status-publish","format-standard","has-post-thumbnail","hentry","category-xarici"],"aioseo_notices":[],"_links":{"self":[{"href":"https:\/\/fedai.az\/index.php?rest_route=\/wp\/v2\/posts\/27054","targetHints":{"allow":["GET"]}}],"collection":[{"href":"https:\/\/fedai.az\/index.php?rest_route=\/wp\/v2\/posts"}],"about":[{"href":"https:\/\/fedai.az\/index.php?rest_route=\/wp\/v2\/types\/post"}],"author":[{"embeddable":true,"href":"https:\/\/fedai.az\/index.php?rest_route=\/wp\/v2\/users\/2"}],"replies":[{"embeddable":true,"href":"https:\/\/fedai.az\/index.php?rest_route=%2Fwp%2Fv2%2Fcomments&post=27054"}],"version-history":[{"count":1,"href":"https:\/\/fedai.az\/index.php?rest_route=\/wp\/v2\/posts\/27054\/revisions"}],"predecessor-version":[{"id":27056,"href":"https:\/\/fedai.az\/index.php?rest_route=\/wp\/v2\/posts\/27054\/revisions\/27056"}],"wp:featuredmedia":[{"embeddable":true,"href":"https:\/\/fedai.az\/index.php?rest_route=\/wp\/v2\/media\/27140"}],"wp:attachment":[{"href":"https:\/\/fedai.az\/index.php?rest_route=%2Fwp%2Fv2%2Fmedia&parent=27054"}],"wp:term":[{"taxonomy":"category","embeddable":true,"href":"https:\/\/fedai.az\/index.php?rest_route=%2Fwp%2Fv2%2Fcategories&post=27054"},{"taxonomy":"post_tag","embeddable":true,"href":"https:\/\/fedai.az\/index.php?rest_route=%2Fwp%2Fv2%2Ftags&post=27054"}],"curies":[{"name":"wp","href":"https:\/\/api.w.org\/{rel}","templated":true}]}}