{"id":27060,"date":"2021-01-20T01:44:25","date_gmt":"2021-01-19T21:44:25","guid":{"rendered":"https:\/\/fedai.az\/?p=27060"},"modified":"2021-01-20T01:44:28","modified_gmt":"2021-01-19T21:44:28","slug":"20-yanvar-hadis%c9%99l%c9%99rind%c9%99n-31-il-otur","status":"publish","type":"post","link":"https:\/\/fedai.az\/?p=27060","title":{"rendered":"20 Yanvar hadis\u0259l\u0259rind\u0259n 31 il \u00f6t\u00fcr"},"content":{"rendered":"\n<p><strong>Az\u0259rbaycan tarixin\u0259 Qanl\u0131 Yanvar faci\u0259si kimi daxil olmu\u015f 1990-c\u0131 il 20 Yanvar hadis\u0259l\u0259rinin ild\u00f6n\u00fcm\u00fcd\u00fcr.<\/strong><\/p>\n\n\n\n<p>\u201cReport\u201dun x\u0259b\u0259rin\u0259 g\u00f6r\u0259, Qanl\u0131 Yanvar hadis\u0259l\u0259rind\u0259n<strong>&nbsp;31 il&nbsp;<\/strong>\u00f6t\u00fcr.<\/p>\n\n\n\n<p>1987-ci ilin sonlar\u0131nda yenid\u0259n ortaya at\u0131lm\u0131\u015f qondarma&nbsp;<a href=\"http:\/\/report.az\/axtar%C4%B1%C5%9F\/Da%C4%9Fl%C4%B1q%20Qaraba%C4%9F\/\" target=\"_blank\" rel=\"noreferrer noopener\">Da\u011fl\u0131q Qaraba\u011f<\/a>&nbsp;problemi Az\u0259rbaycan\u0131n \u0259razi b\u00fct\u00f6vl\u00fcy\u00fcn\u00fcn pozulmas\u0131na, torpaqlar\u0131m\u0131z\u0131n i\u015f\u011fal\u0131na, Erm\u0259nistanda v\u0259 Da\u011fl\u0131q Qaraba\u011fda ya\u015fayan y\u00fcz minl\u0259rl\u0259 az\u0259rbaycanl\u0131n\u0131n \u00f6z do\u011fma yurdlar\u0131ndan qovulmas\u0131na y\u00f6n\u0259lmi\u015fdi. Ke\u00e7mi\u015f Sovet \u0130ttifaq\u0131n\u0131n iki respublikas\u0131 aras\u0131nda ba\u015flanan bu m\u00fcnaqi\u015f\u0259 XIX\u2013XX y\u00fczillikl\u0259rd\u0259 erm\u0259nil\u0259rin Az\u0259rbaycan torpaqlar\u0131nda ard\u0131c\u0131l m\u0259skunla\u015fd\u0131r\u0131lmas\u0131, habel\u0259 xalq\u0131m\u0131za qar\u015f\u0131 m\u0259qs\u0259dy\u00f6nl\u00fc \u015f\u0259kild\u0259 apar\u0131lm\u0131\u015f etnik t\u0259mizl\u0259m\u0259 v\u0259 soyq\u0131r\u0131m\u0131 siyas\u0259tinin n\u00f6vb\u0259ti m\u0259rh\u0259l\u0259si idi.<\/p>\n\n\n\n<p>Erm\u0259nistan SSR-in respublikam\u0131za \u0259razi iddialar\u0131na, radikal erm\u0259ni mill\u0259t\u00e7il\u0259ri t\u0259r\u0259find\u0259n q\u0131z\u0131\u015fd\u0131r\u0131lan separatizm\u0259 v\u0259 soyda\u015flar\u0131m\u0131z \u0259leyhin\u0259 t\u00f6r\u0259dil\u0259n k\u00fctl\u0259vi zorak\u0131l\u0131qlara SSR\u0130 r\u0259hb\u0259rliyinin bilavasit\u0259 v\u0259 ya dolay\u0131s\u0131 il\u0259 d\u0259st\u0259k verm\u0259si, habel\u0259 Az\u0259rbaycan\u0131n o zamank\u0131 r\u0259hb\u0259rl\u0259rinin cinay\u0259tkar q\u0259tiyy\u0259tsizliyi v\u0259 milli maraqlara zidd add\u0131mlar\u0131 xalq\u0131m\u0131z\u0131 respublikan\u0131n \u0259razi b\u00fct\u00f6vl\u00fcy\u00fcn\u00fcn qorunmas\u0131 namin\u0259 aya\u011fa qalxma\u011fa s\u00f6vq etdi. Bel\u0259likl\u0259, respublikada geni\u015f sosial spektrli xalq h\u0259r\u0259kat\u0131 yarand\u0131 v\u0259 prosesl\u0259rin gedi\u015fi onun t\u0259dric\u0259n milli azadl\u0131q h\u0259r\u0259kat\u0131na \u00e7evrilm\u0259sin\u0259 z\u0259min yaratd\u0131.<\/p>\n\n\n\n<p>Az\u0259rbaycan xalq\u0131n\u0131n haqq-\u0259dal\u0259tin b\u0259rq\u0259rar edilm\u0259si u\u011frunda s\u0259sini hidd\u0259tl\u0259 ucaldaraq imperiya buxovlar\u0131ndan bird\u0259f\u0259lik qurtulma\u011fa can atmas\u0131ndan t\u0259\u015fvi\u015f\u0259 d\u00fc\u015f\u0259n SSR\u0130 r\u0259hb\u0259rliyi, \u0259slind\u0259, sovet totalitar rejiminin s\u00fcqutunu daha da s\u00fcr\u0259tl\u0259ndir\u0259n m\u00fcdhi\u015f cinay\u0259t\u0259 \u0259l atd\u0131. M\u0259rk\u0259zi hakimiyy\u0259t 1990-c\u0131 il yanvar ay\u0131n\u0131n 19 dan 20-n\u0259 ke\u00e7\u0259n gec\u0259 beyn\u0259lxalq h\u00fcquq normalar\u0131n\u0131 v\u0259 \u00f6lk\u0259 qanunlar\u0131n\u0131 b\u00fcsb\u00fct\u00fcn tapdalamaqla, \u0259halini x\u0259b\u0259rdar etm\u0259d\u0259n Bak\u0131 \u015f\u0259h\u0259rind\u0259 f\u00f6vq\u0259lad\u0259 v\u0259ziyy\u0259tin t\u0259tbiqin\u0259 ba\u015flad\u0131. Sovet Ordusu hiss\u0259l\u0259rinin, x\u00fcsusi t\u0259yinatl\u0131 d\u0259st\u0259l\u0259rin, daxili qo\u015funlar\u0131n iri kontingentinin v\u0259 h\u0259tta SSR\u0130-nin erm\u0259nil\u0259rin s\u0131x ya\u015fad\u0131\u011f\u0131 dig\u0259r regionlar\u0131ndan olan ehtiyatdak\u0131 h\u0259rb\u00e7il\u0259rin i\u015ftirak\u0131 il\u0259 h\u0259yata ke\u00e7irilmi\u015f h\u0259rbi t\u0259cav\u00fcz n\u0259tic\u0259sind\u0259 paytaxtda dinc \u0259haliy\u0259 divan tutuldu, y\u00fczl\u0259rl\u0259 insan q\u0259tl\u0259 yetirildi, yaraland\u0131 v\u0259 itkin d\u00fc\u015fd\u00fc. H\u0259min q\u0259tliamdan bir g\u00fcn sonra, yanvar\u0131n 21-d\u0259 xalq\u0131m\u0131z\u0131n b\u00f6y\u00fck o\u011flu&nbsp;<a href=\"http:\/\/report.az\/persona\/heyd%C9%99r-%C9%99liyev\/\" target=\"_blank\" rel=\"noreferrer noopener\">Heyd\u0259r \u018fliyev<\/a>&nbsp;Az\u0259rbaycan\u0131n Moskvadak\u0131 Daimi N\u00fcmay\u0259nd\u0259liyin\u0259 ged\u0259r\u0259k Bak\u0131da k\u00fctl\u0259vi q\u0131r\u011f\u0131n t\u00f6r\u0259tmi\u015f SSR\u0130 hakimiyy\u0259tini v\u0259 Az\u0259rbaycan\u0131n yar\u0131tmaz r\u0259hb\u0259rliyini k\u0259skin ittiham ed\u0259n b\u0259yanat verdi. Az\u0259rbaycan xalq\u0131n\u0131n m\u0259ruz qald\u0131\u011f\u0131 bu d\u0259h\u015f\u0259tli v\u0259 amans\u0131z terroru d\u00fcnyan\u0131n m\u00fct\u0259r\u0259qqi q\u00fcvv\u0259l\u0259ri d\u0259 q\u0259tiyy\u0259tl\u0259 pisl\u0259di.<\/p>\n\n\n\n<p>Az\u0259rbaycanda vaxt\u0131nda d\u0259rind\u0259n ara\u015fd\u0131r\u0131lmayan v\u0259 adekvat qiym\u0259tini almayan faci\u0259y\u0259 yaln\u0131z bir ne\u00e7\u0259 il sonra \u00fcmummilli lider Heyd\u0259r \u018fliyevin t\u0259\u015f\u0259bb\u00fcs\u00fc il\u0259 d\u00f6vl\u0259t s\u0259viyy\u0259sind\u0259 siyasi-h\u00fcquqi qiym\u0259t verildi. Az\u0259rbaycan Respublikas\u0131 Prezidentinin \u201c20 Yanvar faci\u0259sinin 4-c\u00fc ild\u00f6n\u00fcm\u00fcn\u00fcn ke\u00e7irilm\u0259si haqq\u0131nda\u201d 1994 c\u00fc il 5 yanvar tarixli F\u0259rman\u0131nda Az\u0259rbaycan Respublikas\u0131n\u0131n Milli M\u0259clisin\u0259 Qanl\u0131 Yanvar hadis\u0259l\u0259ri il\u0259 ba\u011fl\u0131 x\u00fcsusi sessiyan\u0131n ke\u00e7irilm\u0259si m\u0259s\u0259l\u0259sin\u0259 baxmaq t\u00f6vsiy\u0259 edildi. Milli M\u0259clisin 1994-c\u00fc il mart\u0131n 29-da q\u0259bul etdiyi Q\u0259rarda 20 Yanvar faci\u0259sinin g\u00fcnahkarlar\u0131 konkret qeyd olundu v\u0259 bu qanl\u0131 aksiya Az\u0259rbaycanda milli azadl\u0131q h\u0259r\u0259kat\u0131n\u0131 bo\u011fmaq, xalq\u0131n inam\u0131n\u0131, irad\u0259sini q\u0131rmaq \u00fc\u00e7\u00fcn totalitar kommunist rejimi t\u0259r\u0259find\u0259n t\u00f6r\u0259dilmi\u015f h\u0259rbi t\u0259cav\u00fcz v\u0259 cinay\u0259t kimi qiym\u0259tl\u0259ndirildi.<\/p>\n\n\n\n<p>1990-c\u0131 ilin 20 yanvar\u0131nda Az\u0259rbaycan xalq\u0131 \u00f6z azadl\u0131\u011f\u0131 v\u0259 m\u00fcst\u0259qilliyi u\u011frunda \u00e7ox sayda \u015f\u0259hid verdi. Lakin onun irad\u0259si s\u0131nmad\u0131 v\u0259 milli ruhu sars\u0131lmad\u0131. H\u0259min q\u0131r\u011f\u0131n zaman\u0131 \u00fcmummilli m\u0259nafel\u0259rin m\u00fcdafi\u0259si namin\u0259 canlar\u0131ndan ke\u00e7mi\u015f v\u0259 \u015f\u0259hidlik zirv\u0259sin\u0259 ucalm\u0131\u015f V\u0259t\u0259n \u00f6vladlar\u0131 misilsiz f\u0259dakarl\u0131qlar\u0131 il\u0259 xalq\u0131m\u0131z\u0131n q\u0259hr\u0259manl\u0131q salnam\u0259sin\u0259 yeni parlaq s\u0259hif\u0259 yazd\u0131lar.<\/p>\n\n\n\n<p>H\u0259r il 20 Yanvar Az\u0259rbaycanda \u00dcmumxalq H\u00fczn G\u00fcn\u00fc olaraq qeyd edilir.<\/p>\n\n\n\n<p>Koronavirus infeksiyas\u0131n\u0131n geni\u015f yay\u0131lmas\u0131n\u0131n qar\u015f\u0131s\u0131n\u0131 almaq m\u0259qs\u0259di il\u0259 haz\u0131rda \u00f6lk\u0259d\u0259 t\u0259tbiq edil\u0259n s\u0259rt karantin rejiminin t\u0259l\u0259bl\u0259rin\u0259 uy\u011fun olaraq b\u00fct\u00fcn k\u00fctl\u0259vi t\u0259dbirl\u0259r v\u0259 toplant\u0131lar qada\u011fand\u0131r. Bunu n\u0259z\u0259r\u0259 alaraq bu il 20 Yanvar &#8212; \u00dcmumxalq H\u00fczn G\u00fcn\u00fc il\u0259 \u0259laq\u0259dar \u015e\u0259hidl\u0259r Xiyaban\u0131n\u0131 v\u0259t\u0259nda\u015flar\u0131n ziyar\u0259ti \u0259vv\u0259lki ill\u0259rd\u0259n f\u0259rqli t\u0259\u015fkil edil\u0259c\u0259k.<\/p>\n\n\n\n<p>Bel\u0259 ki, Xiyabana g\u0259lm\u0259k ist\u0259y\u0259n ziyar\u0259t\u00e7il\u0259r m\u00fctl\u0259q qaydada tibbi maskadan istifad\u0259 etm\u0259li v\u0259 sosial m\u0259saf\u0259nin qorunmas\u0131 \u00fc\u00e7\u00fcn be\u015f n\u0259f\u0259rd\u0259n art\u0131q qruplarda topla\u015fmamal\u0131d\u0131rlar. Ona g\u00f6r\u0259 d\u0259 v\u0259t\u0259nda\u015flar xiyabana be\u015f n\u0259f\u0259rlik qruplarla daxil olacaq v\u0259 dayanmadan ziyar\u0259tl\u0259rini ba\u015fa vurub \u0259razid\u0259n \u00e7\u0131xacaqlar. Xiyaban\u0131n daxilind\u0259 v\u0259 k\u0259narda insanlar\u0131n topla\u015fmas\u0131 yolverilm\u0259zdir. Ziyar\u0259t\u0259 g\u0259l\u0259nl\u0259rin t\u0259hl\u00fck\u0259siz h\u0259r\u0259k\u0259tl\u0259rini t\u0259min etm\u0259k m\u0259qs\u0259dil\u0259 \u015e\u0259hidl\u0259r Xiyaban\u0131 istiqam\u0259tind\u0259 olan k\u00fc\u00e7\u0259 v\u0259 prospektl\u0259rd\u0259 n\u0259qliyyat\u0131n h\u0259r\u0259k\u0259ti m\u0259hdudla\u015fd\u0131r\u0131lacaq.<\/p>\n","protected":false},"excerpt":{"rendered":"<p>Az\u0259rbaycan tarixin\u0259 Qanl\u0131 Yanvar faci\u0259si kimi daxil olmu\u015f 1990-c\u0131 il 20 Yanvar hadis\u0259l\u0259rinin ild\u00f6n\u00fcm\u00fcd\u00fcr. \u201cReport\u201dun x\u0259b\u0259rin\u0259 g\u00f6r\u0259, Qanl\u0131 Yanvar hadis\u0259l\u0259rind\u0259n&nbsp;31 il&nbsp;\u00f6t\u00fcr. 1987-ci ilin sonlar\u0131nda<\/p>\n","protected":false},"author":2,"featured_media":0,"comment_status":"closed","ping_status":"closed","sticky":false,"template":"","format":"standard","meta":{"footnotes":""},"categories":[3],"tags":[],"class_list":["post-27060","post","type-post","status-publish","format-standard","hentry","category-gundm"],"aioseo_notices":[],"_links":{"self":[{"href":"https:\/\/fedai.az\/index.php?rest_route=\/wp\/v2\/posts\/27060","targetHints":{"allow":["GET"]}}],"collection":[{"href":"https:\/\/fedai.az\/index.php?rest_route=\/wp\/v2\/posts"}],"about":[{"href":"https:\/\/fedai.az\/index.php?rest_route=\/wp\/v2\/types\/post"}],"author":[{"embeddable":true,"href":"https:\/\/fedai.az\/index.php?rest_route=\/wp\/v2\/users\/2"}],"replies":[{"embeddable":true,"href":"https:\/\/fedai.az\/index.php?rest_route=%2Fwp%2Fv2%2Fcomments&post=27060"}],"version-history":[{"count":1,"href":"https:\/\/fedai.az\/index.php?rest_route=\/wp\/v2\/posts\/27060\/revisions"}],"predecessor-version":[{"id":27061,"href":"https:\/\/fedai.az\/index.php?rest_route=\/wp\/v2\/posts\/27060\/revisions\/27061"}],"wp:attachment":[{"href":"https:\/\/fedai.az\/index.php?rest_route=%2Fwp%2Fv2%2Fmedia&parent=27060"}],"wp:term":[{"taxonomy":"category","embeddable":true,"href":"https:\/\/fedai.az\/index.php?rest_route=%2Fwp%2Fv2%2Fcategories&post=27060"},{"taxonomy":"post_tag","embeddable":true,"href":"https:\/\/fedai.az\/index.php?rest_route=%2Fwp%2Fv2%2Ftags&post=27060"}],"curies":[{"name":"wp","href":"https:\/\/api.w.org\/{rel}","templated":true}]}}