{"id":27069,"date":"2021-01-20T02:01:29","date_gmt":"2021-01-19T22:01:29","guid":{"rendered":"https:\/\/fedai.az\/?p=27069"},"modified":"2021-01-20T02:01:30","modified_gmt":"2021-01-19T22:01:30","slug":"prezident-facebookda-20-yanvar-faci%c9%99sinin-ildonumu-il%c9%99-bagli-paylasim-edib","status":"publish","type":"post","link":"https:\/\/fedai.az\/?p=27069","title":{"rendered":"Prezident facebookda 20 Yanvar faci\u0259sinin ild\u00f6n\u00fcm\u00fc il\u0259 ba\u011fl\u0131 payla\u015f\u0131m edib"},"content":{"rendered":"\n<p>Az\u0259rbaycan Respublikas\u0131n\u0131n Prezident \u0130lham \u018fliyev\u00a0facebookdak\u0131 s\u0259hif\u0259sind\u0259 <strong>20 Yanvar<\/strong> faci\u0259sinin 31-ci ild\u00f6n\u00fcm\u00fc il\u0259 ba\u011fl\u0131 payla\u015f\u0131m edib.<\/p>\n\n\n\n<p>Payla\u015f\u0131mda &#171;<strong><em>Milli irad\u0259mizin z\u0259f\u0259r \u00e7ald\u0131\u011f\u0131 g\u00fcn &#8212; 20 Yanvar<\/em><\/strong>&#187; s\u00f6zl\u0259ri qeyd olunub.<\/p>\n\n\n\n<p>Qeyd ed\u0259k ki, sabah tariximiz\u0259 Qanl\u0131 Yanvar faci\u0259si kimi daxil olmu\u015f 1990-c\u0131 il 20 Yanvar hadis\u0259l\u0259rinin ild\u00f6n\u00fcm\u00fcd\u00fcr. 20 Yanvar hadis\u0259l\u0259rind\u0259n<strong>&nbsp;31 il&nbsp;<\/strong>\u00f6t\u00fcr.<\/p>\n\n\n\n<figure class=\"wp-block-image size-large\"><img decoding=\"async\" src=\"https:\/\/fedai.az\/wp-content\/uploads\/2021\/01\/5020736d-2b43-3cc6-a5d4-a3818a3f9f2a-1024x1024.jpg\" alt=\"\" class=\"wp-image-27070\"\/><\/figure>\n","protected":false},"excerpt":{"rendered":"<p>Az\u0259rbaycan Respublikas\u0131n\u0131n Prezident \u0130lham \u018fliyev\u00a0facebookdak\u0131 s\u0259hif\u0259sind\u0259 20 Yanvar faci\u0259sinin 31-ci ild\u00f6n\u00fcm\u00fc il\u0259 ba\u011fl\u0131 payla\u015f\u0131m edib. Payla\u015f\u0131mda &#171;Milli irad\u0259mizin z\u0259f\u0259r \u00e7ald\u0131\u011f\u0131 g\u00fcn &#8212; 20 Yanvar&#187;<\/p>\n","protected":false},"author":2,"featured_media":0,"comment_status":"closed","ping_status":"closed","sticky":false,"template":"","format":"standard","meta":{"footnotes":""},"categories":[3],"tags":[],"class_list":["post-27069","post","type-post","status-publish","format-standard","hentry","category-gundm"],"aioseo_notices":[],"_links":{"self":[{"href":"https:\/\/fedai.az\/index.php?rest_route=\/wp\/v2\/posts\/27069","targetHints":{"allow":["GET"]}}],"collection":[{"href":"https:\/\/fedai.az\/index.php?rest_route=\/wp\/v2\/posts"}],"about":[{"href":"https:\/\/fedai.az\/index.php?rest_route=\/wp\/v2\/types\/post"}],"author":[{"embeddable":true,"href":"https:\/\/fedai.az\/index.php?rest_route=\/wp\/v2\/users\/2"}],"replies":[{"embeddable":true,"href":"https:\/\/fedai.az\/index.php?rest_route=%2Fwp%2Fv2%2Fcomments&post=27069"}],"version-history":[{"count":1,"href":"https:\/\/fedai.az\/index.php?rest_route=\/wp\/v2\/posts\/27069\/revisions"}],"predecessor-version":[{"id":27072,"href":"https:\/\/fedai.az\/index.php?rest_route=\/wp\/v2\/posts\/27069\/revisions\/27072"}],"wp:attachment":[{"href":"https:\/\/fedai.az\/index.php?rest_route=%2Fwp%2Fv2%2Fmedia&parent=27069"}],"wp:term":[{"taxonomy":"category","embeddable":true,"href":"https:\/\/fedai.az\/index.php?rest_route=%2Fwp%2Fv2%2Fcategories&post=27069"},{"taxonomy":"post_tag","embeddable":true,"href":"https:\/\/fedai.az\/index.php?rest_route=%2Fwp%2Fv2%2Ftags&post=27069"}],"curies":[{"name":"wp","href":"https:\/\/api.w.org\/{rel}","templated":true}]}}