{"id":27082,"date":"2021-01-20T02:31:24","date_gmt":"2021-01-19T22:31:24","guid":{"rendered":"https:\/\/fedai.az\/?p=27082"},"modified":"2021-01-20T02:31:27","modified_gmt":"2021-01-19T22:31:27","slug":"iran-sirk%c9%99tl%c9%99ri-qarabagin-b%c9%99rpasinda-istirak-etm%c9%99k-ist%c9%99yir","status":"publish","type":"post","link":"https:\/\/fedai.az\/?p=27082","title":{"rendered":"\u0130ran \u015firk\u0259tl\u0259ri Qaraba\u011f\u0131n b\u0259rpas\u0131nda i\u015ftirak etm\u0259k ist\u0259yir"},"content":{"rendered":"\n<p><strong>\u0130ran r\u0259smisi Mahmud Vaezi deyib ki, \u0130ran \u015firk\u0259tl\u0259ri Qaraba\u011f\u0131n b\u0259rpas\u0131nda i\u015ftirak etm\u0259y\u0259 haz\u0131rd\u0131.<\/strong><\/p>\n\n\n\n<p>\u0130ran Prezident Administrasiyas\u0131n\u0131n r\u0259hb\u0259ri Mahmud Vaezinin Tehranda s\u0259f\u0259rd\u0259 olan Az\u0259rbaycan\u0131n Ba\u015f nazirinin m\u00fcavini \u015eahin Mustafayevl\u0259 g\u00f6r\u00fc\u015f\u00fcnd\u0259 vur\u011fulan\u0131b ki, Qaraba\u011f\u0131n i\u015f\u011faldan azad edilm\u0259sind\u0259n sonra regionda yaranan yeni imkanlar region d\u00f6vl\u0259tl\u0259rinin qar\u015f\u0131l\u0131ql\u0131 iqtisadi \u0259laq\u0259l\u0259r qurmas\u0131 \u00fc\u00e7\u00fcn geni\u015f imkanlar meydana \u00e7\u0131xar\u0131b.<\/p>\n\n\n\n<p>Az\u0259rtac x\u0259b\u0259r verir ki, bu g\u00f6r\u00fc\u015fd\u0259 Mahmud Vaezi \u0130ran\u0131n &#171;h\u0259r zaman Az\u0259rbaycan\u0131n \u0259razi b\u00fct\u00f6vl\u00fcy\u00fcn\u00fc tan\u0131d\u0131\u011f\u0131n\u0131&#187; v\u0259 Az\u0259rbaycan rayonlar\u0131n\u0131n &#171;i\u015f\u011faldan azad olmas\u0131n\u0131n sevindirici oldu\u011funu&#187; deyib.<\/p>\n\n\n\n<p>G\u00f6r\u00fc\u015fd\u0259 Bak\u0131-Nax\u00e7\u0131van d\u0259mir yolunun yenid\u0259n qurularaq istismara verilm\u0259sinin Rusiya, Az\u0259rbaycan, \u0130ran, T\u00fcrkiy\u0259 v\u0259 Erm\u0259nistan\u0131n bir-biril\u0259ri il\u0259 iqtisadi-ticar\u0259t \u0259laq\u0259l\u0259ri yaratmas\u0131na imkan\u0131 ver\u0259c\u0259yind\u0259n b\u0259hs edilib.<\/p>\n\n\n\n<p>\u0130ran v\u0259 Az\u0259rbaycan r\u0259smil\u0259ri n\u0259qliyyat v\u0259 tranzit sah\u0259sind\u0259 faydal\u0131 \u0259m\u0259kda\u015fl\u0131q \u0259laq\u0259l\u0259rinin qurulaca\u011f\u0131n\u0131 vur\u011fulay\u0131blar.<\/p>\n","protected":false},"excerpt":{"rendered":"<p>\u0130ran r\u0259smisi Mahmud Vaezi deyib ki, \u0130ran \u015firk\u0259tl\u0259ri Qaraba\u011f\u0131n b\u0259rpas\u0131nda i\u015ftirak etm\u0259y\u0259 haz\u0131rd\u0131. \u0130ran Prezident Administrasiyas\u0131n\u0131n r\u0259hb\u0259ri Mahmud Vaezinin Tehranda s\u0259f\u0259rd\u0259 olan Az\u0259rbaycan\u0131n Ba\u015f<\/p>\n","protected":false},"author":2,"featured_media":27083,"comment_status":"closed","ping_status":"closed","sticky":false,"template":"","format":"standard","meta":{"footnotes":""},"categories":[4],"tags":[],"class_list":["post-27082","post","type-post","status-publish","format-standard","has-post-thumbnail","hentry","category-qarabag"],"aioseo_notices":[],"_links":{"self":[{"href":"https:\/\/fedai.az\/index.php?rest_route=\/wp\/v2\/posts\/27082","targetHints":{"allow":["GET"]}}],"collection":[{"href":"https:\/\/fedai.az\/index.php?rest_route=\/wp\/v2\/posts"}],"about":[{"href":"https:\/\/fedai.az\/index.php?rest_route=\/wp\/v2\/types\/post"}],"author":[{"embeddable":true,"href":"https:\/\/fedai.az\/index.php?rest_route=\/wp\/v2\/users\/2"}],"replies":[{"embeddable":true,"href":"https:\/\/fedai.az\/index.php?rest_route=%2Fwp%2Fv2%2Fcomments&post=27082"}],"version-history":[{"count":1,"href":"https:\/\/fedai.az\/index.php?rest_route=\/wp\/v2\/posts\/27082\/revisions"}],"predecessor-version":[{"id":27084,"href":"https:\/\/fedai.az\/index.php?rest_route=\/wp\/v2\/posts\/27082\/revisions\/27084"}],"wp:featuredmedia":[{"embeddable":true,"href":"https:\/\/fedai.az\/index.php?rest_route=\/wp\/v2\/media\/27083"}],"wp:attachment":[{"href":"https:\/\/fedai.az\/index.php?rest_route=%2Fwp%2Fv2%2Fmedia&parent=27082"}],"wp:term":[{"taxonomy":"category","embeddable":true,"href":"https:\/\/fedai.az\/index.php?rest_route=%2Fwp%2Fv2%2Fcategories&post=27082"},{"taxonomy":"post_tag","embeddable":true,"href":"https:\/\/fedai.az\/index.php?rest_route=%2Fwp%2Fv2%2Ftags&post=27082"}],"curies":[{"name":"wp","href":"https:\/\/api.w.org\/{rel}","templated":true}]}}