{"id":2798,"date":"2020-03-20T10:56:23","date_gmt":"2020-03-20T06:56:23","guid":{"rendered":"http:\/\/fedai.az\/?p=2798"},"modified":"2020-03-20T10:56:29","modified_gmt":"2020-03-20T06:56:29","slug":"turkun-ibr%c9%99t-tarixc%c9%99si","status":"publish","type":"post","link":"https:\/\/fedai.az\/?p=2798","title":{"rendered":"T\u00fcrk\u00fcn ibr\u0259t tarix\u00e7\u0259si"},"content":{"rendered":"\n<p> Bir zamanlar Avropa fatehi, Roma papas\u0131n\u0131 qar\u015f\u0131lar\u0131nda diz \u00e7\u00f6kd\u00fcr\u0259n avar-t\u00fcrkl\u0259rinin t\u0259n\u0259zz\u00fcl\u00fc ac\u0131 bir sonluqla qurtard\u0131.<\/p>\n\n\n\n<p>XI \u0259sr Bizans m\u0259nb\u0259l\u0259rind\u0259n g\u00fcn\u00fcm\u00fcz\u0259 bel\u0259 bir r\u0259vay\u0259t g\u0259lib \u00e7at\u0131b (\u0130.Erdeli Avar\u0131): &#171;M\u0259\u011flub edildikd\u0259n sonra ke\u00e7mi\u015f avar d\u00f6y\u00fc\u015f\u00e7\u00fcl\u0259ri Krum xan\u0131n \u0259sirliyind\u0259 idil\u0259r. Bir g\u00fcn xan soru\u015fdu: &#171;Sizin r\u0259hb\u0259rl\u0259r v\u0259 sizin xalq niy\u0259 t\u0259n\u0259zz\u00fcl etdi?&#187;<\/p>\n\n\n\n<p>Ke\u00e7mi\u015f d\u00f6y\u00fc\u015f\u00e7\u00fcl\u0259rd\u0259n \u0259n ya\u015fl\u0131s\u0131 dedi: &#171;<strong>Birincisi<\/strong>, Xaqan\u0131 do\u011fru-d\u00fcr\u00fcst m\u0259sl\u0259h\u0259t\u00e7il\u0259rd\u0259n m\u0259rhum ed\u0259n m\u00fcbahis\u0259l\u0259r n\u0259tic\u0259sind\u0259 hakimiyy\u0259t vicdans\u0131z adamlar\u0131n \u0259lin\u0259 d\u00fc\u015fd\u00fc.<\/p>\n\n\n\n<p><strong>\u0130kincisi<\/strong>,hakiml\u0259rin \u00f6zba\u015f\u0131nal\u0131\u011f\u0131 n\u0259tic\u0259sind\u0259 xalq h\u0259qiq\u0259td\u0259n uzaq d\u00fc\u015fd\u00fc.Hakiml\u0259r yaltaql\u0131q v\u0259 o\u011furluqla m\u0259\u015f\u011ful idil\u0259r.<\/p>\n\n\n\n<p><strong>\u00dc\u00e7\u00fcnc\u00fcs\u00fc<\/strong>, k\u00fctl\u0259vi s\u0259rxo\u015fluq n\u0259tic\u0259sind\u0259 sa\u011flam d\u00fc\u015f\u00fcnc\u0259ni, fiziki sa\u011flaml\u0131\u011f\u0131m\u0131z\u0131 itirdik, ba\u015flar\u0131 al-ver\u0259 qar\u0131\u015fan avarlar tacirl\u0259r\u0259 \u00e7evrildil\u0259r. Bir-birini aldatmaqla yana\u015f\u0131, qarda\u015f qarda\u015f\u0131 satd\u0131. B\u00fct\u00fcn bunlar bizim x\u0259cal\u0259tli b\u0259db\u0259xtlikl\u0259rl\u0259 dolu sonlu\u011fumuza s\u0259b\u0259b oldu&#187;&#8230;<\/p>\n","protected":false},"excerpt":{"rendered":"<p>Bir zamanlar Avropa fatehi, Roma papas\u0131n\u0131 qar\u015f\u0131lar\u0131nda diz \u00e7\u00f6kd\u00fcr\u0259n avar-t\u00fcrkl\u0259rinin t\u0259n\u0259zz\u00fcl\u00fc ac\u0131 bir sonluqla qurtard\u0131. XI \u0259sr Bizans m\u0259nb\u0259l\u0259rind\u0259n g\u00fcn\u00fcm\u00fcz\u0259 bel\u0259 bir r\u0259vay\u0259t g\u0259lib<\/p>\n","protected":false},"author":2,"featured_media":0,"comment_status":"closed","ping_status":"closed","sticky":false,"template":"","format":"standard","meta":{"footnotes":""},"categories":[7],"tags":[],"class_list":["post-2798","post","type-post","status-publish","format-standard","hentry","category-tarix"],"aioseo_notices":[],"_links":{"self":[{"href":"https:\/\/fedai.az\/index.php?rest_route=\/wp\/v2\/posts\/2798","targetHints":{"allow":["GET"]}}],"collection":[{"href":"https:\/\/fedai.az\/index.php?rest_route=\/wp\/v2\/posts"}],"about":[{"href":"https:\/\/fedai.az\/index.php?rest_route=\/wp\/v2\/types\/post"}],"author":[{"embeddable":true,"href":"https:\/\/fedai.az\/index.php?rest_route=\/wp\/v2\/users\/2"}],"replies":[{"embeddable":true,"href":"https:\/\/fedai.az\/index.php?rest_route=%2Fwp%2Fv2%2Fcomments&post=2798"}],"version-history":[{"count":1,"href":"https:\/\/fedai.az\/index.php?rest_route=\/wp\/v2\/posts\/2798\/revisions"}],"predecessor-version":[{"id":2800,"href":"https:\/\/fedai.az\/index.php?rest_route=\/wp\/v2\/posts\/2798\/revisions\/2800"}],"wp:attachment":[{"href":"https:\/\/fedai.az\/index.php?rest_route=%2Fwp%2Fv2%2Fmedia&parent=2798"}],"wp:term":[{"taxonomy":"category","embeddable":true,"href":"https:\/\/fedai.az\/index.php?rest_route=%2Fwp%2Fv2%2Fcategories&post=2798"},{"taxonomy":"post_tag","embeddable":true,"href":"https:\/\/fedai.az\/index.php?rest_route=%2Fwp%2Fv2%2Ftags&post=2798"}],"curies":[{"name":"wp","href":"https:\/\/api.w.org\/{rel}","templated":true}]}}