{"id":284,"date":"2020-01-24T10:32:19","date_gmt":"2020-01-24T06:32:19","guid":{"rendered":"http:\/\/fedai.az\/?p=284"},"modified":"2020-01-24T10:32:21","modified_gmt":"2020-01-24T06:32:21","slug":"pensiyalar-n%c9%99-q%c9%99d%c9%99r-artacaq","status":"publish","type":"post","link":"https:\/\/fedai.az\/?p=284","title":{"rendered":"Pensiyalar n\u0259 q\u0259d\u0259r artacaq?"},"content":{"rendered":"\n<p> \u018fm\u0259k v\u0259 \u018fhalinin Sosial M\u00fcdafi\u0259si naziri Sahil Babayev 2019-cu ild\u0259 orta ayl\u0131q pensiyan\u0131n 15 faiz, o c\u00fcml\u0259d\u0259n ya\u015fa g\u00f6r\u0259 pensiyan\u0131n 15 faiz, \u0259lilliy\u0259 g\u00f6r\u0259 pensiyan\u0131n 22 faiz artd\u0131\u011f\u0131n\u0131, bu ay \u0259rzind\u0259 indeksl\u0259\u015fdirm\u0259 n\u0259tic\u0259sind\u0259 \u00f6lk\u0259d\u0259 pensiyalarda n\u00f6vb\u0259ti art\u0131m\u0131n edil\u0259c\u0259yini deyib. <\/p>\n\n\n\n<p>Ald\u0131\u011f\u0131m\u0131z m\u0259lumata g\u00f6r\u0259,  pensiya kapital\u0131 da \u00f6t\u0259nilki inflyasiya s\u0259viyy\u0259sin\u0259 uy\u011fun indeksl\u0259\u015fdiril\u0259c\u0259k. <\/p>\n\n\n\n<p>Xat\u0131rladaq ki,  2019-cu ild\u0259 r\u0259smi statistik m\u0259lumatlarda Az\u0259rbaycanda inflyasiyan\u0131n s\u0259viyy\u0259si 2,6 faiz t\u0259\u015fkil edib. <\/p>\n\n\n\n<p>E. S\u0259lim<\/p>\n","protected":false},"excerpt":{"rendered":"<p>\u018fm\u0259k v\u0259 \u018fhalinin Sosial M\u00fcdafi\u0259si naziri Sahil Babayev 2019-cu ild\u0259 orta ayl\u0131q pensiyan\u0131n 15 faiz, o c\u00fcml\u0259d\u0259n ya\u015fa g\u00f6r\u0259 pensiyan\u0131n 15 faiz, \u0259lilliy\u0259 g\u00f6r\u0259<\/p>\n","protected":false},"author":2,"featured_media":0,"comment_status":"closed","ping_status":"closed","sticky":false,"template":"","format":"standard","meta":{"footnotes":""},"categories":[12],"tags":[],"class_list":["post-284","post","type-post","status-publish","format-standard","hentry","category-sosial"],"aioseo_notices":[],"_links":{"self":[{"href":"https:\/\/fedai.az\/index.php?rest_route=\/wp\/v2\/posts\/284","targetHints":{"allow":["GET"]}}],"collection":[{"href":"https:\/\/fedai.az\/index.php?rest_route=\/wp\/v2\/posts"}],"about":[{"href":"https:\/\/fedai.az\/index.php?rest_route=\/wp\/v2\/types\/post"}],"author":[{"embeddable":true,"href":"https:\/\/fedai.az\/index.php?rest_route=\/wp\/v2\/users\/2"}],"replies":[{"embeddable":true,"href":"https:\/\/fedai.az\/index.php?rest_route=%2Fwp%2Fv2%2Fcomments&post=284"}],"version-history":[{"count":1,"href":"https:\/\/fedai.az\/index.php?rest_route=\/wp\/v2\/posts\/284\/revisions"}],"predecessor-version":[{"id":286,"href":"https:\/\/fedai.az\/index.php?rest_route=\/wp\/v2\/posts\/284\/revisions\/286"}],"wp:attachment":[{"href":"https:\/\/fedai.az\/index.php?rest_route=%2Fwp%2Fv2%2Fmedia&parent=284"}],"wp:term":[{"taxonomy":"category","embeddable":true,"href":"https:\/\/fedai.az\/index.php?rest_route=%2Fwp%2Fv2%2Fcategories&post=284"},{"taxonomy":"post_tag","embeddable":true,"href":"https:\/\/fedai.az\/index.php?rest_route=%2Fwp%2Fv2%2Ftags&post=284"}],"curies":[{"name":"wp","href":"https:\/\/api.w.org\/{rel}","templated":true}]}}