{"id":2863,"date":"2020-03-22T00:56:34","date_gmt":"2020-03-21T20:56:34","guid":{"rendered":"http:\/\/fedai.az\/?p=2863"},"modified":"2020-03-22T00:56:39","modified_gmt":"2020-03-21T20:56:39","slug":"avmvib-mubariz-m%c9%99nsimovun-h%c9%99bsind%c9%99n-narahatdir","status":"publish","type":"post","link":"https:\/\/fedai.az\/?p=2863","title":{"rendered":"AVMV\u0130B M\u00fcbariz M\u0259nsimovun h\u0259bsind\u0259n narahatd\u0131r"},"content":{"rendered":"\n<p>T\u00fcrkiy\u0259 Respublikas\u0131n\u0131n v\u0259t\u0259nda\u015f\u0131, soyda\u015f\u0131m\u0131z M\u00fcbariz Qurbano\u011flu M\u0259nsimov bar\u0259d\u0259 T\u00fcrkiy\u0259 Respublikas\u0131 m\u0259hk\u0259m\u0259sinin se\u00e7mi\u015f oldu\u011fu h\u0259bs q\u0259ti-imkan t\u0259dbiri Az\u0259rbaycan V\u0259t\u0259n M\u00fcharib\u0259si Veteranlar\u0131 \u0130ctimai Birliyinin h\u0259r bir \u00fczv\u00fcn\u00fc narahat edir.<\/p>\n\n\n\n<p>M\u0259n 20 il istintaqda i\u015fl\u0259mi\u015f sabiq bir m\u00fcst\u0259ntiq kimi dey\u0259 bil\u0259r\u0259m ki, sosial \u015f\u0259b\u0259k\u0259l\u0259rd\u0259 qeyd edil\u0259n M. M\u0259nsimovun FET\u00d6 t\u0259\u015fkilat\u0131na aid olan \u015f\u0259xsl\u0259rl\u0259 s\u00f6hb\u0259t etm\u0259si, onlarla z\u0259ngl\u0259\u015fm\u0259si v\u0259 ya onlarla h\u0259r-hans\u0131 bir foto\u015f\u0259kill\u0259rinin olmas\u0131 M. M\u0259simovun \u0259m\u0259lind\u0259 \u00abTerror\u00e7uluq\u00bb cinay\u0259tinin \u0259lam\u0259tl\u0259rinin olmas\u0131n\u0131 g\u00f6st\u0259rmir. Bel\u0259 ki, terror\u00e7uluq n\u0259dir?<\/p>\n\n\n\n<p>\u00abTerror\u00e7uluq, y\u0259ni ictimai t\u0259hl\u00fck\u0259sizliyi pozmaq, \u0259hali aras\u0131nda vahim\u0259 yaratmaq yaxud d\u00f6vl\u0259t hakimyy\u0259ti orqanlar\u0131 v\u0259 ya beyn\u0259lxalq t\u0259\u015fkilatlar t\u0259r\u0259find\u0259n q\u0259rar q\u0259bul edilm\u0259sin\u0259 t\u0259sir g\u00f6st\u0259rm\u0259k m\u0259qs\u0259dil\u0259 insanlar\u0131n h\u0259lak olmas\u0131, onlar\u0131n sa\u011flaml\u0131qlar\u0131na z\u0259r\u0259r vurulmas\u0131, \u0259h\u0259miyy\u0259tli \u0259mlak ziyan\u0131n\u0131n vurulmas\u0131 v\u0259 ya ba\u015fqa ictimai t\u0259hl\u00fck\u0259li n\u0259tic\u0259l\u0259rin ba\u015f verm\u0259si t\u0259hl\u00fck\u0259si yaradan partlay\u0131\u015f, yan\u011f\u0131n v\u0259 ya dig\u0259r h\u0259r\u0259k\u0259tl\u0259r t\u00f6r\u0259tm\u0259, habel\u0259 h\u0259min m\u0259qs\u0259dl\u0259 bu c\u00fcr h\u0259r\u0259k\u0259tl\u0259rin t\u00f6r\u0259dil\u0259c\u0259yi il\u0259 h\u0259d\u0259l\u0259m\u0259dir\u00bb.<\/p>\n\n\n\n<p>Yuxar\u0131da qeyd edil\u0259nl\u0259r \u00abTerror\u00e7uluq\u00bb cinay\u0259tinin t\u00f6r\u0259dilm\u0259si \u00fc\u00e7\u00fcn n\u0259z\u0259rd\u0259 tutulmu\u015f \u0259lam\u0259tl\u0259rdir. Bu \u0259lam\u0259tl\u0259rin he\u00e7 birisi M. M\u0259nsimovun \u0259m\u0259lind\u0259 olmamas\u0131 g\u00fcn kimi ayd\u0131nd\u0131r.<\/p>\n\n\n\n<p>Sosial \u015f\u0259b\u0259k\u0259l\u0259rd\u0259n g\u00f6r\u00fcn\u00fcr ki, h\u0259l\u0259 2017-ci ild\u0259 M. M\u0259nsimov \u00abFET\u00d6\u00bb cinay\u0259tin\u0259 g\u00f6r\u0259 ittiham edilmi\u015f, lakin \u0259m\u0259lind\u0259 cinay\u0259t t\u0259rkibi olmad\u0131\u011f\u0131 \u00fc\u00e7\u00fcn bar\u0259sind\u0259 cinay\u0259t i\u015finin icraat\u0131na xitam verilmi\u015fdir.<\/p>\n\n\n\n<p>Sual ortaya \u00e7\u0131x\u0131r ki, M. M\u0259nsimov kiml\u0259rin sifari\u015fi il\u0259 ittiham edilir?- m\u0259n\u0259 el\u0259 g\u0259lir ki, M. M\u0259simov erm\u0259nil\u0259rin v\u0259 erm\u0259ni xisl\u0259tli \u015f\u0259xsl\u0259rin g\u00f6st\u0259ri\u015fi il\u0259 h\u0259bs edilmi\u015fdir. Ona g\u00f6r\u0259 ki, o, Az\u0259rbaycan xalq\u0131n\u0131n erm\u0259ni fa\u015fistl\u0259rin\u0259 qar\u015f\u0131 apard\u0131\u011f\u0131 m\u00fcbariz\u0259d\u0259 \u00f6nd\u0259 olan v\u0259 torpaqlar\u0131m\u0131z\u0131n tez bir zamanda i\u015f\u011faldan azad edilm\u0259sin\u0259 \u00e7a\u011f\u0131r\u0131\u015f ed\u0259n ziyal\u0131lar\u0131m\u0131zdan birincisidir. M\u0259hz bu x\u00fcsusiyy\u0259tl\u0259rin\u0259, \u015f\u0259hid ail\u0259sin\u0259, m\u00fcharib\u0259 \u0259llill\u0259rin\u0259, m\u00fcharib\u0259 veteranlar\u0131na, xaricd\u0259 oxuyan t\u0259l\u0259b\u0259l\u0259rimiz\u0259, imkans\u0131z \u015f\u0259xsl\u0259r\u0259 yard\u0131m\u00e7\u0131 oldu\u011fu \u00fc\u00e7\u00fcn M. M\u0259nsimov ittiham edilir.<\/p>\n\n\n\n<p>B\u00fct\u00fcn bunlara g\u00f6r\u0259d\u0259 Az\u0259rbaycan xalq\u0131n\u0131n v\u0259t\u0259nsev\u0259r insanlar\u0131 kimi AVMV\u0130B M. M\u0259nsimov bar\u0259sind\u0259 ba\u015flanm\u0131\u015f cinay\u0259t i\u015finin icraat\u0131na xitam verilm\u0259sini v\u0259 onun d\u0259rhal azadl\u0131\u011fa burax\u0131lmas\u0131n\u0131 T\u00fcrkiy\u0259 d\u00f6vl\u0259tind\u0259n xahi\u015f edir. \u00dcmid edirik ki, T\u00fcrk \u0259dal\u0259ti bir daha z\u0259f\u0259r \u00e7alacaq!<\/p>\n\n\n\n<figure class=\"wp-block-image is-resized\"><img loading=\"lazy\" decoding=\"async\" src=\"https:\/\/scontent.fgyd4-2.fna.fbcdn.net\/v\/t1.15752-9\/90249274_231099828028937_6061149777595203584_n.jpg?_nc_cat=111&amp;_nc_sid=b96e70&amp;_nc_ohc=lHjebDD7PjkAX_1rTJv&amp;_nc_ht=scontent.fgyd4-2.fna&amp;oh=95d83dc57fd82c0b334b68d46bf1807a&amp;oe=5E9AAC43\" alt=\"\" width=\"180\" height=\"240\"\/><figcaption> <strong>ABBAS H\u00fcseynli<\/strong> <br> <strong>AVMV\u0130B s\u0259drinin h\u00fcquqi v\u0259 sosial m\u0259s\u0259l\u0259l\u0259r \u00fczr\u0259 m\u00fcavini<\/strong> <\/figcaption><\/figure>\n","protected":false},"excerpt":{"rendered":"<p>T\u00fcrkiy\u0259 Respublikas\u0131n\u0131n v\u0259t\u0259nda\u015f\u0131, soyda\u015f\u0131m\u0131z M\u00fcbariz Qurbano\u011flu M\u0259nsimov bar\u0259d\u0259 T\u00fcrkiy\u0259 Respublikas\u0131 m\u0259hk\u0259m\u0259sinin se\u00e7mi\u015f oldu\u011fu h\u0259bs q\u0259ti-imkan t\u0259dbiri Az\u0259rbaycan V\u0259t\u0259n M\u00fcharib\u0259si Veteranlar\u0131 \u0130ctimai Birliyinin h\u0259r bir<\/p>\n","protected":false},"author":2,"featured_media":0,"comment_status":"closed","ping_status":"closed","sticky":false,"template":"","format":"standard","meta":{"footnotes":""},"categories":[3],"tags":[],"class_list":["post-2863","post","type-post","status-publish","format-standard","hentry","category-gundm"],"aioseo_notices":[],"_links":{"self":[{"href":"https:\/\/fedai.az\/index.php?rest_route=\/wp\/v2\/posts\/2863","targetHints":{"allow":["GET"]}}],"collection":[{"href":"https:\/\/fedai.az\/index.php?rest_route=\/wp\/v2\/posts"}],"about":[{"href":"https:\/\/fedai.az\/index.php?rest_route=\/wp\/v2\/types\/post"}],"author":[{"embeddable":true,"href":"https:\/\/fedai.az\/index.php?rest_route=\/wp\/v2\/users\/2"}],"replies":[{"embeddable":true,"href":"https:\/\/fedai.az\/index.php?rest_route=%2Fwp%2Fv2%2Fcomments&post=2863"}],"version-history":[{"count":1,"href":"https:\/\/fedai.az\/index.php?rest_route=\/wp\/v2\/posts\/2863\/revisions"}],"predecessor-version":[{"id":2864,"href":"https:\/\/fedai.az\/index.php?rest_route=\/wp\/v2\/posts\/2863\/revisions\/2864"}],"wp:attachment":[{"href":"https:\/\/fedai.az\/index.php?rest_route=%2Fwp%2Fv2%2Fmedia&parent=2863"}],"wp:term":[{"taxonomy":"category","embeddable":true,"href":"https:\/\/fedai.az\/index.php?rest_route=%2Fwp%2Fv2%2Fcategories&post=2863"},{"taxonomy":"post_tag","embeddable":true,"href":"https:\/\/fedai.az\/index.php?rest_route=%2Fwp%2Fv2%2Ftags&post=2863"}],"curies":[{"name":"wp","href":"https:\/\/api.w.org\/{rel}","templated":true}]}}