{"id":288,"date":"2020-01-24T10:37:27","date_gmt":"2020-01-24T06:37:27","guid":{"rendered":"http:\/\/fedai.az\/?p=288"},"modified":"2020-01-24T10:37:29","modified_gmt":"2020-01-24T06:37:29","slug":"xocali-batalyonunun-komandiri-dunyasini-d%c9%99yisdi-foto","status":"publish","type":"post","link":"https:\/\/fedai.az\/?p=288","title":{"rendered":"Xocal\u0131 batalyonunun komandiri d\u00fcnyas\u0131n\u0131 d\u0259yi\u015fdi &#8212; FOTO"},"content":{"rendered":"\n<p>&#171;Az\u0259rbaycan bayra\u011f\u0131&#187; ordenli Xocal\u0131 d\u00f6y\u00fc\u015f\u00e7\u00fcs\u00fc, \u0259sl\u0259n Ax\u0131sqa t\u00fcrk\u00fc olan S\u0259rv\u0259r R\u0259c\u0259bov d\u00fcnyas\u0131n\u0131 d\u0259yi\u015fib.&nbsp;<\/p>\n\n\n\n<p><strong>Fedai.az \u00a0<\/strong>x\u0259b\u0259r verir ki. bu bar\u0259d\u0259 jurnalist-publisist N\u0259zirm\u0259mm\u0259d Z\u00f6hrabl\u0131 m\u0259lumat verib.<\/p>\n\n\n\n<p>S\u0259rv\u0259r R\u0259c\u0259bov qaraciy\u0259r sirrozundan \u0259ziyy\u0259t \u00e7\u0259kirdi.&nbsp;<\/p>\n\n\n\n<p>S\u0259rv\u0259r R\u0259c\u0259bov \u00d6zb\u0259kistan\u0131n F\u0259rqan\u0259 vilay\u0259tind\u0259ki hadis\u0259l\u0259r zaman\u0131 oradan did\u0259rgin d\u00fc\u015fm\u00fc\u015f Mesxeti t\u00fcrkl\u0259rind\u0259ndir. Az\u0259rbaycana g\u0259ldikd\u0259n sonra is\u0259 o, Xocal\u0131da m\u0259skunla\u015faraq burada milis (polis) s\u0131ralar\u0131nda xidm\u0259t etm\u0259y\u0259 ba\u015flay\u0131b. Xocal\u0131ya erm\u0259nil\u0259rin h\u00fccumlar\u0131 ba\u015flayan zaman S.R\u0259c\u0259bov Xocal\u0131 \u00f6z\u00fcn\u00fcm\u00fcdafi\u0259 batalyonunu yaradaraq Xocal\u0131 \u0259traf\u0131nda postlar\u0131n qurulmas\u0131n\u0131 v\u0259 \u015f\u0259h\u0259rin qorunmas\u0131n\u0131 t\u0259\u015fkil edib. 1989-cu ild\u0259n 26 fevral 1992-ci il\u0259 &#8212; Xocal\u0131 soyq\u0131r\u0131m\u0131 g\u00fcn\u00fcn\u0259 q\u0259d\u0259r. H\u0259min g\u00fcn o da ail\u0259si \u2013 anas\u0131, qarda\u015f\u0131 v\u0259 c\u0259misi be\u015f g\u00fcn \u0259vv\u0259l do\u011fulmu\u015f k\u00f6rp\u0259sini g\u00f6t\u00fcr\u00fcb Xocal\u0131 \u0259halisi il\u0259 birg\u0259 b\u00f6y\u00fck m\u0259hrumiyy\u0259tl\u0259rd\u0259n ke\u00e7\u0259r\u0259k A\u011fdam \u0259razisin\u0259 g\u0259lib \u00e7\u0131xa bilib.<\/p>\n\n\n\n<p>S\u0259rv\u0259r ail\u0259sini t\u0259hl\u00fck\u0259siz yer\u0259 \u00e7\u0131xard\u0131qdan sonra yen\u0259 Qaraba\u011fa \u2013 erm\u0259nil\u0259rl\u0259 d\u00f6y\u00fc\u015f\u0259 qay\u0131d\u0131b v\u0259 Xocal\u0131 batalyonunu b\u0259rpa edib. S\u0259rv\u0259r R\u0259c\u0259bov v\u0259t\u0259n qar\u015f\u0131s\u0131nda xidm\u0259tl\u0259rin\u0259 g\u00f6r\u0259\u00a0 \u201cAz\u0259rbaycan bayra\u011f\u0131\u201d ordeni il\u0259 t\u0259ltif olunub. (avropa.info)<\/p>\n\n\n\n<p>AVMV\u0130B R\u0259hb\u0259rliyi bu x\u0259b\u0259rd\u0259n k\u0259d\u0259rl\u0259ndikl\u0259rini bildirir v\u0259 m\u0259rhumun yax\u0131nlar\u0131na d\u0259rin h\u00fcznl\u0259 ba\u015fsa\u011fl\u0131\u011f\u0131 verirl\u0259r.<\/p>\n\n\n\n<p>Allah r\u0259hm\u0259t el\u0259sin!<\/p>\n\n\n\n<figure class=\"wp-block-image\"><a href=\"https:\/\/img.ednews.net\/uploads\/1579601523-595%20(1).jpg\"><img decoding=\"async\" src=\"https:\/\/img.ednews.net\/uploads\/1579601523-595%20(1).jpg\" alt=\"\"\/><\/a><\/figure>\n\n\n\n<p><a><\/a><a><\/a><a><\/a><a><\/a><\/p>\n","protected":false},"excerpt":{"rendered":"<p>&#171;Az\u0259rbaycan bayra\u011f\u0131&#187; ordenli Xocal\u0131 d\u00f6y\u00fc\u015f\u00e7\u00fcs\u00fc, \u0259sl\u0259n Ax\u0131sqa t\u00fcrk\u00fc olan S\u0259rv\u0259r R\u0259c\u0259bov d\u00fcnyas\u0131n\u0131 d\u0259yi\u015fib.&nbsp; Fedai.az \u00a0x\u0259b\u0259r verir ki. bu bar\u0259d\u0259 jurnalist-publisist N\u0259zirm\u0259mm\u0259d Z\u00f6hrabl\u0131 m\u0259lumat verib.<\/p>\n","protected":false},"author":2,"featured_media":289,"comment_status":"closed","ping_status":"closed","sticky":false,"template":"","format":"standard","meta":{"footnotes":""},"categories":[5],"tags":[],"class_list":["post-288","post","type-post","status-publish","format-standard","has-post-thumbnail","hentry","category-veteran"],"aioseo_notices":[],"_links":{"self":[{"href":"https:\/\/fedai.az\/index.php?rest_route=\/wp\/v2\/posts\/288","targetHints":{"allow":["GET"]}}],"collection":[{"href":"https:\/\/fedai.az\/index.php?rest_route=\/wp\/v2\/posts"}],"about":[{"href":"https:\/\/fedai.az\/index.php?rest_route=\/wp\/v2\/types\/post"}],"author":[{"embeddable":true,"href":"https:\/\/fedai.az\/index.php?rest_route=\/wp\/v2\/users\/2"}],"replies":[{"embeddable":true,"href":"https:\/\/fedai.az\/index.php?rest_route=%2Fwp%2Fv2%2Fcomments&post=288"}],"version-history":[{"count":1,"href":"https:\/\/fedai.az\/index.php?rest_route=\/wp\/v2\/posts\/288\/revisions"}],"predecessor-version":[{"id":290,"href":"https:\/\/fedai.az\/index.php?rest_route=\/wp\/v2\/posts\/288\/revisions\/290"}],"wp:featuredmedia":[{"embeddable":true,"href":"https:\/\/fedai.az\/index.php?rest_route=\/wp\/v2\/media\/289"}],"wp:attachment":[{"href":"https:\/\/fedai.az\/index.php?rest_route=%2Fwp%2Fv2%2Fmedia&parent=288"}],"wp:term":[{"taxonomy":"category","embeddable":true,"href":"https:\/\/fedai.az\/index.php?rest_route=%2Fwp%2Fv2%2Fcategories&post=288"},{"taxonomy":"post_tag","embeddable":true,"href":"https:\/\/fedai.az\/index.php?rest_route=%2Fwp%2Fv2%2Ftags&post=288"}],"curies":[{"name":"wp","href":"https:\/\/api.w.org\/{rel}","templated":true}]}}