{"id":2894,"date":"2020-03-23T00:21:19","date_gmt":"2020-03-22T20:21:19","guid":{"rendered":"http:\/\/fedai.az\/?p=2894"},"modified":"2020-03-23T00:22:12","modified_gmt":"2020-03-22T20:22:12","slug":"angela-merkel-karantin%c9%99-alindi","status":"publish","type":"post","link":"https:\/\/fedai.az\/?p=2894","title":{"rendered":"Angela Merkel KARANT\u0130N\u018f ALINDI"},"content":{"rendered":"\n<p><strong>Angela Merkel koronavirus \u015f\u00fcbh\u0259si il\u0259 karantin\u0259 al\u0131n\u0131b.<\/strong><\/p>\n\n\n\n<p><strong><a rel=\"noreferrer noopener\" href=\"https:\/\/redaktor.az\/\" target=\"_blank\">Fedai.az<\/a>\u00a0<\/strong>x\u0259b\u0259r verir ki, Almaniya kansleri ona peyv\u0259nd vuran h\u0259kimin koronavirusa yoluxdu\u011fu bar\u0259d\u0259 m\u0259lumat ald\u0131qdan sonra evd\u0259 karantin ke\u00e7m\u0259y\u0259 q\u0259rar verib. Bu bar\u0259d\u0259 Almaniya h\u00f6kum\u0259ti m\u0259lumat verib.<\/p>\n\n\n\n<p>Xat\u0131rladaq ki, \u00dcmumd\u00fcnya S\u0259hiyy\u0259 T\u0259\u015fkilat\u0131 (\u00dcST) mart\u0131n 11-d\u0259 yeni bir koronavirus infeksiyas\u0131 COVID-19 pandemiyas\u0131 haqq\u0131nda elan verib.<\/p>\n\n\n\n<p>Qeyd ed\u0259k ki, bu g\u00fcn\u0259 q\u0259d\u0259r d\u00fcnyada 266 mind\u0259n \u00e7ox insan bu x\u0259st\u0259liy\u0259 yoluxub. 13 mind\u0259n \u00e7ox insan is\u0259 bu s\u0259b\u0259bl\u0259 v\u0259fat edib.<\/p>\n\n\n\n<p>Almaniyada is\u0259 18,5 min koronavirus x\u0259st\u0259si var. Onlardan 55 n\u0259f\u0259ri v\u0259fat edib.&nbsp;<\/p>\n\n\n\n<figure class=\"wp-block-image size-large\"><img decoding=\"async\" src=\"http:\/\/fedai.az\/wp-content\/uploads\/2020\/03\/2017-10-03T092246Z_1582831582_RC15CC042330_RTRMADP_3_GERMANY-POLITICS-REUNIFICATION-1024x744-1.jpg\" alt=\"\" class=\"wp-image-2898\"\/><\/figure>\n","protected":false},"excerpt":{"rendered":"<p>Angela Merkel koronavirus \u015f\u00fcbh\u0259si il\u0259 karantin\u0259 al\u0131n\u0131b. Fedai.az\u00a0x\u0259b\u0259r verir ki, Almaniya kansleri ona peyv\u0259nd vuran h\u0259kimin koronavirusa yoluxdu\u011fu bar\u0259d\u0259 m\u0259lumat ald\u0131qdan sonra evd\u0259 karantin<\/p>\n","protected":false},"author":2,"featured_media":0,"comment_status":"closed","ping_status":"closed","sticky":false,"template":"","format":"standard","meta":{"footnotes":""},"categories":[13],"tags":[],"class_list":["post-2894","post","type-post","status-publish","format-standard","hentry","category-xarici"],"aioseo_notices":[],"_links":{"self":[{"href":"https:\/\/fedai.az\/index.php?rest_route=\/wp\/v2\/posts\/2894","targetHints":{"allow":["GET"]}}],"collection":[{"href":"https:\/\/fedai.az\/index.php?rest_route=\/wp\/v2\/posts"}],"about":[{"href":"https:\/\/fedai.az\/index.php?rest_route=\/wp\/v2\/types\/post"}],"author":[{"embeddable":true,"href":"https:\/\/fedai.az\/index.php?rest_route=\/wp\/v2\/users\/2"}],"replies":[{"embeddable":true,"href":"https:\/\/fedai.az\/index.php?rest_route=%2Fwp%2Fv2%2Fcomments&post=2894"}],"version-history":[{"count":2,"href":"https:\/\/fedai.az\/index.php?rest_route=\/wp\/v2\/posts\/2894\/revisions"}],"predecessor-version":[{"id":2899,"href":"https:\/\/fedai.az\/index.php?rest_route=\/wp\/v2\/posts\/2894\/revisions\/2899"}],"wp:attachment":[{"href":"https:\/\/fedai.az\/index.php?rest_route=%2Fwp%2Fv2%2Fmedia&parent=2894"}],"wp:term":[{"taxonomy":"category","embeddable":true,"href":"https:\/\/fedai.az\/index.php?rest_route=%2Fwp%2Fv2%2Fcategories&post=2894"},{"taxonomy":"post_tag","embeddable":true,"href":"https:\/\/fedai.az\/index.php?rest_route=%2Fwp%2Fv2%2Ftags&post=2894"}],"curies":[{"name":"wp","href":"https:\/\/api.w.org\/{rel}","templated":true}]}}