{"id":293,"date":"2020-01-24T10:43:52","date_gmt":"2020-01-24T06:43:52","guid":{"rendered":"http:\/\/fedai.az\/?p=293"},"modified":"2020-01-24T10:43:53","modified_gmt":"2020-01-24T06:43:53","slug":"pasinyanin-20-yanvar-haqqinda-kohn%c9%99-m%c9%99qal%c9%99si-t%c9%99krar-d%c9%99rc-edilib","status":"publish","type":"post","link":"https:\/\/fedai.az\/?p=293","title":{"rendered":"Pa\u015finyan\u0131n 20 Yanvar haqq\u0131nda k\u00f6hn\u0259 m\u0259qal\u0259si t\u0259krar d\u0259rc edilib"},"content":{"rendered":"\n<p>Erm\u0259nistan m\u0259tbuat\u0131 Ba\u015f nazir Nikol Pa\u015finyanla ba\u011fl\u0131 sensasion m\u0259qal\u0259ni \u00fcz\u0259 \u00e7\u0131xar\u0131b.<\/p>\n\n\n\n<p>Axar.az x\u0259b\u0259r verir ki, bu bar\u0259d\u0259 m\u0259lumat\u0131 \u0130r\u0259van\u0131n \u201cPolitik.am\u201d sayt\u0131 yay\u0131b.<\/p>\n\n\n\n<p>Sayt Pa\u015finyan\u0131n jurnalist i\u015fl\u0259y\u0259rk\u0259n Erm\u0259nistanda o vaxtlar \u0259n m\u0259\u015fhur \u201cMollak\u201d q\u0259zetind\u0259ki yaz\u0131s\u0131n\u0131 arxivd\u0259n taparaq ictimail\u0259\u015fdirib.<\/p>\n\n\n\n<p>11 fevral 1998-ci ild\u0259 Nikol Pa\u015finyan \u201cErm\u0259nil\u0259r v\u0259 az\u0259rbaycanl\u0131lar \u2013 xo\u015fb\u0259xt xalqlar\u201d ba\u015fl\u0131\u011f\u0131 alt\u0131nda \u00e7\u0131xan m\u0259qal\u0259sind\u0259 erm\u0259nil\u0259rin d\u00fc\u015f\u00fcnc\u0259 t\u0259rzind\u0259 probleml\u0259r oldu\u011funu bidirib. O yaz\u0131b ki, bu d\u00fc\u015f\u00fcnc\u0259 poz\u011funlu\u011fu s\u00f6hb\u0259t g\u00fcnahs\u0131z az\u0259rbaycanl\u0131 v\u0259 t\u00fcrkl\u0259rin \u00f6lm\u0259sind\u0259n ged\u0259nd\u0259 \u00f6z\u00fcn\u00fc daha a\u00e7\u0131q b\u00fcruz\u0259 verir.<\/p>\n\n\n\n<p>Pa\u015finyan m\u0259qal\u0259sind\u0259 qeyd edir ki, Bak\u0131da g\u00fcnahs\u0131z \u00f6ld\u00fcr\u00fcl\u0259n insanlar qar\u015f\u0131s\u0131nda ba\u015f \u0259yir: \u201c20 yanvar g\u00fcn\u00fc m\u0259n bak\u0131l\u0131lar\u0131 1 d\u0259qiq\u0259lik s\u00fckutla yad etdim\u201d.<\/p>\n\n\n\n<figure class=\"wp-block-image\"><a href=\"https:\/\/cdn.axar.az\/2020\/01\/21\/qezet-ermeni.jpg\"><img decoding=\"async\" src=\"https:\/\/cdn.axar.az\/2020\/01\/21\/qezet-ermeni.jpg\" alt=\"\"\/><\/a><\/figure>\n","protected":false},"excerpt":{"rendered":"<p>Erm\u0259nistan m\u0259tbuat\u0131 Ba\u015f nazir Nikol Pa\u015finyanla ba\u011fl\u0131 sensasion m\u0259qal\u0259ni \u00fcz\u0259 \u00e7\u0131xar\u0131b. Axar.az x\u0259b\u0259r verir ki, bu bar\u0259d\u0259 m\u0259lumat\u0131 \u0130r\u0259van\u0131n \u201cPolitik.am\u201d sayt\u0131 yay\u0131b. Sayt Pa\u015finyan\u0131n<\/p>\n","protected":false},"author":2,"featured_media":0,"comment_status":"closed","ping_status":"closed","sticky":false,"template":"","format":"standard","meta":{"footnotes":""},"categories":[1],"tags":[],"class_list":["post-293","post","type-post","status-publish","format-standard","hentry","category-siyast"],"aioseo_notices":[],"_links":{"self":[{"href":"https:\/\/fedai.az\/index.php?rest_route=\/wp\/v2\/posts\/293","targetHints":{"allow":["GET"]}}],"collection":[{"href":"https:\/\/fedai.az\/index.php?rest_route=\/wp\/v2\/posts"}],"about":[{"href":"https:\/\/fedai.az\/index.php?rest_route=\/wp\/v2\/types\/post"}],"author":[{"embeddable":true,"href":"https:\/\/fedai.az\/index.php?rest_route=\/wp\/v2\/users\/2"}],"replies":[{"embeddable":true,"href":"https:\/\/fedai.az\/index.php?rest_route=%2Fwp%2Fv2%2Fcomments&post=293"}],"version-history":[{"count":1,"href":"https:\/\/fedai.az\/index.php?rest_route=\/wp\/v2\/posts\/293\/revisions"}],"predecessor-version":[{"id":295,"href":"https:\/\/fedai.az\/index.php?rest_route=\/wp\/v2\/posts\/293\/revisions\/295"}],"wp:attachment":[{"href":"https:\/\/fedai.az\/index.php?rest_route=%2Fwp%2Fv2%2Fmedia&parent=293"}],"wp:term":[{"taxonomy":"category","embeddable":true,"href":"https:\/\/fedai.az\/index.php?rest_route=%2Fwp%2Fv2%2Fcategories&post=293"},{"taxonomy":"post_tag","embeddable":true,"href":"https:\/\/fedai.az\/index.php?rest_route=%2Fwp%2Fv2%2Ftags&post=293"}],"curies":[{"name":"wp","href":"https:\/\/api.w.org\/{rel}","templated":true}]}}