{"id":2953,"date":"2020-03-25T02:31:03","date_gmt":"2020-03-24T22:31:03","guid":{"rendered":"http:\/\/fedai.az\/?p=2953"},"modified":"2020-03-25T02:31:07","modified_gmt":"2020-03-24T22:31:07","slug":"ir%c9%99van-kuc%c9%99l%c9%99rin%c9%99-zirehli-texnika-yeridildi-foto","status":"publish","type":"post","link":"https:\/\/fedai.az\/?p=2953","title":{"rendered":"\u0130r\u0259van k\u00fc\u00e7\u0259l\u0259rin\u0259 zirehli texnika yeridildi \u2013 FOTO"},"content":{"rendered":"\n<p>Bu gec\u0259 yerli vaxtla saat 23:00-da Erm\u0259nistan paytaxt\u0131na zirehli texnika yeridilib.&nbsp;&nbsp;<\/p>\n\n\n\n<p>\u201cSputnik\u201d x\u0259b\u0259r verir ki, Yerevan\u0131n iki m\u00fcxt\u0259lif hiss\u0259sind\u0259 jurnalistl\u0259r piyadalar\u0131n zirehli ma\u015f\u0131nlar\u0131n\u0131n foto\u015f\u0259kill\u0259rini \u00e7\u0259km\u0259y\u0259 m\u00fcv\u0259ff\u0259q olublar.&nbsp;&nbsp;<\/p>\n\n\n\n<p>Bildirilir ki, mart\u0131n 25-d\u0259n 31-n\u0259 q\u0259d\u0259r Erm\u0259nistanda \u00f6lk\u0259 \u00fczr\u0259 v\u0259t\u0259nda\u015flar\u0131n h\u0259r\u0259k\u0259tl\u0259rin\u0259 m\u0259hdudiyy\u0259tl\u0259r t\u0259tbiq edilib. Bunda m\u0259qs\u0259d koronavirusun yay\u0131lmas\u0131n\u0131n qar\u015f\u0131s\u0131n\u0131n al\u0131nmas\u0131d\u0131r.&nbsp;&nbsp;<\/p>\n\n\n\n<p>Karantin qaydalar\u0131n\u0131 pozan \u015f\u0259xsl\u0259r 100-250 min dram (340-850 manat) m\u0259bl\u0259\u011find\u0259 c\u0259rim\u0259 edilir.&nbsp;&nbsp;<\/p>\n\n\n\n<p>Qeyd ed\u0259k ki, bu g\u00fcn\u0259 kimi Erm\u0259nistanda 249 koronavirusa yoluxma hal\u0131 qeyd\u0259 al\u0131n\u0131b.\u00a0<\/p>\n\n\n\n<p>P.S. JAMnevs \u0130r\u0259vanda qada\u011fadan \u00f6nc\u0259ki son g\u00fcn kadrlar\u0131n\u0131 yay\u0131b.<\/p>\n\n\n\n<figure class=\"wp-block-image\"><img decoding=\"async\" src=\"https:\/\/cdn.oxu.az\/uploads\/W1siZiIsIjIwMjAvMDMvMjQvMjMvNTEvNDcvNmY5NmRiNDEtYjdlYy00Y2Q0LWIxZjQtYzM4OWMyMTAzY2FmLzkxMDE5NDkyXzY2MzUyNTU1Nzc1NzM0MV84NzczMzE0NjkzMjE4NDM1MDcyX24uanBnIl0sWyJwIiwiZW5jb2RlIiwianBnIiwiLXF1YWxpdHkgODAiXSxbInAiLCJ0aHVtYiIsIjU5MHg1OTBcdTAwM2UiXV0?sha=6cb8b52572a662ea\" alt=\"\"\/><\/figure>\n\n\n\n<figure class=\"wp-block-embed-youtube wp-block-embed is-type-video is-provider-youtube wp-embed-aspect-16-9 wp-has-aspect-ratio\"><div class=\"wp-block-embed__wrapper\">\n<iframe loading=\"lazy\" title=\"Yerevan: x\u00fcsusi ehtiyac olmadan evd\u0259n \u00e7\u0131xma\u011f\u0131n qada\u011fan olmad\u0131\u011f\u0131 son g\u00fcn\" width=\"715\" height=\"402\" src=\"https:\/\/www.youtube.com\/embed\/pRJKRFg3TeU?feature=oembed\" frameborder=\"0\" allow=\"accelerometer; autoplay; encrypted-media; gyroscope; picture-in-picture\" allowfullscreen><\/iframe>\n<\/div><\/figure>\n\n\n\n<figure class=\"wp-block-embed-youtube wp-block-embed is-type-video is-provider-youtube wp-embed-aspect-16-9 wp-has-aspect-ratio\"><div class=\"wp-block-embed__wrapper\">\n<iframe loading=\"lazy\" title=\"Yerevan: x\u00fcsusi ehtiyac olmadan evd\u0259n \u00e7\u0131xma\u011f\u0131n qada\u011fan olmad\u0131\u011f\u0131 son g\u00fcn\" width=\"715\" height=\"402\" src=\"https:\/\/www.youtube.com\/embed\/pRJKRFg3TeU?feature=oembed\" frameborder=\"0\" allow=\"accelerometer; autoplay; encrypted-media; gyroscope; picture-in-picture\" allowfullscreen><\/iframe>\n<\/div><\/figure>\n","protected":false},"excerpt":{"rendered":"<p>Bu gec\u0259 yerli vaxtla saat 23:00-da Erm\u0259nistan paytaxt\u0131na zirehli texnika yeridilib.&nbsp;&nbsp; \u201cSputnik\u201d x\u0259b\u0259r verir ki, Yerevan\u0131n iki m\u00fcxt\u0259lif hiss\u0259sind\u0259 jurnalistl\u0259r piyadalar\u0131n zirehli ma\u015f\u0131nlar\u0131n\u0131n foto\u015f\u0259kill\u0259rini<\/p>\n","protected":false},"author":2,"featured_media":0,"comment_status":"closed","ping_status":"closed","sticky":false,"template":"","format":"standard","meta":{"footnotes":""},"categories":[13],"tags":[],"class_list":["post-2953","post","type-post","status-publish","format-standard","hentry","category-xarici"],"aioseo_notices":[],"_links":{"self":[{"href":"https:\/\/fedai.az\/index.php?rest_route=\/wp\/v2\/posts\/2953","targetHints":{"allow":["GET"]}}],"collection":[{"href":"https:\/\/fedai.az\/index.php?rest_route=\/wp\/v2\/posts"}],"about":[{"href":"https:\/\/fedai.az\/index.php?rest_route=\/wp\/v2\/types\/post"}],"author":[{"embeddable":true,"href":"https:\/\/fedai.az\/index.php?rest_route=\/wp\/v2\/users\/2"}],"replies":[{"embeddable":true,"href":"https:\/\/fedai.az\/index.php?rest_route=%2Fwp%2Fv2%2Fcomments&post=2953"}],"version-history":[{"count":1,"href":"https:\/\/fedai.az\/index.php?rest_route=\/wp\/v2\/posts\/2953\/revisions"}],"predecessor-version":[{"id":2955,"href":"https:\/\/fedai.az\/index.php?rest_route=\/wp\/v2\/posts\/2953\/revisions\/2955"}],"wp:attachment":[{"href":"https:\/\/fedai.az\/index.php?rest_route=%2Fwp%2Fv2%2Fmedia&parent=2953"}],"wp:term":[{"taxonomy":"category","embeddable":true,"href":"https:\/\/fedai.az\/index.php?rest_route=%2Fwp%2Fv2%2Fcategories&post=2953"},{"taxonomy":"post_tag","embeddable":true,"href":"https:\/\/fedai.az\/index.php?rest_route=%2Fwp%2Fv2%2Ftags&post=2953"}],"curies":[{"name":"wp","href":"https:\/\/api.w.org\/{rel}","templated":true}]}}