{"id":29702,"date":"2021-02-17T12:07:40","date_gmt":"2021-02-17T08:07:40","guid":{"rendered":"https:\/\/fedai.az\/?p=29702"},"modified":"2021-02-17T12:07:42","modified_gmt":"2021-02-17T08:07:42","slug":"usaqlar-dis-cixaranda-niy%c9%99-qizdirirlar-pertevd%c9%99n-x%c9%99b%c9%99rdarliq","status":"publish","type":"post","link":"https:\/\/fedai.az\/?p=29702","title":{"rendered":"U\u015faqlar di\u015f \u00e7\u0131xaranda niy\u0259 q\u0131zd\u0131r\u0131rlar? &#8212; Pertevd\u0259n X\u018fB\u018fRDARLIQ"},"content":{"rendered":"\n<p><strong>Bir \u00e7oxumuzda di\u015f narahatl\u0131\u011f\u0131n\u0131 nec\u0259 aradan qald\u0131rmaq, q\u0131zd\u0131rman\u0131 m\u00fcalic\u0259 etm\u0259k v\u0259 n\u0259 vaxt h\u0259kim\u0259 m\u00fcraci\u0259t etm\u0259kl\u0259 ba\u011fl\u0131 suallar yaran\u0131r.<\/strong><\/p>\n\n\n\n<p><strong><a target=\"_blank\" href=\"https:\/\/publika.az\/\" rel=\"noreferrer noopener\">Publika.az<\/a><\/strong>&nbsp;&#171;Gecce&#187;ye istinadla x\u0259b\u0259r verir ki, di\u015f h\u0259kimi Pertev K\u00f6kdemir di\u015fl\u0259 ba\u011fl\u0131 narahatl\u0131q ya\u015fayanlara m\u0259sl\u0259h\u0259tl\u0259r verib.<\/p>\n\n\n\n<p>K\u00f6rp\u0259 6-12 ayl\u0131q olanda m\u00fcxt\u0259lif cisiml\u0259ri \u0259mir v\u0259 \u00e7eyn\u0259yir. Bu, onlar\u0131 yeni patogenl\u0259r\u0259 m\u0259ruz qoyur.<\/p>\n\n\n\n<p>U\u015fa\u011f\u0131n\u0131z\u0131n h\u0259rar\u0259ti yaranan infeksiyaya g\u00f6r\u0259 ola bil\u0259r. Bu infeksiyan\u0131n ba\u015flan\u011f\u0131c\u0131n\u0131n di\u015f d\u00f6vr\u00fc il\u0259 \u00fcst-\u00fcst\u0259 d\u00fc\u015f\u0259 ehtimal\u0131 var.<ins><\/ins><\/p>\n\n\n\n<p>\u018fks\u0259r k\u00f6rp\u0259l\u0259r 6 aya yax\u0131n di\u015f \u00e7\u0131xartma\u011fa ba\u015flay\u0131r. Proses b\u0259zi k\u00f6rp\u0259l\u0259rd\u0259 4 aydan ba\u015flaya bil\u0259r. B\u0259zil\u0259ri is\u0259 12 aydan gec di\u015f \u00e7\u0131xar\u0131r.<\/p>\n\n\n\n<p>K\u00f6rp\u0259l\u0259rd\u0259 di\u015f \u00e7\u0131xark\u0259n a\u011fr\u0131, a\u011flama v\u0259 narahatl\u0131q kimi simptomlar g\u00f6r\u00fcn\u0259 bil\u0259r.<\/p>\n\n\n\n<p>Di\u015f \u00e7\u0131xarma il\u0259 \u0259laq\u0259li olmayan \u015fidd\u0259tli qusma, d\u0259ri qa\u015f\u0131nmas\u0131, ishal kimi simptomlar varsa, bu, infeksiya il\u0259 \u0259laq\u0259dard\u0131r. Bel\u0259 olan halda k\u00f6rp\u0259ni ge\u00e7ikdirm\u0259d\u0259n pediatr\u0131n yan\u0131na aparmal\u0131s\u0131n\u0131z.<\/p>\n","protected":false},"excerpt":{"rendered":"<p>Bir \u00e7oxumuzda di\u015f narahatl\u0131\u011f\u0131n\u0131 nec\u0259 aradan qald\u0131rmaq, q\u0131zd\u0131rman\u0131 m\u00fcalic\u0259 etm\u0259k v\u0259 n\u0259 vaxt h\u0259kim\u0259 m\u00fcraci\u0259t etm\u0259kl\u0259 ba\u011fl\u0131 suallar yaran\u0131r. Publika.az&nbsp;&#171;Gecce&#187;ye istinadla x\u0259b\u0259r verir ki,<\/p>\n","protected":false},"author":2,"featured_media":29703,"comment_status":"closed","ping_status":"closed","sticky":false,"template":"","format":"standard","meta":{"footnotes":""},"categories":[12],"tags":[],"class_list":["post-29702","post","type-post","status-publish","format-standard","has-post-thumbnail","hentry","category-sosial"],"aioseo_notices":[],"_links":{"self":[{"href":"https:\/\/fedai.az\/index.php?rest_route=\/wp\/v2\/posts\/29702","targetHints":{"allow":["GET"]}}],"collection":[{"href":"https:\/\/fedai.az\/index.php?rest_route=\/wp\/v2\/posts"}],"about":[{"href":"https:\/\/fedai.az\/index.php?rest_route=\/wp\/v2\/types\/post"}],"author":[{"embeddable":true,"href":"https:\/\/fedai.az\/index.php?rest_route=\/wp\/v2\/users\/2"}],"replies":[{"embeddable":true,"href":"https:\/\/fedai.az\/index.php?rest_route=%2Fwp%2Fv2%2Fcomments&post=29702"}],"version-history":[{"count":1,"href":"https:\/\/fedai.az\/index.php?rest_route=\/wp\/v2\/posts\/29702\/revisions"}],"predecessor-version":[{"id":29704,"href":"https:\/\/fedai.az\/index.php?rest_route=\/wp\/v2\/posts\/29702\/revisions\/29704"}],"wp:featuredmedia":[{"embeddable":true,"href":"https:\/\/fedai.az\/index.php?rest_route=\/wp\/v2\/media\/29703"}],"wp:attachment":[{"href":"https:\/\/fedai.az\/index.php?rest_route=%2Fwp%2Fv2%2Fmedia&parent=29702"}],"wp:term":[{"taxonomy":"category","embeddable":true,"href":"https:\/\/fedai.az\/index.php?rest_route=%2Fwp%2Fv2%2Fcategories&post=29702"},{"taxonomy":"post_tag","embeddable":true,"href":"https:\/\/fedai.az\/index.php?rest_route=%2Fwp%2Fv2%2Ftags&post=29702"}],"curies":[{"name":"wp","href":"https:\/\/api.w.org\/{rel}","templated":true}]}}