{"id":3045,"date":"2020-03-26T10:30:44","date_gmt":"2020-03-26T06:30:44","guid":{"rendered":"http:\/\/fedai.az\/?p=3045"},"modified":"2020-03-26T10:30:52","modified_gmt":"2020-03-26T06:30:52","slug":"xank%c9%99ndind%c9%99-koronavirusdan-dun%c9%99n-4-n%c9%99f%c9%99r-oldu","status":"publish","type":"post","link":"https:\/\/fedai.az\/?p=3045","title":{"rendered":"Xank\u0259ndind\u0259 koronavirusdan d\u00fcn\u0259n 4 n\u0259f\u0259r \u00f6ld\u00fc"},"content":{"rendered":"\n<p> Da\u011fl\u0131q Qaraba\u011fda koronavirusun yay\u0131lmas\u0131 v\u0259 m\u0259lumatlar\u0131n gizl\u0259dilm\u0259si bar\u0259d\u0259 m\u00fc\u0259yy\u0259n x\u0259b\u0259rl\u0259r daxil olsa da, konkret faktlar g\u00f6st\u0259rilmirdi.\u00a0<\/p>\n\n\n\n<p><br><strong>Moderator.az<\/strong>\u00a0 Teleqram.kanala istinad\u0259n \u201cSasna Tsrer\u201d partiyas\u0131 katibliyinin\u00a0 qondarma rejimin f\u00f6vq\u0259lad\u0259 hal \u00fczr\u0259 komendant\u0131 T. Avinyana v\u0259 s\u0259hiyy\u0259 idar\u0259sinin ba\u015f\u00e7\u0131s\u0131 A. Torosyana \u00fcnvanlad\u0131\u011f\u0131 m\u0259ktubu diqq\u0259tiniz\u0259 \u00e7atd\u0131r\u0131r.\u00a0\u00a0<\/p>\n\n\n\n<p><br>Partiyan\u0131n m\u0259ktubundan m\u0259lum olur ki, art\u0131q Xank\u0259ndind\u0259\u00a0 koronavirusun yay\u0131lmas\u0131 v\u0259 \u00f6l\u00fcml\u0259 n\u0259tic\u0259l\u0259nm\u0259si ba\u015f verib.\u00a0\u00a0<\/p>\n\n\n\n<p><br>M\u0259ktubda deyilir:\u00a0<br><strong>\u201dVirusun Artsaxda yay\u0131lmas\u0131 bar\u0259d\u0259 h\u0259y\u0259canl\u0131 x\u0259b\u0259rl\u0259r daxil olur. D\u0259qiql\u0259\u015fdirm\u0259k ist\u0259yirik-bu il 23 martda Stepanakert x\u0259st\u0259xanas\u0131nda 60-ya\u015fdan yuxar\u0131\u00a0 4 x\u0259st\u0259nin \u00f6l\u00fcm\u00fc qeyd olunubmu? \u00c7oxsayl\u0131 yoluxma hallar\u0131 qeyd olunubmu?\u201d<\/strong><\/p>\n\n\n\n<p><br>G\u00f6r\u00fcnd\u00fcy\u00fc kimi Xank\u0259ndi 31 mart se\u00e7kil\u0259ri \u0259r\u0259f\u0259sind\u0259 x\u00fcsusi g\u0259rginlik ya\u015famamaq \u00fc\u00e7\u00fcn yolxucu virusun yay\u0131lmas\u0131 bar\u0259d\u0259 m\u0259lumatlar\u0131 gizl\u0259tm\u0259kl\u0259 m\u0259\u015f\u011fuldur. 31 marta san\u0131l\u0131 g\u00fcnl\u0259r qald\u0131. <\/p>\n","protected":false},"excerpt":{"rendered":"<p>Da\u011fl\u0131q Qaraba\u011fda koronavirusun yay\u0131lmas\u0131 v\u0259 m\u0259lumatlar\u0131n gizl\u0259dilm\u0259si bar\u0259d\u0259 m\u00fc\u0259yy\u0259n x\u0259b\u0259rl\u0259r daxil olsa da, konkret faktlar g\u00f6st\u0259rilmirdi.\u00a0 Moderator.az\u00a0 Teleqram.kanala istinad\u0259n \u201cSasna Tsrer\u201d partiyas\u0131 katibliyinin\u00a0 qondarma<\/p>\n","protected":false},"author":2,"featured_media":0,"comment_status":"closed","ping_status":"closed","sticky":false,"template":"","format":"standard","meta":{"footnotes":""},"categories":[4],"tags":[],"class_list":["post-3045","post","type-post","status-publish","format-standard","hentry","category-qarabag"],"aioseo_notices":[],"_links":{"self":[{"href":"https:\/\/fedai.az\/index.php?rest_route=\/wp\/v2\/posts\/3045","targetHints":{"allow":["GET"]}}],"collection":[{"href":"https:\/\/fedai.az\/index.php?rest_route=\/wp\/v2\/posts"}],"about":[{"href":"https:\/\/fedai.az\/index.php?rest_route=\/wp\/v2\/types\/post"}],"author":[{"embeddable":true,"href":"https:\/\/fedai.az\/index.php?rest_route=\/wp\/v2\/users\/2"}],"replies":[{"embeddable":true,"href":"https:\/\/fedai.az\/index.php?rest_route=%2Fwp%2Fv2%2Fcomments&post=3045"}],"version-history":[{"count":1,"href":"https:\/\/fedai.az\/index.php?rest_route=\/wp\/v2\/posts\/3045\/revisions"}],"predecessor-version":[{"id":3046,"href":"https:\/\/fedai.az\/index.php?rest_route=\/wp\/v2\/posts\/3045\/revisions\/3046"}],"wp:attachment":[{"href":"https:\/\/fedai.az\/index.php?rest_route=%2Fwp%2Fv2%2Fmedia&parent=3045"}],"wp:term":[{"taxonomy":"category","embeddable":true,"href":"https:\/\/fedai.az\/index.php?rest_route=%2Fwp%2Fv2%2Fcategories&post=3045"},{"taxonomy":"post_tag","embeddable":true,"href":"https:\/\/fedai.az\/index.php?rest_route=%2Fwp%2Fv2%2Ftags&post=3045"}],"curies":[{"name":"wp","href":"https:\/\/api.w.org\/{rel}","templated":true}]}}