{"id":3047,"date":"2020-03-26T10:35:42","date_gmt":"2020-03-26T06:35:42","guid":{"rendered":"http:\/\/fedai.az\/?p=3047"},"modified":"2020-03-26T10:35:53","modified_gmt":"2020-03-26T06:35:53","slug":"%c9%99vv%c9%99lki-ilin-m%c9%99zunlari-ucun-buraxilis-imtahani-n%c9%99-zaman-keciril%c9%99c%c9%99k-dim","status":"publish","type":"post","link":"https:\/\/fedai.az\/?p=3047","title":{"rendered":"\u018fvv\u0259lki ilin m\u0259zunlar\u0131 \u00fc\u00e7\u00fcn burax\u0131l\u0131\u015f imtahan\u0131 n\u0259 zaman ke\u00e7iril\u0259c\u0259k? &#8212; D\u0130M"},"content":{"rendered":"\n<p> \u018fvv\u0259lki ilin m\u0259zunlar\u0131 aprelin 26-da burax\u0131l\u0131\u015f imtahan\u0131 verm\u0259li idi.\u00a0 Karantin rejimi elan olundu\u011fu v\u0259 5, 12, 19 aprel tarixl\u0259rin\u0259 aid burax\u0131l\u0131\u015f imtahanlar\u0131 t\u0259xir\u0259 sal\u0131nd\u0131\u011f\u0131na g\u00f6r\u0259, \u0259vv\u0259lki ill\u0259rin m\u0259zunlar\u0131 \u00fc\u00e7\u00fcn aprelin 26-da ke\u00e7irilm\u0259li olan imtahan da dig\u0259r bir tarixd\u0259 ke\u00e7iril\u0259c\u0259k.<br>Bu bar\u0259d\u0259 D\u0130M facebook hesab\u0131nda m\u0259lumat yay\u0131b. Ali t\u0259hsil m\u00fc\u0259ssis\u0259l\u0259rin\u0259 v\u0259 tam (11 illik) orta t\u0259hsil bazas\u0131nda orta ixtisas t\u0259hsili m\u00fc\u0259ssis\u0259l\u0259rin\u0259 s\u0259n\u0259d q\u0259bulunun mart\u0131n 30-dan aprelin 27-d\u0259k apar\u0131lmas\u0131 n\u0259z\u0259rd\u0259 tutulur.<\/p>\n\n\n\n<p><br>Bundan \u0259lav\u0259, Nazirl\u0259r Kabinetinin m\u00fcvafiq m\u0259ktubuna \u0259sas\u0259n D\u00f6vl\u0259t \u0130mtahan M\u0259rk\u0259zind\u0259 2020-ci il mart\u0131n 17-d\u0259n etibar\u0259n v\u0259t\u0259nda\u015flar\u0131n q\u0259bulu da dayand\u0131r\u0131l\u0131b.<\/p>\n\n\n\n<p><br>M\u0259rk\u0259zin &#171;Youtube\u201d kanal\u0131n\u0131 da izl\u0259m\u0259yi t\u00f6vsiy\u0259 edirik. Kanalda h\u0259ft\u0259d\u0259 bir d\u0259f\u0259 ictimaiyy\u0259ti maraqland\u0131ran m\u0259s\u0259l\u0259l\u0259rl\u0259 ba\u011fl\u0131 verili\u015fl\u0259rin yay\u0131mlanmas\u0131 n\u0259z\u0259rd\u0259 tutulur. (AZEDU.AZ) <\/p>\n","protected":false},"excerpt":{"rendered":"<p>\u018fvv\u0259lki ilin m\u0259zunlar\u0131 aprelin 26-da burax\u0131l\u0131\u015f imtahan\u0131 verm\u0259li idi.\u00a0 Karantin rejimi elan olundu\u011fu v\u0259 5, 12, 19 aprel tarixl\u0259rin\u0259 aid burax\u0131l\u0131\u015f imtahanlar\u0131 t\u0259xir\u0259 sal\u0131nd\u0131\u011f\u0131na<\/p>\n","protected":false},"author":2,"featured_media":0,"comment_status":"closed","ping_status":"closed","sticky":false,"template":"","format":"standard","meta":{"footnotes":""},"categories":[8],"tags":[],"class_list":["post-3047","post","type-post","status-publish","format-standard","hentry","category-thsil"],"aioseo_notices":[],"_links":{"self":[{"href":"https:\/\/fedai.az\/index.php?rest_route=\/wp\/v2\/posts\/3047","targetHints":{"allow":["GET"]}}],"collection":[{"href":"https:\/\/fedai.az\/index.php?rest_route=\/wp\/v2\/posts"}],"about":[{"href":"https:\/\/fedai.az\/index.php?rest_route=\/wp\/v2\/types\/post"}],"author":[{"embeddable":true,"href":"https:\/\/fedai.az\/index.php?rest_route=\/wp\/v2\/users\/2"}],"replies":[{"embeddable":true,"href":"https:\/\/fedai.az\/index.php?rest_route=%2Fwp%2Fv2%2Fcomments&post=3047"}],"version-history":[{"count":1,"href":"https:\/\/fedai.az\/index.php?rest_route=\/wp\/v2\/posts\/3047\/revisions"}],"predecessor-version":[{"id":3048,"href":"https:\/\/fedai.az\/index.php?rest_route=\/wp\/v2\/posts\/3047\/revisions\/3048"}],"wp:attachment":[{"href":"https:\/\/fedai.az\/index.php?rest_route=%2Fwp%2Fv2%2Fmedia&parent=3047"}],"wp:term":[{"taxonomy":"category","embeddable":true,"href":"https:\/\/fedai.az\/index.php?rest_route=%2Fwp%2Fv2%2Fcategories&post=3047"},{"taxonomy":"post_tag","embeddable":true,"href":"https:\/\/fedai.az\/index.php?rest_route=%2Fwp%2Fv2%2Ftags&post=3047"}],"curies":[{"name":"wp","href":"https:\/\/api.w.org\/{rel}","templated":true}]}}