{"id":30508,"date":"2021-02-26T12:35:43","date_gmt":"2021-02-26T08:35:43","guid":{"rendered":"https:\/\/fedai.az\/?p=30508"},"modified":"2021-02-26T12:44:49","modified_gmt":"2021-02-26T08:44:49","slug":"%c9%99rdogan-xocali-soyqirimi-il%c9%99-bagli-twit-paylasdi","status":"publish","type":"post","link":"https:\/\/fedai.az\/?p=30508","title":{"rendered":"\u018frdo\u011fan Xocal\u0131 soyq\u0131r\u0131m\u0131 il\u0259 ba\u011fl\u0131 twit payla\u015fd\u0131"},"content":{"rendered":"\n<p><strong>R.T. ERDO\u011eAN: 29 y\u0131l \u00f6nce Hocal\u0131\u2019da hunharca katledilen Azerbaycanl\u0131 karde\u015flerimizi rahmetle y\u00e2d ediyorum&#8230;<\/strong><\/p>\n\n\n\n<figure class=\"wp-block-image size-large is-resized\"><img loading=\"lazy\" decoding=\"async\" src=\"https:\/\/fedai.az\/wp-content\/uploads\/2021\/02\/EvI4YowXMAA-Qfr.jpg\" alt=\"\" class=\"wp-image-30516\" width=\"1090\" height=\"614\" srcset=\"https:\/\/fedai.az\/wp-content\/uploads\/2021\/02\/EvI4YowXMAA-Qfr.jpg 680w, https:\/\/fedai.az\/wp-content\/uploads\/2021\/02\/EvI4YowXMAA-Qfr-300x169.jpg 300w, https:\/\/fedai.az\/wp-content\/uploads\/2021\/02\/EvI4YowXMAA-Qfr-150x84.jpg 150w\" sizes=\"auto, (max-width: 1090px) 100vw, 1090px\" \/><\/figure>\n","protected":false},"excerpt":{"rendered":"<p>R.T. ERDO\u011eAN: 29 y\u0131l \u00f6nce Hocal\u0131\u2019da hunharca katledilen Azerbaycanl\u0131 karde\u015flerimizi rahmetle y\u00e2d ediyorum&#8230;<\/p>\n","protected":false},"author":2,"featured_media":30510,"comment_status":"closed","ping_status":"closed","sticky":false,"template":"","format":"standard","meta":{"footnotes":""},"categories":[4],"tags":[],"class_list":["post-30508","post","type-post","status-publish","format-standard","has-post-thumbnail","hentry","category-qarabag"],"aioseo_notices":[],"_links":{"self":[{"href":"https:\/\/fedai.az\/index.php?rest_route=\/wp\/v2\/posts\/30508","targetHints":{"allow":["GET"]}}],"collection":[{"href":"https:\/\/fedai.az\/index.php?rest_route=\/wp\/v2\/posts"}],"about":[{"href":"https:\/\/fedai.az\/index.php?rest_route=\/wp\/v2\/types\/post"}],"author":[{"embeddable":true,"href":"https:\/\/fedai.az\/index.php?rest_route=\/wp\/v2\/users\/2"}],"replies":[{"embeddable":true,"href":"https:\/\/fedai.az\/index.php?rest_route=%2Fwp%2Fv2%2Fcomments&post=30508"}],"version-history":[{"count":2,"href":"https:\/\/fedai.az\/index.php?rest_route=\/wp\/v2\/posts\/30508\/revisions"}],"predecessor-version":[{"id":30517,"href":"https:\/\/fedai.az\/index.php?rest_route=\/wp\/v2\/posts\/30508\/revisions\/30517"}],"wp:featuredmedia":[{"embeddable":true,"href":"https:\/\/fedai.az\/index.php?rest_route=\/wp\/v2\/media\/30510"}],"wp:attachment":[{"href":"https:\/\/fedai.az\/index.php?rest_route=%2Fwp%2Fv2%2Fmedia&parent=30508"}],"wp:term":[{"taxonomy":"category","embeddable":true,"href":"https:\/\/fedai.az\/index.php?rest_route=%2Fwp%2Fv2%2Fcategories&post=30508"},{"taxonomy":"post_tag","embeddable":true,"href":"https:\/\/fedai.az\/index.php?rest_route=%2Fwp%2Fv2%2Ftags&post=30508"}],"curies":[{"name":"wp","href":"https:\/\/api.w.org\/{rel}","templated":true}]}}