{"id":30512,"date":"2021-02-26T12:43:25","date_gmt":"2021-02-26T08:43:25","guid":{"rendered":"https:\/\/fedai.az\/?p=30512"},"modified":"2021-02-26T12:43:55","modified_gmt":"2021-02-26T08:43:55","slug":"mehriban-%c9%99liyeva-xocali-soyqirimi-kimi-faci%c9%99l%c9%99r-unudula-bilm%c9%99z","status":"publish","type":"post","link":"https:\/\/fedai.az\/?p=30512","title":{"rendered":"Mehriban \u018fliyeva: &#171;Xocal\u0131 soyq\u0131r\u0131m\u0131 kimi faci\u0259l\u0259r unudula bilm\u0259z&#187;"},"content":{"rendered":"\n<p><strong>Birinci vitse-prezident Mehriban \u018fliyeva \u00f6z\u00fcn\u00fcn \u0130nstagram hesab\u0131nda Xocal\u0131 soyq\u0131r\u0131m\u0131n\u0131n 29-cu ild\u00f6n\u00fcm\u00fc il\u0259 ba\u011fl\u0131 payla\u015f\u0131m edib.<br><\/strong><br>Payla\u015f\u0131mda deyilir:<\/p>\n\n\n\n<p>&#171;Xocal\u0131 soyq\u0131r\u0131m\u0131 kimi faci\u0259l\u0259r unudula bilm\u0259z. G\u00fcnahs\u0131z insanlar\u0131n v\u0259h\u015fic\u0259sin\u0259 q\u0259tl\u0259 yetirilm\u0259sin\u0259 he\u00e7 n\u0259 il\u0259 haqq qazand\u0131rmaq olmaz! Biz o d\u0259h\u015f\u0259tli hadis\u0259l\u0259r haqq\u0131nda h\u0259qiq\u0259tl\u0259ri t\u0259hrif olunmas\u0131 c\u0259hdl\u0259rind\u0259n h\u0259r zaman qoruyaca\u011f\u0131q. Xocal\u0131 soyq\u0131r\u0131m\u0131 qurbanlar\u0131n\u0131n i\u015f\u0131ql\u0131 xatir\u0259sini ehtiramla yad edir, Uca Tanr\u0131dan b\u00fct\u00fcn \u015f\u0259hidl\u0259rimiz\u0259 r\u0259hm\u0259t dil\u0259yir\u0259m&#187;.<\/p>\n\n\n\n<p><a href=\"https:\/\/www.instagram.com\/p\/CLvmeoFgmye\/?utm_source=ig_web_copy_link\">https:\/\/www.instagram.com\/p\/CLvmeoFgmye\/?utm_source=ig_web_copy_link<\/a><\/p>\n\n\n\nhttps:\/\/www.instagram.com\/p\/CLvmeoFgmye\/?utm_source=ig_web_copy_link\n","protected":false},"excerpt":{"rendered":"<p>Birinci vitse-prezident Mehriban \u018fliyeva \u00f6z\u00fcn\u00fcn \u0130nstagram hesab\u0131nda Xocal\u0131 soyq\u0131r\u0131m\u0131n\u0131n 29-cu ild\u00f6n\u00fcm\u00fc il\u0259 ba\u011fl\u0131 payla\u015f\u0131m edib.Payla\u015f\u0131mda deyilir: &#171;Xocal\u0131 soyq\u0131r\u0131m\u0131 kimi faci\u0259l\u0259r unudula bilm\u0259z. G\u00fcnahs\u0131z insanlar\u0131n<\/p>\n","protected":false},"author":2,"featured_media":30513,"comment_status":"closed","ping_status":"closed","sticky":false,"template":"","format":"standard","meta":{"footnotes":""},"categories":[3],"tags":[],"class_list":["post-30512","post","type-post","status-publish","format-standard","has-post-thumbnail","hentry","category-gundm"],"aioseo_notices":[],"_links":{"self":[{"href":"https:\/\/fedai.az\/index.php?rest_route=\/wp\/v2\/posts\/30512","targetHints":{"allow":["GET"]}}],"collection":[{"href":"https:\/\/fedai.az\/index.php?rest_route=\/wp\/v2\/posts"}],"about":[{"href":"https:\/\/fedai.az\/index.php?rest_route=\/wp\/v2\/types\/post"}],"author":[{"embeddable":true,"href":"https:\/\/fedai.az\/index.php?rest_route=\/wp\/v2\/users\/2"}],"replies":[{"embeddable":true,"href":"https:\/\/fedai.az\/index.php?rest_route=%2Fwp%2Fv2%2Fcomments&post=30512"}],"version-history":[{"count":2,"href":"https:\/\/fedai.az\/index.php?rest_route=\/wp\/v2\/posts\/30512\/revisions"}],"predecessor-version":[{"id":30515,"href":"https:\/\/fedai.az\/index.php?rest_route=\/wp\/v2\/posts\/30512\/revisions\/30515"}],"wp:featuredmedia":[{"embeddable":true,"href":"https:\/\/fedai.az\/index.php?rest_route=\/wp\/v2\/media\/30513"}],"wp:attachment":[{"href":"https:\/\/fedai.az\/index.php?rest_route=%2Fwp%2Fv2%2Fmedia&parent=30512"}],"wp:term":[{"taxonomy":"category","embeddable":true,"href":"https:\/\/fedai.az\/index.php?rest_route=%2Fwp%2Fv2%2Fcategories&post=30512"},{"taxonomy":"post_tag","embeddable":true,"href":"https:\/\/fedai.az\/index.php?rest_route=%2Fwp%2Fv2%2Ftags&post=30512"}],"curies":[{"name":"wp","href":"https:\/\/api.w.org\/{rel}","templated":true}]}}