{"id":3053,"date":"2020-03-26T11:19:21","date_gmt":"2020-03-26T07:19:21","guid":{"rendered":"http:\/\/fedai.az\/?p=3053"},"modified":"2020-03-26T11:19:37","modified_gmt":"2020-03-26T07:19:37","slug":"oglu-zarafat-etdi-sahzad%c9%99-koronavirusa-yoluxdu-video","status":"publish","type":"post","link":"https:\/\/fedai.az\/?p=3053","title":{"rendered":"O\u011flu zarafat etdi, \u015fahzad\u0259 koronavirusa yoluxdu &#8212; V\u0130DEO"},"content":{"rendered":"\n<p>Bir m\u00fcdd\u0259t \u0259vv\u0259l Krali\u00e7a Elizabetin n\u0259v\u0259si \u015fahzad\u0259 Uilyam t\u0259cili yard\u0131m i\u015f\u00e7il\u0259ri il\u0259 zarafat ed\u0259r\u0259k, koronavirus epidemiyas\u0131n\u0131 yayd\u0131\u011f\u0131n\u0131 deyib. D\u00fcn\u0259n is\u0259 onun atas\u0131 \u015fahzad\u0259 \u00c7arlz\u0131n pandemiyaya yoluxdu\u011fu m\u00fc\u0259yy\u0259nl\u0259\u015fib.&nbsp;<\/p>\n\n\n\n<p>\u201cHaberGlobal\u201d\u0131n m\u0259lumat\u0131na g\u00f6r\u0259,&nbsp;hadis\u0259 Uilyam\u0131n Dublin\u0259 s\u0259f\u0259ri zaman\u0131 ba\u015f verib.<\/p>\n\n\n\n<p>\u201cKoronavirus olduqca dramatik g\u00f6r\u00fcn\u00fcr. Nec\u0259 fikirl\u0259\u015firisiniz, K\u0130V m\u0259s\u0259l\u0259ni bir az \u015fi\u015firtmir ki? Bu arada Kembric hersoqu v\u0259 hersoqinyas\u0131 koronavirus yay\u0131rlar. T\u0259\u0259ss\u00fcf edir\u0259m\u201d, &#8212; dey\u0259 \u015fahzad\u0259 Uilyam zarafat ed\u0259r\u0259k g\u00fcl\u00fcb.<\/p>\n\n\n\n<figure><iframe loading=\"lazy\" allowfullscreen=\"\" height=\"315\" src=\"https:\/\/player.baku.tv\/embed\/16186\" width=\"560\"><\/iframe><\/figure>\n\n\n\n<p>D\u00fcn\u0259n is\u0259 \u015eahzad\u0259 \u00c7arlz\u0131n&nbsp;<a href=\"https:\/\/oxu.az\/world\/374608\" target=\"_blank\" rel=\"noreferrer noopener\">koronavirusa yoluxdu\u011fu<\/a>&nbsp;m\u0259lum olub. Bu s\u0259b\u0259bd\u0259n o v\u0259 xan\u0131m\u0131 Kamilla \u0130sve\u00e7r\u0259d\u0259ki evl\u0259rind\u0259 \u00f6z\u00fcn\u00fct\u0259crid rejimind\u0259 qal\u0131rlar v\u0259 i\u015fl\u0259ri oradan idar\u0259 edirl\u0259r.&nbsp;<\/p>\n","protected":false},"excerpt":{"rendered":"<p>Bir m\u00fcdd\u0259t \u0259vv\u0259l Krali\u00e7a Elizabetin n\u0259v\u0259si \u015fahzad\u0259 Uilyam t\u0259cili yard\u0131m i\u015f\u00e7il\u0259ri il\u0259 zarafat ed\u0259r\u0259k, koronavirus epidemiyas\u0131n\u0131 yayd\u0131\u011f\u0131n\u0131 deyib. D\u00fcn\u0259n is\u0259 onun atas\u0131 \u015fahzad\u0259 \u00c7arlz\u0131n<\/p>\n","protected":false},"author":2,"featured_media":0,"comment_status":"closed","ping_status":"closed","sticky":false,"template":"","format":"standard","meta":{"footnotes":""},"categories":[13],"tags":[],"class_list":["post-3053","post","type-post","status-publish","format-standard","hentry","category-xarici"],"aioseo_notices":[],"_links":{"self":[{"href":"https:\/\/fedai.az\/index.php?rest_route=\/wp\/v2\/posts\/3053","targetHints":{"allow":["GET"]}}],"collection":[{"href":"https:\/\/fedai.az\/index.php?rest_route=\/wp\/v2\/posts"}],"about":[{"href":"https:\/\/fedai.az\/index.php?rest_route=\/wp\/v2\/types\/post"}],"author":[{"embeddable":true,"href":"https:\/\/fedai.az\/index.php?rest_route=\/wp\/v2\/users\/2"}],"replies":[{"embeddable":true,"href":"https:\/\/fedai.az\/index.php?rest_route=%2Fwp%2Fv2%2Fcomments&post=3053"}],"version-history":[{"count":1,"href":"https:\/\/fedai.az\/index.php?rest_route=\/wp\/v2\/posts\/3053\/revisions"}],"predecessor-version":[{"id":3055,"href":"https:\/\/fedai.az\/index.php?rest_route=\/wp\/v2\/posts\/3053\/revisions\/3055"}],"wp:attachment":[{"href":"https:\/\/fedai.az\/index.php?rest_route=%2Fwp%2Fv2%2Fmedia&parent=3053"}],"wp:term":[{"taxonomy":"category","embeddable":true,"href":"https:\/\/fedai.az\/index.php?rest_route=%2Fwp%2Fv2%2Fcategories&post=3053"},{"taxonomy":"post_tag","embeddable":true,"href":"https:\/\/fedai.az\/index.php?rest_route=%2Fwp%2Fv2%2Ftags&post=3053"}],"curies":[{"name":"wp","href":"https:\/\/api.w.org\/{rel}","templated":true}]}}