{"id":30536,"date":"2021-02-26T15:26:04","date_gmt":"2021-02-26T11:26:04","guid":{"rendered":"https:\/\/fedai.az\/?p=30536"},"modified":"2021-02-26T15:26:07","modified_gmt":"2021-02-26T11:26:07","slug":"ilham-%c9%99liyev-rusiya-sulhm%c9%99ramlilarinin-ozbasinaliqlarini-dil%c9%99-g%c9%99tirdi","status":"publish","type":"post","link":"https:\/\/fedai.az\/?p=30536","title":{"rendered":"\u0130lham \u018fliyev Rusiya s\u00fclhm\u0259raml\u0131lar\u0131n\u0131n \u00f6zba\u015f\u0131nal\u0131qlar\u0131n\u0131 dil\u0259 g\u0259tirdi"},"content":{"rendered":"\n<p><strong>\u201cBiz orada haz\u0131rda n\u0259yin ba\u015f verdiyini bilirdik v\u0259 bilirik. M\u00fcharib\u0259 d\u00f6vr\u00fcnd\u0259 d\u0259, ondan qabaq da bilirdik. Bu, t\u0259bii ki, biz\u0259 m\u00fcharib\u0259 vaxt\u0131 k\u00f6m\u0259k edirdi\u201d.<\/strong><\/p>\n\n\n\n<p>Bunu Az\u0259rbaycan Prezidenti \u0130lham \u018fliyev bu g\u00fcn yerli v\u0259 xarici jurnalistl\u0259r \u00fc\u00e7\u00fcn videoformatda ke\u00e7irdiyi m\u0259tbuat konfrans\u0131nda deyib.<\/p>\n\n\n\n<p>\u201cEl\u0259 indi d\u0259 k\u00f6m\u0259k edir. Ona g\u00f6r\u0259 indi Rusiya s\u00fclhm\u0259raml\u0131lar\u0131 t\u0259r\u0259find\u0259n xarici v\u0259t\u0259nda\u015flar\u0131n Da\u011fl\u0131q Qaraba\u011fa gizli burax\u0131l\u0131\u015f\u0131 istiqam\u0259tind\u0259 f\u0259aliyy\u0259tl\u0259ri g\u00f6r\u0259nd\u0259 bu, bizd\u0259 t\u0259\u0259cc\u00fcb do\u011furur. Biz Rusiya t\u0259r\u0259fi il\u0259 raz\u0131la\u015fm\u0131\u015f\u0131q ki, ora \u0259cn\u0259bil\u0259r yaln\u0131z bizim raz\u0131l\u0131qla daxil ola bil\u0259r. Raz\u0131la\u015fma da pozulur. \u018flav\u0259 he\u00e7 n\u0259 dem\u0259y\u0259c\u0259y\u0259m, b\u0259lk\u0259, bunu yen\u0259 \u015f\u0259rh etm\u0259k laz\u0131m olacaq. Ancaq ora kimin girib-\u00e7\u0131xd\u0131\u011f\u0131n\u0131 soyad\u0131nad\u0259k bilirik\u201d, &#8212; d\u00f6vl\u0259t ba\u015f\u00e7\u0131s\u0131 bildirib.(report)<\/p>\n","protected":false},"excerpt":{"rendered":"<p>\u201cBiz orada haz\u0131rda n\u0259yin ba\u015f verdiyini bilirdik v\u0259 bilirik. M\u00fcharib\u0259 d\u00f6vr\u00fcnd\u0259 d\u0259, ondan qabaq da bilirdik. Bu, t\u0259bii ki, biz\u0259 m\u00fcharib\u0259 vaxt\u0131 k\u00f6m\u0259k edirdi\u201d.<\/p>\n","protected":false},"author":2,"featured_media":30537,"comment_status":"closed","ping_status":"closed","sticky":false,"template":"","format":"standard","meta":{"footnotes":""},"categories":[4],"tags":[],"class_list":["post-30536","post","type-post","status-publish","format-standard","has-post-thumbnail","hentry","category-qarabag"],"aioseo_notices":[],"_links":{"self":[{"href":"https:\/\/fedai.az\/index.php?rest_route=\/wp\/v2\/posts\/30536","targetHints":{"allow":["GET"]}}],"collection":[{"href":"https:\/\/fedai.az\/index.php?rest_route=\/wp\/v2\/posts"}],"about":[{"href":"https:\/\/fedai.az\/index.php?rest_route=\/wp\/v2\/types\/post"}],"author":[{"embeddable":true,"href":"https:\/\/fedai.az\/index.php?rest_route=\/wp\/v2\/users\/2"}],"replies":[{"embeddable":true,"href":"https:\/\/fedai.az\/index.php?rest_route=%2Fwp%2Fv2%2Fcomments&post=30536"}],"version-history":[{"count":1,"href":"https:\/\/fedai.az\/index.php?rest_route=\/wp\/v2\/posts\/30536\/revisions"}],"predecessor-version":[{"id":30538,"href":"https:\/\/fedai.az\/index.php?rest_route=\/wp\/v2\/posts\/30536\/revisions\/30538"}],"wp:featuredmedia":[{"embeddable":true,"href":"https:\/\/fedai.az\/index.php?rest_route=\/wp\/v2\/media\/30537"}],"wp:attachment":[{"href":"https:\/\/fedai.az\/index.php?rest_route=%2Fwp%2Fv2%2Fmedia&parent=30536"}],"wp:term":[{"taxonomy":"category","embeddable":true,"href":"https:\/\/fedai.az\/index.php?rest_route=%2Fwp%2Fv2%2Fcategories&post=30536"},{"taxonomy":"post_tag","embeddable":true,"href":"https:\/\/fedai.az\/index.php?rest_route=%2Fwp%2Fv2%2Ftags&post=30536"}],"curies":[{"name":"wp","href":"https:\/\/api.w.org\/{rel}","templated":true}]}}