{"id":3056,"date":"2020-03-26T11:32:18","date_gmt":"2020-03-26T07:32:18","guid":{"rendered":"http:\/\/fedai.az\/?p=3056"},"modified":"2020-03-26T11:32:29","modified_gmt":"2020-03-26T07:32:29","slug":"r%c9%99sulzad%c9%99nin-n%c9%99v%c9%99si-mubariz-m%c9%99nsimov-h%c9%99bsxanalarda-curudul%c9%99si-ogul-deyil","status":"publish","type":"post","link":"https:\/\/fedai.az\/?p=3056","title":{"rendered":"R\u0259sulzad\u0259nin n\u0259v\u0259si: \u201cM\u00fcbariz M\u0259nsimov h\u0259bsxanalarda \u00e7\u00fcr\u00fcd\u00fcl\u0259si o\u011ful deyil\u201d"},"content":{"rendered":"\n<p><strong>T\u00fcrkiy\u0259d\u0259 FET\u00d6 ittiham\u0131 il\u0259 h\u0259bs edil\u0259n tan\u0131nm\u0131\u015f az\u0259rbaycanl\u0131 xeyriyy\u0259\u00e7i i\u015f adam\u0131 M\u00fcbariz M\u0259nsimovla ba\u011fl\u0131 ictimaiyy\u0259t v\u0259 inc\u0259s\u0259n\u0259t t\u0259msil\u00e7il\u0259ri \u00e7oxsayl\u0131 d\u0259st\u0259k a\u00e7\u0131qlamalar\u0131 verirl\u0259r.<\/strong><\/p>\n\n\n\n<p><strong>Fedai.az<\/strong>-\u0131n x\u0259b\u0259rin\u0259 g\u00f6r\u0259, Az\u0259rbaycan Xalq C\u00fcmhuriyy\u0259tinin qurucusu olan M\u0259h\u0259mm\u0259d \u018fmin R\u0259sulzad\u0259nin n\u0259v\u0259si Rais R\u0259sulzad\u0259 M\u00fcbariz M\u0259nsimovun h\u0259bs edilm\u0259si il\u0259 ba\u011fl\u0131 dan\u0131\u015f\u0131b. Rais R\u0259sulzad\u0259 h\u0259bsl\u0259 ba\u011fl\u0131 bunlar\u0131 deyib:<\/p>\n\n\n\n<p>\u201cM\u0259n M\u0259h\u0259mm\u0259d \u018fmin R\u0259sulzad\u0259 adl\u0131 g\u0259minin sulara burax\u0131lmas\u0131 \u0259r\u0259f\u0259sind\u0259 M\u00fcbariz M\u0259nsimovla \u00fcnsiyy\u0259td\u0259 olmu\u015fam. Az\u0259rbaycan v\u0259 T\u00fcrkiy\u0259 ictimaiyy\u0259tinin \u00e7oxsayl\u0131 n\u00fcmay\u0259nd\u0259l\u0259ri vard\u0131. H\u0259min g\u00f6r\u00fc\u015fd\u0259n g\u0259ldikd\u0259n sonra m\u0259n yazm\u0131\u015fd\u0131m ki, M\u00fcbariz Az\u0259rbaycan xalq\u0131n\u0131n \u00e7ox d\u0259y\u0259rli, intellektual, qeyr\u0259tli v\u0259 v\u0259t\u0259np\u0259rv\u0259r \u015f\u0259xsidir. Onun f\u0259aliyy\u0259tini biz d\u0259st\u0259kl\u0259yirik v\u0259 d\u0259st\u0259kl\u0259m\u0259liyik d\u0259. \u00c7\u00fcnki o ger\u00e7\u0259kd\u0259n d\u0259, b\u00f6y\u00fck-b\u00f6y\u00fck i\u015fl\u0259r g\u00f6r\u00fcr. H\u0259m Az\u0259rbaycan v\u0259 T\u00fcrkiy\u0259 d\u00f6vl\u0259ti \u00fc\u00e7\u00fcn. M\u00fcbariz bir \u00e7ox Az\u0259rbaycan xadiml\u0259rinin, Heyd\u0259r \u018fliyevin ad\u0131na g\u0259mil\u0259r burax\u0131b. H\u0259tta onun ofisind\u0259 h\u0259m R\u0259sulzad\u0259nin, h\u0259m Heyd\u0259r \u018fliyevin, h\u0259m \u018fb\u00fclf\u0259z El\u00e7ib\u0259yin portretl\u0259ri as\u0131lm\u0131\u015fd\u0131. M\u00fcbariz \u00e7ox demokratik d\u00fc\u015f\u00fcnc\u0259d\u0259 olan bir insand\u0131r. Xeyirxahd\u0131r. Biz onunla dan\u0131\u015fark\u0259n bilindi ki, M\u00fcbariz ail\u0259d\u0259 9 u\u015faqdan biridir. O, indiki yerl\u0259r\u0259 \u00e7\u0259tinlikl\u0259 y\u00fcks\u0259l\u0259 bilib. H\u0259mi\u015f\u0259 halal i\u015fl\u0259r g\u00f6r\u00fcb. M\u00fcbarizin xeyriyy\u0259\u00e7ilikl\u0259 suala bel\u0259 bir cavab\u0131 da var: \u201cK\u0259f\u0259nin cibl\u0259ri olmur, n\u0259yin varsa, payla\u015fmal\u0131san, \u0259l tutmal\u0131san insanlara\u201d.<\/p>\n\n\n\n<p>Rais R\u0259sulzad\u0259 daha sonra \u0259lav\u0259 edib ki, bu c\u00fcr inan\u0131lmaz hadis\u0259nin ba\u015f verm\u0259sind\u0259n k\u0259d\u0259rl\u0259nib. O, M\u00fcbariz M\u0259nsimovun xeyirxah i\u015fl\u0259rl\u0259 u\u011fra\u015fan insan oldu\u011funu s\u00f6yl\u0259y\u0259r\u0259k, bunlar\u0131 qeyd etdi:<\/p>\n\n\n\n<p>\u201cS\u00f6hb\u0259tl\u0259rind\u0259n b\u0259llidir ki, M\u00fcbariz h\u0259mi\u015f\u0259 ancaq xeyirxah i\u015fl\u0259rl\u0259 u\u011fra\u015fan bir insand\u0131r. V\u0259 biz ona h\u0259mi\u015f\u0259 d\u0259st\u0259k olmal\u0131y\u0131q. Ona z\u0259ng edirdim, k\u00f6m\u0259k\u00e7isi d\u0259st\u0259yi g\u00f6t\u00fcrm\u00fcrd\u00fc ki, bu h\u0259bsl\u0259 ba\u011fl\u0131 fikirl\u0259rimi bildirim. \u0130ndi sizin sayt vasit\u0259si il\u0259 \u00f6z fikirl\u0259rimi bildir\u0259 bilir\u0259m. Biz onu d\u0259st\u0259kl\u0259yirik v\u0259 arzu edirik ki, bu qara buludlar onun ba\u015f\u0131 \u00fcz\u0259rind\u0259n sovu\u015fsun. O, h\u0259bsxanalarda \u00e7\u00fcr\u00fcd\u00fcl\u0259si o\u011ful deyil. Onun f\u0259aliyy\u0259ti, g\u00f6rd\u00fcy\u00fc i\u015fl\u0259r xalq\u0131m\u0131za laz\u0131ml\u0131d\u0131r. H\u0259tta M\u00fcbariz toplant\u0131da o q\u0259d\u0259r s\u0259mimi idi ki, ziyaf\u0259td\u0259 biz masalarda \u0259yl\u0259\u015fmi\u015fdik. \u0130nsanlar etdikl\u0259rind\u0259n dolay\u0131, ona xo\u015f s\u00f6zl\u0259r deyirdi. O \u00f6z\u00fc yax\u0131nla\u015fd\u0131 m\u0259nim masama v\u0259 yan\u0131mda durdu v\u0259 R\u0259sulzad\u0259 v\u0259 Az\u0259rbaycan haqq\u0131nda \u00e7ox g\u00f6z\u0259l milli nitq s\u00f6yl\u0259di. O, \u00e7ox savadl\u0131 v\u0259 alic\u0259nab o\u011fland\u0131r. \u00c7ox g\u00f6z\u0259l m\u00f6vqeyi var, insansev\u0259rdir. \u00c7ox t\u0259\u0259cc\u00fcbl\u00fc bir i\u015fdir ki,nec\u0259 ola bil\u0259r ki, onunla ba\u011fl\u0131 bel\u0259 bir m\u0259s\u0259l\u0259l\u0259r qald\u0131r\u0131ls\u0131n?! O b\u00fct\u00fcn i\u015fl\u0259ri t\u0259miz g\u00f6r\u00fcb\u201d<strong>.\/Gununsesi.org\/<\/strong><br><\/p>\n","protected":false},"excerpt":{"rendered":"<p>T\u00fcrkiy\u0259d\u0259 FET\u00d6 ittiham\u0131 il\u0259 h\u0259bs edil\u0259n tan\u0131nm\u0131\u015f az\u0259rbaycanl\u0131 xeyriyy\u0259\u00e7i i\u015f adam\u0131 M\u00fcbariz M\u0259nsimovla ba\u011fl\u0131 ictimaiyy\u0259t v\u0259 inc\u0259s\u0259n\u0259t t\u0259msil\u00e7il\u0259ri \u00e7oxsayl\u0131 d\u0259st\u0259k a\u00e7\u0131qlamalar\u0131 verirl\u0259r. Fedai.az-\u0131n x\u0259b\u0259rin\u0259<\/p>\n","protected":false},"author":2,"featured_media":0,"comment_status":"closed","ping_status":"closed","sticky":false,"template":"","format":"standard","meta":{"footnotes":""},"categories":[3],"tags":[],"class_list":["post-3056","post","type-post","status-publish","format-standard","hentry","category-gundm"],"aioseo_notices":[],"_links":{"self":[{"href":"https:\/\/fedai.az\/index.php?rest_route=\/wp\/v2\/posts\/3056","targetHints":{"allow":["GET"]}}],"collection":[{"href":"https:\/\/fedai.az\/index.php?rest_route=\/wp\/v2\/posts"}],"about":[{"href":"https:\/\/fedai.az\/index.php?rest_route=\/wp\/v2\/types\/post"}],"author":[{"embeddable":true,"href":"https:\/\/fedai.az\/index.php?rest_route=\/wp\/v2\/users\/2"}],"replies":[{"embeddable":true,"href":"https:\/\/fedai.az\/index.php?rest_route=%2Fwp%2Fv2%2Fcomments&post=3056"}],"version-history":[{"count":1,"href":"https:\/\/fedai.az\/index.php?rest_route=\/wp\/v2\/posts\/3056\/revisions"}],"predecessor-version":[{"id":3058,"href":"https:\/\/fedai.az\/index.php?rest_route=\/wp\/v2\/posts\/3056\/revisions\/3058"}],"wp:attachment":[{"href":"https:\/\/fedai.az\/index.php?rest_route=%2Fwp%2Fv2%2Fmedia&parent=3056"}],"wp:term":[{"taxonomy":"category","embeddable":true,"href":"https:\/\/fedai.az\/index.php?rest_route=%2Fwp%2Fv2%2Fcategories&post=3056"},{"taxonomy":"post_tag","embeddable":true,"href":"https:\/\/fedai.az\/index.php?rest_route=%2Fwp%2Fv2%2Ftags&post=3056"}],"curies":[{"name":"wp","href":"https:\/\/api.w.org\/{rel}","templated":true}]}}