{"id":3060,"date":"2020-03-26T12:20:48","date_gmt":"2020-03-26T08:20:48","guid":{"rendered":"http:\/\/fedai.az\/?p=3060"},"modified":"2020-03-26T12:20:55","modified_gmt":"2020-03-26T08:20:55","slug":"abs-tarixinin-%c9%99n-boyuk-yardimini-ayirdi-6-trilyon","status":"publish","type":"post","link":"https:\/\/fedai.az\/?p=3060","title":{"rendered":"AB\u015e tarixinin \u0259n b\u00f6y\u00fck yard\u0131m\u0131n\u0131 ay\u0131rd\u0131: 6 trilyon"},"content":{"rendered":"\n<p><strong>AB\u015e-\u0131n koronavirusa qar\u015f\u0131 m\u00fcbariz\u0259d\u0259 maliyy\u0259 yard\u0131m\u0131 \u00fcmumilikd\u0259 6 trilyon dollar olacaq.<\/strong><\/p>\n\n\n\n<p>Milli.Az x\u0259b\u0259r verir ki, axar.az-\u0131n m\u0259lumat\u0131na g\u00f6r\u0259 bu s\u00f6zl\u0259ri AB\u015e Prezidentinin iqtisadi m\u0259s\u0259l\u0259l\u0259r \u00fczr\u0259 m\u00fc\u015faviri Larri Kudlou deyib.<\/p>\n\n\n\n<p>O bildirib ki, iki trilyon birba\u015fa yard\u0131md\u0131r, 4 trilyon is\u0259 Federal Ehtiyatlar Sistemind\u0259n kredit \u015f\u0259klind\u0259 veril\u0259c\u0259k.<\/p>\n\n\n\n<p>Onun s\u00f6zl\u0259rin\u0259 g\u00f6r\u0259, bu, AB\u015e tarixind\u0259 v\u0259t\u0259nda\u015flara g\u00f6st\u0259ril\u0259n \u0259n b\u00f6y\u00fck d\u0259st\u0259kdir. Bu v\u0259sait i\u015fsizl\u0259r\u0259, ail\u0259l\u0259r\u0259 v\u0259 f\u0259rdi sahibkarlara ayr\u0131lacaq.<\/p>\n\n\n\n<p>Kudlounun s\u00f6zl\u0259rin\u0259 g\u00f6r\u0259, v\u0259saitin yax\u0131n vaxtlarda verilm\u0259sin\u0259 ba\u015flan\u0131lacaq.\/<strong>Milli.Az<\/strong>\/<\/p>\n","protected":false},"excerpt":{"rendered":"<p>AB\u015e-\u0131n koronavirusa qar\u015f\u0131 m\u00fcbariz\u0259d\u0259 maliyy\u0259 yard\u0131m\u0131 \u00fcmumilikd\u0259 6 trilyon dollar olacaq. Milli.Az x\u0259b\u0259r verir ki, axar.az-\u0131n m\u0259lumat\u0131na g\u00f6r\u0259 bu s\u00f6zl\u0259ri AB\u015e Prezidentinin iqtisadi m\u0259s\u0259l\u0259l\u0259r<\/p>\n","protected":false},"author":2,"featured_media":0,"comment_status":"closed","ping_status":"closed","sticky":false,"template":"","format":"standard","meta":{"footnotes":""},"categories":[12],"tags":[],"class_list":["post-3060","post","type-post","status-publish","format-standard","hentry","category-sosial"],"aioseo_notices":[],"_links":{"self":[{"href":"https:\/\/fedai.az\/index.php?rest_route=\/wp\/v2\/posts\/3060","targetHints":{"allow":["GET"]}}],"collection":[{"href":"https:\/\/fedai.az\/index.php?rest_route=\/wp\/v2\/posts"}],"about":[{"href":"https:\/\/fedai.az\/index.php?rest_route=\/wp\/v2\/types\/post"}],"author":[{"embeddable":true,"href":"https:\/\/fedai.az\/index.php?rest_route=\/wp\/v2\/users\/2"}],"replies":[{"embeddable":true,"href":"https:\/\/fedai.az\/index.php?rest_route=%2Fwp%2Fv2%2Fcomments&post=3060"}],"version-history":[{"count":1,"href":"https:\/\/fedai.az\/index.php?rest_route=\/wp\/v2\/posts\/3060\/revisions"}],"predecessor-version":[{"id":3062,"href":"https:\/\/fedai.az\/index.php?rest_route=\/wp\/v2\/posts\/3060\/revisions\/3062"}],"wp:attachment":[{"href":"https:\/\/fedai.az\/index.php?rest_route=%2Fwp%2Fv2%2Fmedia&parent=3060"}],"wp:term":[{"taxonomy":"category","embeddable":true,"href":"https:\/\/fedai.az\/index.php?rest_route=%2Fwp%2Fv2%2Fcategories&post=3060"},{"taxonomy":"post_tag","embeddable":true,"href":"https:\/\/fedai.az\/index.php?rest_route=%2Fwp%2Fv2%2Ftags&post=3060"}],"curies":[{"name":"wp","href":"https:\/\/api.w.org\/{rel}","templated":true}]}}