{"id":30614,"date":"2021-02-27T11:36:21","date_gmt":"2021-02-27T07:36:21","guid":{"rendered":"https:\/\/fedai.az\/?p=30614"},"modified":"2021-02-27T11:36:22","modified_gmt":"2021-02-27T07:36:22","slug":"bu-il-3-min%c9%99-yaxin-s%c9%99hid-ail%c9%99si-v%c9%99-muharib%c9%99-%c9%99lili-m%c9%99nzil-v%c9%99-f%c9%99rdi-evl%c9%99-t%c9%99min-olunacaq","status":"publish","type":"post","link":"https:\/\/fedai.az\/?p=30614","title":{"rendered":"Bu il 3 min\u0259 yax\u0131n \u015f\u0259hid ail\u0259si v\u0259 m\u00fcharib\u0259 \u0259lili m\u0259nzil v\u0259 f\u0259rdi evl\u0259 t\u0259min olunacaq"},"content":{"rendered":"\n<p><strong>Prezident \u0130lham \u018fliyevin \u015f\u0259hid ail\u0259l\u0259ri v\u0259 m\u00fcharib\u0259 \u0259lill\u0259rin\u0259 x\u00fcsusi qay\u011f\u0131s\u0131 n\u0259tic\u0259sind\u0259 m\u0259nzil v\u0259 f\u0259rdi evl\u0259 t\u0259minat proqram\u0131 2021-ci ild\u0259 2 d\u0259f\u0259y\u0259 q\u0259d\u0259r geni\u015fl\u0259n\u0259c\u0259k. Bu il 3 min\u0259 yax\u0131n \u015f\u0259hid ail\u0259si v\u0259 m\u00fcharib\u0259 \u0259lili m\u0259nzil v\u0259 f\u0259rdi evl\u0259 t\u0259min olunacaq.<\/strong><\/p>\n\n\n\n<p>Bunu \u0259m\u0259k v\u0259 \u0259halinin sosial m\u00fcdafi\u0259si naziri Sahil Babayev Nazirlikd\u0259 ke\u00e7iril\u0259n kollegiya iclas\u0131nda bildirib.<\/p>\n\n\n\n<p>Nazir qeyd edib ki, Prezidentin i\u015ftirak\u0131 il\u0259 fevral\u0131n 25-d\u0259 \u015ea\u011fan Reabilitasiya Pansionat\u0131n\u0131n a\u00e7\u0131l\u0131\u015f\u0131, \u015f\u0259hid ail\u0259l\u0259ri v\u0259 m\u00fcharib\u0259 \u0259lill\u0259rin\u0259 m\u0259nzill\u0259rin t\u0259qdim olunmas\u0131 \u015f\u0259hid ail\u0259l\u0259rinin, m\u00fcharib\u0259 \u0259lill\u0259rinin y\u00fcks\u0259k qay\u011f\u0131 il\u0259 \u0259hat\u0259 olunmas\u0131 i\u015fl\u0259rinin u\u011furla v\u0259 daha geni\u015f miqyasda davam etdirildiyini g\u00f6st\u0259rir. H\u0259min t\u0259dbird\u0259 \u00e7\u0131x\u0131\u015f\u0131nda Prezident \u0130lham \u018fliyev \u00f6t\u0259n d\u00f6vrd\u0259 9200-\u0259 yax\u0131n \u015f\u0259hid ail\u0259si v\u0259 m\u00fcharib\u0259 \u0259lilinin m\u0259nzill\u0259rl\u0259 t\u0259min edildiyini, t\u0259kc\u0259 ke\u00e7\u0259n il 1572 m\u0259nzilin verildiyini, bu il d\u0259 3 min\u0259 yax\u0131n m\u0259nzil veril\u0259c\u0259yini, m\u00fcharib\u0259 \u0259lill\u0259rin\u0259 7200-\u0259 yax\u0131n minik avtoma\u015f\u0131n\u0131 verildiyini diqq\u0259t\u0259 \u00e7atd\u0131rd\u0131. D\u00f6vl\u0259t ba\u015f\u00e7\u0131s\u0131 \u201cBizim bu sah\u0259d\u0259ki siyas\u0259timiz birm\u0259nal\u0131d\u0131r. Bu siyas\u0259t m\u0259n\u0259vi normalara \u0259saslan\u0131r v\u0259 V\u0259t\u0259n u\u011frunda can\u0131ndan ke\u00e7mi\u015f insanlar\u0131n yax\u0131nlar\u0131 d\u00f6vl\u0259t t\u0259r\u0259find\u0259n bundan sonra da qay\u011f\u0131 il\u0259, diqq\u0259tl\u0259 \u0259hat\u0259 olunacaqlar\u201d dey\u0259 b\u0259yan etdi.<\/p>\n","protected":false},"excerpt":{"rendered":"<p>Prezident \u0130lham \u018fliyevin \u015f\u0259hid ail\u0259l\u0259ri v\u0259 m\u00fcharib\u0259 \u0259lill\u0259rin\u0259 x\u00fcsusi qay\u011f\u0131s\u0131 n\u0259tic\u0259sind\u0259 m\u0259nzil v\u0259 f\u0259rdi evl\u0259 t\u0259minat proqram\u0131 2021-ci ild\u0259 2 d\u0259f\u0259y\u0259 q\u0259d\u0259r geni\u015fl\u0259n\u0259c\u0259k. Bu<\/p>\n","protected":false},"author":2,"featured_media":0,"comment_status":"closed","ping_status":"closed","sticky":false,"template":"","format":"standard","meta":{"footnotes":""},"categories":[12],"tags":[],"class_list":["post-30614","post","type-post","status-publish","format-standard","hentry","category-sosial"],"aioseo_notices":[],"_links":{"self":[{"href":"https:\/\/fedai.az\/index.php?rest_route=\/wp\/v2\/posts\/30614","targetHints":{"allow":["GET"]}}],"collection":[{"href":"https:\/\/fedai.az\/index.php?rest_route=\/wp\/v2\/posts"}],"about":[{"href":"https:\/\/fedai.az\/index.php?rest_route=\/wp\/v2\/types\/post"}],"author":[{"embeddable":true,"href":"https:\/\/fedai.az\/index.php?rest_route=\/wp\/v2\/users\/2"}],"replies":[{"embeddable":true,"href":"https:\/\/fedai.az\/index.php?rest_route=%2Fwp%2Fv2%2Fcomments&post=30614"}],"version-history":[{"count":1,"href":"https:\/\/fedai.az\/index.php?rest_route=\/wp\/v2\/posts\/30614\/revisions"}],"predecessor-version":[{"id":30616,"href":"https:\/\/fedai.az\/index.php?rest_route=\/wp\/v2\/posts\/30614\/revisions\/30616"}],"wp:attachment":[{"href":"https:\/\/fedai.az\/index.php?rest_route=%2Fwp%2Fv2%2Fmedia&parent=30614"}],"wp:term":[{"taxonomy":"category","embeddable":true,"href":"https:\/\/fedai.az\/index.php?rest_route=%2Fwp%2Fv2%2Fcategories&post=30614"},{"taxonomy":"post_tag","embeddable":true,"href":"https:\/\/fedai.az\/index.php?rest_route=%2Fwp%2Fv2%2Ftags&post=30614"}],"curies":[{"name":"wp","href":"https:\/\/api.w.org\/{rel}","templated":true}]}}