{"id":30899,"date":"2021-03-02T00:55:15","date_gmt":"2021-03-01T20:55:15","guid":{"rendered":"https:\/\/fedai.az\/?p=30899"},"modified":"2021-03-02T00:55:17","modified_gmt":"2021-03-01T20:55:17","slug":"h%c9%99r-bir-qazimizi-yuks%c9%99k-texnologiyali-protezl%c9%99rl%c9%99-t%c9%99min-ed%c9%99c%c9%99yik-nazir","status":"publish","type":"post","link":"https:\/\/fedai.az\/?p=30899","title":{"rendered":"&#171;H\u0259r bir qazimizi y\u00fcks\u0259k texnologiyal\u0131 protezl\u0259rl\u0259 t\u0259min ed\u0259c\u0259yik&#187; &#8212; Nazir"},"content":{"rendered":"\n<p><strong>Prezident \u0130lham \u018fliyevin tap\u015f\u0131r\u0131\u011f\u0131 il\u0259 \u018fm\u0259k v\u0259 \u018fhalinin Sosial M\u00fcdafi\u0259si Nazirliyi \u00f6lk\u0259mizin \u0259razi b\u00fct\u00f6vl\u00fcy\u00fc u\u011frunda d\u00f6y\u00fc\u015fl\u0259rd\u0259 yaralanaraq orqanlar\u0131n\u0131 itirmi\u015f v\u0259t\u0259nda\u015flar\u0131m\u0131z\u0131n y\u00fcks\u0259k texnologiyal\u0131, elektron protezl\u0259rl\u0259 t\u0259minat\u0131na ba\u015flay\u0131b. Onlar\u0131n h\u0259r birinin m\u00fcasir protez t\u0259minat\u0131 h\u0259yata ke\u00e7iril\u0259c\u0259k.<br><\/strong><br><a href=\"https:\/\/bakupost.az\/\">Bakupost.az&nbsp;<\/a>x\u0259b\u0259r verir ki, bu bar\u0259d\u0259 K\u0130V-\u0259 m\u00fcsahib\u0259sind\u0259 m\u0259lumat ver\u0259n \u0259m\u0259k v\u0259 \u0259halinin sosial m\u00fcdafi\u0259si naziri Sahil Babayev son iki ild\u0259 \u00f6lk\u0259nin b\u00fct\u00fcn regonlar\u0131n\u0131 \u0259hat\u0259 ed\u0259n 11 reabilitasiya v\u0259 sosial xidm\u0259t m\u0259rk\u0259zinin tam t\u0259mir edilmi\u015f, yenid\u0259n qurulmu\u015f, m\u00fcasir avadanl\u0131qlarla t\u0259chiz edilmi\u015f \u015f\u0259kild\u0259 istifad\u0259y\u0259 verildiyini deyib.<\/p>\n\n\n\n<p>Nazir bildirib ki, 2021-ci ild\u0259 daha 4 bel\u0259 m\u0259rk\u0259zin a\u00e7\u0131lmas\u0131 n\u0259z\u0259rd\u0259 tutulub. Prezident \u0130lham \u018fliyevin i\u015ftirak\u0131 il\u0259 onlardan birinin \u2013 \u00f6lk\u0259d\u0259 \u0259n iri reabilitasiya m\u00fc\u0259ssis\u0259si olan \u015ea\u011fan Reabilitasiya Pansionat\u0131n\u0131n fevral\u0131n 25-d\u0259 a\u00e7\u0131l\u0131\u015f\u0131 olub. \u00dcmumilikd\u0259, yarad\u0131lm\u0131\u015f potensial ild\u0259 art\u0131q 30 min \u0259lilliyi olan \u015f\u0259xs\u0259 reabilitasiya xidm\u0259ti g\u00f6st\u0259rm\u0259y\u0259 imkan verir.<\/p>\n\n\n\n<figure class=\"wp-block-image size-large is-resized\"><img loading=\"lazy\" decoding=\"async\" src=\"https:\/\/fedai.az\/wp-content\/uploads\/2021\/03\/2021-03-01-17-29-19QhzjDqtiZScxlFzrrAcA_file.jpg\" alt=\"\" class=\"wp-image-30900\" width=\"1076\" height=\"1076\" srcset=\"https:\/\/fedai.az\/wp-content\/uploads\/2021\/03\/2021-03-01-17-29-19QhzjDqtiZScxlFzrrAcA_file.jpg 750w, https:\/\/fedai.az\/wp-content\/uploads\/2021\/03\/2021-03-01-17-29-19QhzjDqtiZScxlFzrrAcA_file-300x300.jpg 300w, https:\/\/fedai.az\/wp-content\/uploads\/2021\/03\/2021-03-01-17-29-19QhzjDqtiZScxlFzrrAcA_file-150x150.jpg 150w, https:\/\/fedai.az\/wp-content\/uploads\/2021\/03\/2021-03-01-17-29-19QhzjDqtiZScxlFzrrAcA_file-215x215.jpg 215w\" sizes=\"auto, (max-width: 1076px) 100vw, 1076px\" \/><\/figure>\n","protected":false},"excerpt":{"rendered":"<p>Prezident \u0130lham \u018fliyevin tap\u015f\u0131r\u0131\u011f\u0131 il\u0259 \u018fm\u0259k v\u0259 \u018fhalinin Sosial M\u00fcdafi\u0259si Nazirliyi \u00f6lk\u0259mizin \u0259razi b\u00fct\u00f6vl\u00fcy\u00fc u\u011frunda d\u00f6y\u00fc\u015fl\u0259rd\u0259 yaralanaraq orqanlar\u0131n\u0131 itirmi\u015f v\u0259t\u0259nda\u015flar\u0131m\u0131z\u0131n y\u00fcks\u0259k texnologiyal\u0131, elektron protezl\u0259rl\u0259<\/p>\n","protected":false},"author":2,"featured_media":30901,"comment_status":"closed","ping_status":"closed","sticky":false,"template":"","format":"standard","meta":{"footnotes":""},"categories":[12],"tags":[],"class_list":["post-30899","post","type-post","status-publish","format-standard","has-post-thumbnail","hentry","category-sosial"],"aioseo_notices":[],"_links":{"self":[{"href":"https:\/\/fedai.az\/index.php?rest_route=\/wp\/v2\/posts\/30899","targetHints":{"allow":["GET"]}}],"collection":[{"href":"https:\/\/fedai.az\/index.php?rest_route=\/wp\/v2\/posts"}],"about":[{"href":"https:\/\/fedai.az\/index.php?rest_route=\/wp\/v2\/types\/post"}],"author":[{"embeddable":true,"href":"https:\/\/fedai.az\/index.php?rest_route=\/wp\/v2\/users\/2"}],"replies":[{"embeddable":true,"href":"https:\/\/fedai.az\/index.php?rest_route=%2Fwp%2Fv2%2Fcomments&post=30899"}],"version-history":[{"count":1,"href":"https:\/\/fedai.az\/index.php?rest_route=\/wp\/v2\/posts\/30899\/revisions"}],"predecessor-version":[{"id":30902,"href":"https:\/\/fedai.az\/index.php?rest_route=\/wp\/v2\/posts\/30899\/revisions\/30902"}],"wp:featuredmedia":[{"embeddable":true,"href":"https:\/\/fedai.az\/index.php?rest_route=\/wp\/v2\/media\/30901"}],"wp:attachment":[{"href":"https:\/\/fedai.az\/index.php?rest_route=%2Fwp%2Fv2%2Fmedia&parent=30899"}],"wp:term":[{"taxonomy":"category","embeddable":true,"href":"https:\/\/fedai.az\/index.php?rest_route=%2Fwp%2Fv2%2Fcategories&post=30899"},{"taxonomy":"post_tag","embeddable":true,"href":"https:\/\/fedai.az\/index.php?rest_route=%2Fwp%2Fv2%2Ftags&post=30899"}],"curies":[{"name":"wp","href":"https:\/\/api.w.org\/{rel}","templated":true}]}}