{"id":3091,"date":"2020-03-27T01:06:04","date_gmt":"2020-03-26T21:06:04","guid":{"rendered":"http:\/\/fedai.az\/?p=3091"},"modified":"2020-03-27T01:06:09","modified_gmt":"2020-03-26T21:06:09","slug":"sagirdl%c9%99rinin-kec%c9%99-bilm%c9%99diyi-movzulardan-test-tapsirigi-salinmayacaq","status":"publish","type":"post","link":"https:\/\/fedai.az\/?p=3091","title":{"rendered":"\u015eagirdl\u0259rinin ke\u00e7\u0259 bilm\u0259diyi m\u00f6vzulardan test tap\u015f\u0131r\u0131\u011f\u0131 sal\u0131nmayacaq"},"content":{"rendered":"\n<p><strong>&#171;D\u0130M-in ke\u00e7irdiyi builki b\u00fct\u00fcn n\u00f6v imtahanlarda t\u0259dris olunmayan m\u00f6vzulardan suallar t\u0259rtib olunmayacaq\u201d.\u00a0<\/strong><\/p>\n\n\n\n<p><br>Bunu t\u0259hsil eksperti Kamran \u018fs\u0259dov deyib. O bildirib ki, 3 martdan etibar\u0259n 9-cu v\u0259 11-ci sinif \u015fagirdl\u0259rinin ke\u00e7m\u0259li oldu\u011fu, amma ke\u00e7\u0259 bilm\u0259diyi m\u00f6vzulardan test tap\u015f\u0131r\u0131\u011f\u0131 sal\u0131nmayacaq:<\/p>\n\n\n\n<p><br>&#171;Amma 11-ci sinif \u015fagirdinin 3 martdan sonra ke\u00e7m\u0259li oldu\u011fu bir \u00e7ox m\u00f6vzular\u0131 o, 9-cu sinifd\u0259 oxuyanda ke\u00e7ib. Ona g\u00f6r\u0259 d\u0259, m\u0259hz h\u0259min m\u00f6vzular\u0131 11-ci sinif d\u0259rslikl\u0259rind\u0259n yox, 9 cu sinif d\u0259rslikl\u0259rind\u0259n oxuyub \u00f6yr\u0259nsinl\u0259r.\u00a0<\/p>\n\n\n\n<p><br>Bir daha qeyd etm\u0259k ist\u0259yir\u0259m ki, b\u00fct\u00fcn f\u0259nl\u0259r v\u0259 b\u00f6lm\u0259l\u0259r \u00fczr\u0259 t\u0259dris olunmayan m\u00f6vzulardan suallar t\u0259rtib olunmayacaq\u201d.\u00a0<\/p>\n\n\n\n<p><br>Ekspert qeyd edib ki, h\u0259tta t\u0259dris b\u0259rpa olunduqdan sonra da bu m\u00f6vzular ke\u00e7irils\u0259 bel\u0259, onlardan test tap\u015f\u0131r\u0131\u011f\u0131 t\u0259qdim olunmayacaq. <\/p>\n","protected":false},"excerpt":{"rendered":"<p>&#171;D\u0130M-in ke\u00e7irdiyi builki b\u00fct\u00fcn n\u00f6v imtahanlarda t\u0259dris olunmayan m\u00f6vzulardan suallar t\u0259rtib olunmayacaq\u201d.\u00a0 Bunu t\u0259hsil eksperti Kamran \u018fs\u0259dov deyib. O bildirib ki, 3 martdan etibar\u0259n<\/p>\n","protected":false},"author":2,"featured_media":0,"comment_status":"closed","ping_status":"closed","sticky":false,"template":"","format":"standard","meta":{"footnotes":""},"categories":[8],"tags":[],"class_list":["post-3091","post","type-post","status-publish","format-standard","hentry","category-thsil"],"aioseo_notices":[],"_links":{"self":[{"href":"https:\/\/fedai.az\/index.php?rest_route=\/wp\/v2\/posts\/3091","targetHints":{"allow":["GET"]}}],"collection":[{"href":"https:\/\/fedai.az\/index.php?rest_route=\/wp\/v2\/posts"}],"about":[{"href":"https:\/\/fedai.az\/index.php?rest_route=\/wp\/v2\/types\/post"}],"author":[{"embeddable":true,"href":"https:\/\/fedai.az\/index.php?rest_route=\/wp\/v2\/users\/2"}],"replies":[{"embeddable":true,"href":"https:\/\/fedai.az\/index.php?rest_route=%2Fwp%2Fv2%2Fcomments&post=3091"}],"version-history":[{"count":1,"href":"https:\/\/fedai.az\/index.php?rest_route=\/wp\/v2\/posts\/3091\/revisions"}],"predecessor-version":[{"id":3092,"href":"https:\/\/fedai.az\/index.php?rest_route=\/wp\/v2\/posts\/3091\/revisions\/3092"}],"wp:attachment":[{"href":"https:\/\/fedai.az\/index.php?rest_route=%2Fwp%2Fv2%2Fmedia&parent=3091"}],"wp:term":[{"taxonomy":"category","embeddable":true,"href":"https:\/\/fedai.az\/index.php?rest_route=%2Fwp%2Fv2%2Fcategories&post=3091"},{"taxonomy":"post_tag","embeddable":true,"href":"https:\/\/fedai.az\/index.php?rest_route=%2Fwp%2Fv2%2Ftags&post=3091"}],"curies":[{"name":"wp","href":"https:\/\/api.w.org\/{rel}","templated":true}]}}