{"id":31120,"date":"2021-03-04T02:20:30","date_gmt":"2021-03-03T22:20:30","guid":{"rendered":"https:\/\/fedai.az\/?p=31120"},"modified":"2021-03-04T10:35:14","modified_gmt":"2021-03-04T06:35:14","slug":"avmvib-yasamal-sob%c9%99si-yeni-uzvl%c9%99rl%c9%99-gorusub","status":"publish","type":"post","link":"https:\/\/fedai.az\/?p=31120","title":{"rendered":"AVMV\u0130B N\u0259simi \u015f\u00f6b\u0259si yeni \u00fczvl\u0259rl\u0259 g\u00f6r\u00fc\u015f\u00fcb"},"content":{"rendered":"\n<p><strong>Bu g\u00fcn Az\u0259rbaycan V\u0259t\u0259n M\u00fcharib\u0259si Veteranlar\u0131 \u0130ctimai Birliyi (AVMV\u0130B) N\u0259simi rayon \u015f\u00f6b\u0259sind\u0259 ordudan t\u0259rxis olunmu\u015f bir qrup g\u0259nc d\u00f6y\u00fc\u015f\u00e7\u00fc il\u0259 g\u00f6r\u00fc\u015f ke\u00e7irilib v\u0259 onlara AVMV\u0130B-in \u00fczvl\u00fck v\u0259siq\u0259l\u0259ri t\u0259qdim edilib.<\/strong><\/p>\n\n\n\n<p><br>Bu bar\u0259d\u0259 AVMV\u0130B N\u0259simi rayon \u015f\u00f6b\u0259sinin s\u0259dri Elmar H\u00fcseynov m\u0259lumat verib.<\/p>\n\n\n\n<p>G\u0259ncl\u0259r\u0259 \u00fczvl\u00fck v\u0259siq\u0259l\u0259rini t\u0259qdim ed\u0259n Az\u0259rbaycan V\u0259t\u0259n M\u00fcharib\u0259si Veteranlar\u0131 \u0130ctimai Birliyinin (AVMV\u0130B) N\u0259simi rayon \u015f\u00f6b\u0259sinin s\u0259dri Elmar H\u00fcseynov bildirib ki, g\u0259nc d\u00f6y\u00fc\u015f\u00e7\u00fcl\u0259r &#8212; K\u0259nan \u0130brahimov v\u0259 Yusif H\u00fcmb\u0259tva \u00fczvl\u00fck v\u0259siq\u0259l\u0259ri t\u0259qdim edilib.<\/p>\n\n\n\n<p><br>Xat\u0131rladaq ki, bu g\u00fcn AVMV\u0130B N\u0259simi rayon \u015f\u00f6b\u0259sinin q\u0259rargah\u0131 yoxdur. Edilmi\u015f m\u00fcraci\u0259tl\u0259r\u0259 baxmayaraq bu problemin h\u0259llind\u0259 indiy\u0259d\u0259k he\u00e7 bir \u0259m\u0259li i\u015f g\u00f6r\u00fclm\u0259yib. Lakin bu s\u0131x\u0131nt\u0131lara baxmayaraq Elmar H\u00fcseynov g\u0259nc d\u00f6y\u00fc\u015f\u00e7\u00fcl\u0259rin c\u0259miyy\u0259t\u0259 adaptasiya olunmas\u0131 v\u0259 onlar\u0131n probleml\u0259rinin h\u0259llind\u0259 yard\u0131m\u00e7\u0131 olma\u011fa \u00e7al\u0131\u015f\u0131r. H\u0259l\u0259 d\u0259 iki m\u00fcharib\u0259 g\u00f6rm\u00fc\u015f b\u0259zi m\u0259murlar d\u00f6y\u00fc\u015f\u00e7\u00fc t\u0259\u015fkilatlar\u0131na m\u00fcnasib\u0259tl\u0259rini d\u0259yi\u015fm\u0259yibl\u0259r.<\/p>\n\n\n\n<p><strong>Elnur S\u0259lim<\/strong><\/p>\n\n\n\n<figure class=\"wp-block-image size-large is-resized\"><img loading=\"lazy\" decoding=\"async\" src=\"https:\/\/fedai.az\/wp-content\/uploads\/2021\/03\/156573354_214051167076908_2203539369685870723_n-859x1024.jpg\" alt=\"\" class=\"wp-image-31121\" width=\"1093\" height=\"1303\" srcset=\"https:\/\/fedai.az\/wp-content\/uploads\/2021\/03\/156573354_214051167076908_2203539369685870723_n-859x1024.jpg 859w, https:\/\/fedai.az\/wp-content\/uploads\/2021\/03\/156573354_214051167076908_2203539369685870723_n-252x300.jpg 252w, https:\/\/fedai.az\/wp-content\/uploads\/2021\/03\/156573354_214051167076908_2203539369685870723_n-126x150.jpg 126w, https:\/\/fedai.az\/wp-content\/uploads\/2021\/03\/156573354_214051167076908_2203539369685870723_n-768x915.jpg 768w, https:\/\/fedai.az\/wp-content\/uploads\/2021\/03\/156573354_214051167076908_2203539369685870723_n.jpg 913w\" sizes=\"auto, (max-width: 1093px) 100vw, 1093px\" \/><\/figure>\n\n\n\n<figure class=\"wp-block-image size-large is-resized\"><img loading=\"lazy\" decoding=\"async\" src=\"https:\/\/fedai.az\/wp-content\/uploads\/2021\/03\/157241872_242553477591151_7641085043700259015_n-763x1024.jpg\" alt=\"\" class=\"wp-image-31122\" width=\"1093\" height=\"1466\" srcset=\"https:\/\/fedai.az\/wp-content\/uploads\/2021\/03\/157241872_242553477591151_7641085043700259015_n-763x1024.jpg 763w, https:\/\/fedai.az\/wp-content\/uploads\/2021\/03\/157241872_242553477591151_7641085043700259015_n-224x300.jpg 224w, https:\/\/fedai.az\/wp-content\/uploads\/2021\/03\/157241872_242553477591151_7641085043700259015_n-112x150.jpg 112w, https:\/\/fedai.az\/wp-content\/uploads\/2021\/03\/157241872_242553477591151_7641085043700259015_n-768x1030.jpg 768w, https:\/\/fedai.az\/wp-content\/uploads\/2021\/03\/157241872_242553477591151_7641085043700259015_n.jpg 934w\" sizes=\"auto, (max-width: 1093px) 100vw, 1093px\" \/><\/figure>\n","protected":false},"excerpt":{"rendered":"<p>Bu g\u00fcn Az\u0259rbaycan V\u0259t\u0259n M\u00fcharib\u0259si Veteranlar\u0131 \u0130ctimai Birliyi (AVMV\u0130B) N\u0259simi rayon \u015f\u00f6b\u0259sind\u0259 ordudan t\u0259rxis olunmu\u015f bir qrup g\u0259nc d\u00f6y\u00fc\u015f\u00e7\u00fc il\u0259 g\u00f6r\u00fc\u015f ke\u00e7irilib v\u0259 onlara<\/p>\n","protected":false},"author":2,"featured_media":31123,"comment_status":"closed","ping_status":"closed","sticky":false,"template":"","format":"standard","meta":{"footnotes":""},"categories":[5],"tags":[],"class_list":["post-31120","post","type-post","status-publish","format-standard","has-post-thumbnail","hentry","category-veteran"],"aioseo_notices":[],"_links":{"self":[{"href":"https:\/\/fedai.az\/index.php?rest_route=\/wp\/v2\/posts\/31120","targetHints":{"allow":["GET"]}}],"collection":[{"href":"https:\/\/fedai.az\/index.php?rest_route=\/wp\/v2\/posts"}],"about":[{"href":"https:\/\/fedai.az\/index.php?rest_route=\/wp\/v2\/types\/post"}],"author":[{"embeddable":true,"href":"https:\/\/fedai.az\/index.php?rest_route=\/wp\/v2\/users\/2"}],"replies":[{"embeddable":true,"href":"https:\/\/fedai.az\/index.php?rest_route=%2Fwp%2Fv2%2Fcomments&post=31120"}],"version-history":[{"count":2,"href":"https:\/\/fedai.az\/index.php?rest_route=\/wp\/v2\/posts\/31120\/revisions"}],"predecessor-version":[{"id":31159,"href":"https:\/\/fedai.az\/index.php?rest_route=\/wp\/v2\/posts\/31120\/revisions\/31159"}],"wp:featuredmedia":[{"embeddable":true,"href":"https:\/\/fedai.az\/index.php?rest_route=\/wp\/v2\/media\/31123"}],"wp:attachment":[{"href":"https:\/\/fedai.az\/index.php?rest_route=%2Fwp%2Fv2%2Fmedia&parent=31120"}],"wp:term":[{"taxonomy":"category","embeddable":true,"href":"https:\/\/fedai.az\/index.php?rest_route=%2Fwp%2Fv2%2Fcategories&post=31120"},{"taxonomy":"post_tag","embeddable":true,"href":"https:\/\/fedai.az\/index.php?rest_route=%2Fwp%2Fv2%2Ftags&post=31120"}],"curies":[{"name":"wp","href":"https:\/\/api.w.org\/{rel}","templated":true}]}}