{"id":32980,"date":"2026-03-22T11:55:02","date_gmt":"2026-03-22T07:55:02","guid":{"rendered":"https:\/\/fedai.az\/?p=32980"},"modified":"2026-03-22T12:13:20","modified_gmt":"2026-03-22T08:13:20","slug":"t%c9%99brik-fuad-s%c9%99miyev-47","status":"publish","type":"post","link":"https:\/\/fedai.az\/?p=32980","title":{"rendered":"T\u018fBR\u0130K: FUAD S\u018fM\u0130YEV &#8212; 53"},"content":{"rendered":"\n<p>Bu g\u00fcn silahda\u015flar\u0131m\u0131zdan birinin, Az\u0259rbaycan V\u0259t\u0259n M\u00fcharib\u0259si Veteranlar\u0131 \u0130ctimai Birliyinin (AVMV\u0130B) \u015eamax\u0131 rayon \u015f\u00f6b\u0259sinin s\u0259dri Fuad S\u0259miyevin do\u011fum g\u00fcn\u00fcd\u00fcr. 1973-c\u00fc ild\u0259 anadan olan Fuad S\u0259miyevin mart ay\u0131n\u0131n 22-d\u0259 53 ya\u015f\u0131 tamam olur.<\/p>\n\n\n\n<p>Daxili \u0130\u015fl\u0259r Nazirliyi Daxili Qo\u015funlar\u0131n \u018flibayraml\u0131, Hacqabil v\u0259 Z\u0259ngilan rayonlar\u0131nda yerl\u0259\u015f\u0259n h\u0259rbi hiss\u0259l\u0259rd\u0259 xidm\u0259t etdiyi ill\u0259r \u0259rzind\u0259 Az\u0259rbaycan\u0131n \u0259razi b\u00fct\u00f6vl\u00fcy\u00fc u\u011frunda ged\u0259n d\u00f6y\u00fc\u015fl\u0259rd\u0259 i\u015ftirak etmi\u015f Fuad S\u0259miyev haz\u0131rda AVMV\u0130B \u015eamax\u0131 rayon \u015f\u00f6b\u0259sinin s\u0259dridir. Z\u0259f\u0259r m\u00fcjd\u0259li m\u00fcharib\u0259d\u0259n geri d\u00f6nm\u00fc\u015f qazil\u0259rimizl\u0259 f\u0259al i\u015f aparmaqdad\u0131r.<\/p>\n\n\n\n<p>Az\u0259rbaycan V\u0259t\u0259n M\u00fcharib\u0259si Veteranlar\u0131 \u0130ctimai Birliyinin (AVMV\u0130B) r\u0259hb\u0259rliyi Fuad \u00d6t\u0259rxan o\u011flu S\u0259miyevi ad g\u00fcn\u00fc m\u00fcnasib\u0259ti il\u0259 t\u0259brik edir, ona uzun \u00f6m\u00fcr v\u0259 cansa\u011fl\u0131\u011f\u0131 arzulay\u0131r.<\/p>\n\n\n\n<p><strong>AVMV\u0130B-in M\u0259tbuat xidm\u0259ti<\/strong><\/p>\n","protected":false},"excerpt":{"rendered":"<p>Bu g\u00fcn silahda\u015flar\u0131m\u0131zdan birinin, Az\u0259rbaycan V\u0259t\u0259n M\u00fcharib\u0259si Veteranlar\u0131 \u0130ctimai Birliyinin (AVMV\u0130B) \u015eamax\u0131 rayon \u015f\u00f6b\u0259sinin s\u0259dri Fuad S\u0259miyevin do\u011fum g\u00fcn\u00fcd\u00fcr. 1973-c\u00fc ild\u0259 anadan olan Fuad<\/p>\n","protected":false},"author":2,"featured_media":103232,"comment_status":"closed","ping_status":"closed","sticky":false,"template":"","format":"standard","meta":{"footnotes":""},"categories":[11],"tags":[],"class_list":["post-32980","post","type-post","status-publish","format-standard","has-post-thumbnail","hentry","category-tbrik"],"aioseo_notices":[],"_links":{"self":[{"href":"https:\/\/fedai.az\/index.php?rest_route=\/wp\/v2\/posts\/32980","targetHints":{"allow":["GET"]}}],"collection":[{"href":"https:\/\/fedai.az\/index.php?rest_route=\/wp\/v2\/posts"}],"about":[{"href":"https:\/\/fedai.az\/index.php?rest_route=\/wp\/v2\/types\/post"}],"author":[{"embeddable":true,"href":"https:\/\/fedai.az\/index.php?rest_route=\/wp\/v2\/users\/2"}],"replies":[{"embeddable":true,"href":"https:\/\/fedai.az\/index.php?rest_route=%2Fwp%2Fv2%2Fcomments&post=32980"}],"version-history":[{"count":5,"href":"https:\/\/fedai.az\/index.php?rest_route=\/wp\/v2\/posts\/32980\/revisions"}],"predecessor-version":[{"id":103230,"href":"https:\/\/fedai.az\/index.php?rest_route=\/wp\/v2\/posts\/32980\/revisions\/103230"}],"wp:featuredmedia":[{"embeddable":true,"href":"https:\/\/fedai.az\/index.php?rest_route=\/wp\/v2\/media\/103232"}],"wp:attachment":[{"href":"https:\/\/fedai.az\/index.php?rest_route=%2Fwp%2Fv2%2Fmedia&parent=32980"}],"wp:term":[{"taxonomy":"category","embeddable":true,"href":"https:\/\/fedai.az\/index.php?rest_route=%2Fwp%2Fv2%2Fcategories&post=32980"},{"taxonomy":"post_tag","embeddable":true,"href":"https:\/\/fedai.az\/index.php?rest_route=%2Fwp%2Fv2%2Ftags&post=32980"}],"curies":[{"name":"wp","href":"https:\/\/api.w.org\/{rel}","templated":true}]}}