{"id":35945,"date":"2021-04-25T11:52:59","date_gmt":"2021-04-25T07:52:59","guid":{"rendered":"https:\/\/fedai.az\/?p=35945"},"modified":"2021-04-25T18:11:49","modified_gmt":"2021-04-25T14:11:49","slug":"muharib%c9%99-veteranlari-abs-prezidentini-siyasi-d%c9%99l%c9%99duzluqda-gunahlandirdilar","status":"publish","type":"post","link":"https:\/\/fedai.az\/?p=35945","title":{"rendered":"M\u00fcharib\u0259 veteranlar\u0131 AB\u015e prezidentini siyasi d\u0259l\u0259duzluqda g\u00fcnahland\u0131rd\u0131lar"},"content":{"rendered":"\n<div class=\"wp-block-media-text alignwide is-stacked-on-mobile\"><figure class=\"wp-block-media-text__media\"><img loading=\"lazy\" decoding=\"async\" width=\"625\" height=\"582\" src=\"https:\/\/fedai.az\/wp-content\/uploads\/2021\/04\/fzli.jpg\" alt=\"\" class=\"wp-image-35946 size-full\" srcset=\"https:\/\/fedai.az\/wp-content\/uploads\/2021\/04\/fzli.jpg 625w, https:\/\/fedai.az\/wp-content\/uploads\/2021\/04\/fzli-300x279.jpg 300w, https:\/\/fedai.az\/wp-content\/uploads\/2021\/04\/fzli-150x140.jpg 150w\" sizes=\"auto, (max-width: 625px) 100vw, 625px\" \/><\/figure><div class=\"wp-block-media-text__content\">\n<p class=\"has-large-font-size\"><strong>F\u00fczuli Rzaquliyev<\/strong><\/p>\n\n\n\n<p><strong><em>Az\u0259rbaycan V\u0259t\u0259n M\u00fcharib\u0259si Veteranlar\u0131 \u0130ctimai Birliyi (AVMV\u0130B) s\u0259dri<\/em><\/strong><\/p>\n<\/div><\/div>\n\n\n\n<p><strong>Az\u0259rbaycan V\u0259t\u0259n M\u00fcharib\u0259si Veteranlar\u0131 \u0130ctimai Birliyinin (AVMV\u0130B) s\u0259dri F\u00fczuli Rzaquliyev AB\u015e prezidentinin qondarma &#171;soyq\u0131r\u0131m&#187; k\u0259lm\u0259sini i\u015fl\u0259tm\u0259sini m\u00fcharib\u0259 veteranlar\u0131n\u0131n hidd\u0259tl\u0259 q\u0131nad\u0131\u011f\u0131n\u0131 b\u0259yan etdi.<\/strong><\/p>\n\n\n\n<p><br><strong>AVMV\u0130B s\u0259dri F\u00fczuli Rzaquliyev bildirdi ki, <\/strong>yaranmaqda olan T\u00fcrk Birliyi \u00f6lk\u0259l\u0259rinin ilk i\u015fi bu c\u00fcr yunan-erm\u0259ni lobbisinin pullar\u0131yla siyasi karyera qurmu\u015f Co Bayden kimi prezidenti olan bir \u00f6lk\u0259 il\u0259 diplomatik \u0259laq\u0259l\u0259r\u0259 yenid\u0259n baxmaq  laz\u0131md\u0131r. Tarixi bax\u0131mdan Qafqazda qondarma Ararat respublikas\u0131 ad\u0131yla erm\u0259ni d\u00f6vl\u0259tinin yarad\u0131lmas\u0131 cinay\u0259ti d\u0259, m\u0259hz Amerika mandat\u0131 alt\u0131nda ba\u015f vermi\u015fdir. Az\u0259rbaycan erm\u0259ni v\u0259 rus-sovet fa\u015fizminin h\u00fccumuna m\u0259ruz qald\u0131\u011f\u0131 g\u00fcnl\u0259rd\u0259 d\u0259, el\u0259 erm\u0259ni lobbisiyl\u0259 qaranl\u0131q \u0259laq\u0259l\u0259r\u0259 malik olan Co Baydenin t\u0259\u015f\u0259bb\u00fcs\u00fcyl\u0259 Azadl\u0131q akt\u0131na 907-ci d\u00fcz\u0259li\u015f adl\u0131 q\u0259bul edilmi\u015f Az\u0259rbaycan \u0259leyhin\u0259 \u0259dal\u0259tsiz v\u0259 m\u0259nfur s\u0259n\u0259din q\u0259bulunu da unutmam\u0131\u015f\u0131q.<\/p>\n\n\n\n<p><br><strong>F. Rzaquliyev qeyd edib ki<\/strong>, tarixi m\u0259nb\u0259l\u0259r 1915-ci ild\u0259 ba\u015f ver\u0259n hadis\u0259l\u0259r zaman\u0131, m\u0259hz erm\u0259nil\u0259rin milli v\u0259 dini m\u0259nsubiyy\u0259tin\u0259 g\u00f6r\u0259 silahs\u0131z, \u0259liyal\u0131n t\u00fcrkl\u0259r\u0259 divan tutdu\u011funu, minl\u0259rl\u0259 t\u00fcrk-m\u00fcs\u0259lman k\u0259ndl\u0259rini yand\u0131rd\u0131\u011f\u0131n\u0131, on minl\u0259rl\u0259 dinc sakini q\u0259tl\u0259 yetirdiyini g\u00f6st\u0259rir. D\u00fcnyan\u0131n axmaq k\u0259simi bu siyasi oyunda \u0259lav\u0259 siyasi xal qazanaraq, Osmanl\u0131da ya\u015fayan 800 minlik erm\u0259nid\u0259n, milyon yar\u0131ml\u0131q le\u015f ortaya qoyma\u011fa \u00e7al\u0131\u015f\u0131rlar. Qanuni bax\u0131mdan 1948-ci ild\u0259 q\u0259bul edilmi\u015f bir q\u0259rar\u0131n 1915-ci il\u0259 aid edilm\u0259si, olmayan bir soyq\u0131r\u0131m\u0131n, bu g\u00fcn olmayan bir Osmanl\u0131n\u0131n g\u00fcnahkar tutulmas\u0131n\u0131, ancaq siyasi d\u0259rrak\u0259si olmayan v\u0259 &#171;erm\u0259ni x\u0259st\u0259liyin\u0259&#187; yoluxmu\u015f adamlar, xalqlar, parlamentl\u0259r m\u00fczakir\u0259 ed\u0259 bil\u0259r. N\u0259 yaz\u0131q ki, bu g\u00fcn Co Bayden kimi bir siyasi avant\u00fcr\u00fcst\u00fcn say\u0259sind\u0259 AB\u015e bu t\u0259l\u0259y\u0259 sal\u0131n\u0131b.<\/p>\n\n\n\n<p><br><strong>S\u0259dr F. Rzaquliyev daha sonra dedi: <\/strong>&#171;Bu g\u00fcn Qaraba\u011fda m\u00fcharib\u0259 ba\u015fa \u00e7atsa da r\u0259smi \u0130r\u0259van Erm\u0259nistan v\u0259 Rusiyan\u0131n birg\u0259 yaratd\u0131qlar\u0131 ordu t\u0259r\u0259find\u0259n Az\u0259rbaycan\u0131n Qaraba\u011f b\u00f6lg\u0259sind\u0259 basd\u0131r\u0131lm\u0131\u015f \u00e7oxlu sayda minalar bar\u0259d\u0259 x\u0259rit\u0259l\u0259ri indiy\u0259d\u0259k \u00f6lk\u0259miz\u0259 t\u0259hvil verm\u0259kd\u0259n imtina edir, beyn\u0259lxalq humanitar h\u00fcququ kobudcas\u0131na pozur, \u00f6z beyn\u0259lxalq \u00f6hd\u0259likl\u0259rin\u0259 \u0259m\u0259l etmir. Amma \u00f6z\u00fcn\u00fc hegemon g\u00fcc hesab ed\u0259n AB\u015e bu konteksd\u0259 bir k\u0259lm\u0259 etiraz bildirm\u0259yib. Bel\u0259likl\u0259, ill\u0259rc\u0259 cinay\u0259tkar Rusiya il\u0259 \u0259lbir olaraq Qaraba\u011f torpaqlar\u0131n\u0131n i\u015f\u011falda saxlanmas\u0131na \u015f\u0259rait yaradan AB\u015e, bu g\u00fcn Erm\u0259nistan h\u00f6kum\u0259tinin etnik az\u0259rbaycanl\u0131lar\u0131n \u00f6z do\u011fma yurd-yuvalar\u0131na qay\u0131tmas\u0131na \u0259ng\u0259l t\u00f6r\u0259tm\u0259y\u0259 \u00e7al\u0131\u015fd\u0131\u011f\u0131 v\u0259 bununla da daha bir h\u0259rbi cinay\u0259t\u0259 yol verdiyi bir fakta m\u00fcnasib\u0259t bel\u0259 bildirm\u0259yib. \u00dcst\u0259lik, h\u0259yas\u0131zcas\u0131na h\u0259ms\u0259drliyinin b\u0259rpas\u0131ndan d\u0259m vurmaqdad\u0131r. Bu qondarma olay haqq\u0131nda q\u0259bul olunan q\u0259rarlar da qondarma kimi q\u0259bul olunur v\u0259 he\u00e7 bir siyasi \u0259sas\u0131 yoxdur. \u00dcst\u0259lik d\u00fcnyada T\u00fcrkiy\u0259nin siyasi v\u0259 inzibati m\u00f6vqel\u0259rini daha da g\u00fccl\u0259ndirir.<\/p>\n\n\n\n<p><br>AB\u015e \u0259n az\u0131ndan m\u0259hv etdiyi milyonlarla hindulara, astekl\u0259r\u0259, inkl\u0259r\u0259 g\u00f6r\u0259 cavab versin. Vyetnamda, \u018ffqan\u0131standa, \u0130raqda, bu g\u00fcn Suriyada m\u0259hv etdiyi milyonlarla insanlar\u0131n qan\u0131na cavabdehlik da\u015f\u0131d\u0131\u011f\u0131n\u0131 xat\u0131rlas\u0131n.<\/p>\n\n\n\n<p><br><strong>Az\u0259rbaycan V\u0259t\u0259n M\u00fcharib\u0259si Veteranlar\u0131 \u0130ctimai Birliyinin (AVMV\u0130B) s\u0259dri F\u00fczuli Rzaquliyev<\/strong>, 80 minlik veteranlar ordusunun d\u0259rin hidd\u0259tini ifad\u0259 ed\u0259r\u0259k, bildirdi ki, d\u00fcnyada ba\u015f ver\u0259n b\u00fct\u00fcn h\u0259rbi cinay\u0259tl\u0259rd\u0259 AB\u015e-\u0131n i\u015ftirak\u00e7\u0131 v\u0259 ba\u015f aktyor olmas\u0131n\u0131 v\u0259 Co Baydenin bir d\u00f6vl\u0259t ad\u0131ndan bir m\u0259lum yalan\u0131n siyasil\u0259\u015fdirilm\u0259sini is\u0259 l\u0259n\u0259tl\u0259yirik. \u0130nan\u0131r\u0131q ki, Amerika xalq\u0131 Co Bayden avant\u00fcras\u0131na \u00f6z etirazlar\u0131n\u0131 bildir\u0259c\u0259kdir. Bu q\u0259rar, b\u00f6y\u00fck bir co\u011frafiyada AB\u015e &#8212; \u0131n d\u00f6vl\u0259t imicinin ayaqlar alt\u0131na at\u0131lmas\u0131, Baydenin \u00e7irkin \u0259m\u0259ll\u0259riyl\u0259 m\u0259\u015fhur olan erm\u0259ni lobbisi il\u0259 \u015f\u00fcbh\u0259li \u0259laq\u0259l\u0259rin\u0259 qurban verilm\u0259si kimi q\u0259bul olunacaqd\u0131r. Bu \u0259n az\u0131 AB\u015e kimi \u0259n\u0259n\u0259vi bir d\u00f6vl\u0259tin 45 prezidentinin siyasi f\u0259aliyy\u0259tinin \u00fcz\u0259rind\u0259n, birinin s\u0259rs\u0259mc\u0259sin\u0259 x\u0259tt \u00e7\u0259km\u0259si dem\u0259kdir. Biz- m\u00fcharib\u0259 veteranlar\u0131 bu add\u0131m\u0131 Co Baydenin siyasi riyakarl\u0131\u011f\u0131 v\u0259 siyasi d\u0259l\u0259duzlu\u011fu say\u0131r\u0131q&#8230;<\/p>\n","protected":false},"excerpt":{"rendered":"<p>F\u00fczuli Rzaquliyev Az\u0259rbaycan V\u0259t\u0259n M\u00fcharib\u0259si Veteranlar\u0131 \u0130ctimai Birliyi (AVMV\u0130B) s\u0259dri Az\u0259rbaycan V\u0259t\u0259n M\u00fcharib\u0259si Veteranlar\u0131 \u0130ctimai Birliyinin (AVMV\u0130B) s\u0259dri F\u00fczuli Rzaquliyev AB\u015e prezidentinin qondarma &#171;soyq\u0131r\u0131m&#187;<\/p>\n","protected":false},"author":2,"featured_media":35947,"comment_status":"closed","ping_status":"closed","sticky":false,"template":"","format":"standard","meta":{"footnotes":""},"categories":[5],"tags":[],"class_list":["post-35945","post","type-post","status-publish","format-standard","has-post-thumbnail","hentry","category-veteran"],"aioseo_notices":[],"_links":{"self":[{"href":"https:\/\/fedai.az\/index.php?rest_route=\/wp\/v2\/posts\/35945","targetHints":{"allow":["GET"]}}],"collection":[{"href":"https:\/\/fedai.az\/index.php?rest_route=\/wp\/v2\/posts"}],"about":[{"href":"https:\/\/fedai.az\/index.php?rest_route=\/wp\/v2\/types\/post"}],"author":[{"embeddable":true,"href":"https:\/\/fedai.az\/index.php?rest_route=\/wp\/v2\/users\/2"}],"replies":[{"embeddable":true,"href":"https:\/\/fedai.az\/index.php?rest_route=%2Fwp%2Fv2%2Fcomments&post=35945"}],"version-history":[{"count":6,"href":"https:\/\/fedai.az\/index.php?rest_route=\/wp\/v2\/posts\/35945\/revisions"}],"predecessor-version":[{"id":35976,"href":"https:\/\/fedai.az\/index.php?rest_route=\/wp\/v2\/posts\/35945\/revisions\/35976"}],"wp:featuredmedia":[{"embeddable":true,"href":"https:\/\/fedai.az\/index.php?rest_route=\/wp\/v2\/media\/35947"}],"wp:attachment":[{"href":"https:\/\/fedai.az\/index.php?rest_route=%2Fwp%2Fv2%2Fmedia&parent=35945"}],"wp:term":[{"taxonomy":"category","embeddable":true,"href":"https:\/\/fedai.az\/index.php?rest_route=%2Fwp%2Fv2%2Fcategories&post=35945"},{"taxonomy":"post_tag","embeddable":true,"href":"https:\/\/fedai.az\/index.php?rest_route=%2Fwp%2Fv2%2Ftags&post=35945"}],"curies":[{"name":"wp","href":"https:\/\/api.w.org\/{rel}","templated":true}]}}