{"id":35955,"date":"2021-04-25T12:53:11","date_gmt":"2021-04-25T08:53:11","guid":{"rendered":"https:\/\/fedai.az\/?p=35955"},"modified":"2021-04-25T12:53:15","modified_gmt":"2021-04-25T08:53:15","slug":"hec-kim-v%c9%99-hec-n%c9%99-unudulmur-3","status":"publish","type":"post","link":"https:\/\/fedai.az\/?p=35955","title":{"rendered":"He\u00e7 kim v\u0259 he\u00e7 n\u0259 unudulmur!"},"content":{"rendered":"\n<p><strong>44 g\u00fcnl\u00fck V\u0259t\u0259n m\u00fcharib\u0259si g\u00fcnl\u0259rind\u0259 daim ordumuzla birg\u0259 olan v\u0259 \u0259sg\u0259rl\u0259rimizl\u0259 \u00e7iyin-\u00e7iyin\u0259 dayanan \u015f\u00f6b\u0259 s\u0259drl\u0259rimizd\u0259n olan, AVMV\u0130B Goranboy rayon \u015f\u00f6b\u0259sinin s\u0259dri Elmar M\u0259mm\u0259dov Goranboy rayon \u0130cra Hakimiyy\u0259tinin F\u0259xri F\u0259rman\u0131yla t\u0259ltif olunub.<\/strong><\/p>\n\n\n\n<p><br>Az\u0259rbaycan V\u0259t\u0259n M\u00fcharib\u0259si Veteranlar\u0131 \u0130ctimai Birliyi (AVMV\u0130B) Goranboy rayon \u015f\u00f6b\u0259sinin s\u0259dri Elmar M\u0259mm\u0259dovun g\u00f6st\u0259rdiyi v\u0259t\u0259nda\u015f f\u0259all\u0131\u011f\u0131 v\u0259 v\u0259t\u0259np\u0259rv\u0259rlik rayon r\u0259hb\u0259rliyinin diqq\u0259tind\u0259n k\u0259narda qalmay\u0131b.<\/p>\n\n\n\n<figure class=\"wp-block-image size-large is-resized\"><img loading=\"lazy\" decoding=\"async\" src=\"https:\/\/fedai.az\/wp-content\/uploads\/2021\/04\/177993695_4151500574926336_1455312406754255401_n.jpg\" alt=\"\" class=\"wp-image-35956\" width=\"1007\" height=\"1342\" srcset=\"https:\/\/fedai.az\/wp-content\/uploads\/2021\/04\/177993695_4151500574926336_1455312406754255401_n.jpg 526w, https:\/\/fedai.az\/wp-content\/uploads\/2021\/04\/177993695_4151500574926336_1455312406754255401_n-225x300.jpg 225w, https:\/\/fedai.az\/wp-content\/uploads\/2021\/04\/177993695_4151500574926336_1455312406754255401_n-113x150.jpg 113w\" sizes=\"auto, (max-width: 1007px) 100vw, 1007px\" \/><\/figure>\n\n\n\n<p><br>Az\u0259rbaycan V\u0259t\u0259n M\u00fcharib\u0259si Veteranlar\u0131 \u0130ctimai Birliyi (AVMV\u0130B) Goranboy rayon \u015f\u00f6b\u0259sinin s\u0259dri Elmar M\u0259mm\u0259dov bildirdi ki, Goranboy rayon \u0130cra Hakimiyy\u0259tinin ba\u015f\u00e7\u0131s\u0131 c\u0259nab M\u0259h\u0259rr\u0259m Quliyevin r\u0259hb\u0259rliyi il\u0259 rayonda qazil\u0259r\u0259 v\u0259 \u015f\u0259hid ail\u0259l\u0259rin\u0259 diqq\u0259t v\u0259 qay\u011f\u0131 c\u0259nab Ali Ba\u015f Komandan \u0130lham \u018fliyevin tap\u015f\u0131r\u0131q v\u0259 g\u00f6st\u0259ri\u015fl\u0259rin\u0259 tam cavab verir. Goranboy rayon \u0130cra Hakimiyy\u0259ti ba\u015f\u00e7\u0131s\u0131 M\u0259h\u0259rr\u0259m Quliyev rayonun idar\u0259-t\u0259\u015fkilat r\u0259hb\u0259rl\u0259ri, inzibati \u0259razi dair\u0259l\u0259ri \u00fczr\u0259 n\u00fcmay\u0259nd\u0259 v\u0259 b\u0259l\u0259diyy\u0259l\u0259rin i\u015ftirak\u0131 il\u0259, m\u00fc\u015favir\u0259d\u0259 d\u0259 cari m\u0259s\u0259l\u0259l\u0259rl\u0259 yana\u015f\u0131 \u015e\u0259hid ail\u0259l\u0259ri v\u0259 Qazil\u0259rin sosial qay\u011f\u0131lar\u0131n\u0131n \u00f6yr\u0259nilm\u0259si v\u0259 probleml\u0259rin h\u0259llinin icra v\u0259ziyy\u0259tinin m\u00fczakir\u0259 olunmas\u0131 el\u0259 bu sah\u0259nin daim n\u0259zar\u0259td\u0259 olmas\u0131n\u0131n g\u00f6st\u0259ricisi say\u0131la bil\u0259r. Kims\u0259 diqq\u0259td\u0259n k\u0259narda qalm\u0131r. M\u0259nim F\u0259xri F\u0259rmanla t\u0259ltif edilm\u0259yim d\u0259 el\u0259 bu diqq\u0259t v\u0259 qay\u011f\u0131n\u0131n bir par\u00e7as\u0131d\u0131r. Rayon veteranlar\u0131 ad\u0131ndan bu diqq\u0259t v\u0259 qay\u011f\u0131ya g\u00f6r\u0259, Goranboy rayon \u0130cra Hakimiyy\u0259tinin ba\u015f\u00e7\u0131s\u0131 c\u0259nab M\u0259h\u0259rr\u0259m Quliyev\u0259 \u00f6z minn\u0259tdarl\u0131\u011f\u0131m\u0131 bildirir\u0259m.<\/p>\n\n\n\n<p><br><strong>Elnur S\u0259lim<\/strong><\/p>\n\n\n\n<figure class=\"wp-block-image size-large is-resized\"><img loading=\"lazy\" decoding=\"async\" src=\"https:\/\/fedai.az\/wp-content\/uploads\/2021\/04\/178346681_4151682074908186_4758737272636487046_n.jpg\" alt=\"\" class=\"wp-image-35957\" width=\"1093\" height=\"1457\" srcset=\"https:\/\/fedai.az\/wp-content\/uploads\/2021\/04\/178346681_4151682074908186_4758737272636487046_n.jpg 526w, https:\/\/fedai.az\/wp-content\/uploads\/2021\/04\/178346681_4151682074908186_4758737272636487046_n-225x300.jpg 225w, https:\/\/fedai.az\/wp-content\/uploads\/2021\/04\/178346681_4151682074908186_4758737272636487046_n-113x150.jpg 113w\" sizes=\"auto, (max-width: 1093px) 100vw, 1093px\" \/><\/figure>\n","protected":false},"excerpt":{"rendered":"<p>44 g\u00fcnl\u00fck V\u0259t\u0259n m\u00fcharib\u0259si g\u00fcnl\u0259rind\u0259 daim ordumuzla birg\u0259 olan v\u0259 \u0259sg\u0259rl\u0259rimizl\u0259 \u00e7iyin-\u00e7iyin\u0259 dayanan \u015f\u00f6b\u0259 s\u0259drl\u0259rimizd\u0259n olan, AVMV\u0130B Goranboy rayon \u015f\u00f6b\u0259sinin s\u0259dri Elmar M\u0259mm\u0259dov Goranboy<\/p>\n","protected":false},"author":2,"featured_media":0,"comment_status":"closed","ping_status":"closed","sticky":false,"template":"","format":"standard","meta":{"footnotes":""},"categories":[5],"tags":[],"class_list":["post-35955","post","type-post","status-publish","format-standard","hentry","category-veteran"],"aioseo_notices":[],"_links":{"self":[{"href":"https:\/\/fedai.az\/index.php?rest_route=\/wp\/v2\/posts\/35955","targetHints":{"allow":["GET"]}}],"collection":[{"href":"https:\/\/fedai.az\/index.php?rest_route=\/wp\/v2\/posts"}],"about":[{"href":"https:\/\/fedai.az\/index.php?rest_route=\/wp\/v2\/types\/post"}],"author":[{"embeddable":true,"href":"https:\/\/fedai.az\/index.php?rest_route=\/wp\/v2\/users\/2"}],"replies":[{"embeddable":true,"href":"https:\/\/fedai.az\/index.php?rest_route=%2Fwp%2Fv2%2Fcomments&post=35955"}],"version-history":[{"count":1,"href":"https:\/\/fedai.az\/index.php?rest_route=\/wp\/v2\/posts\/35955\/revisions"}],"predecessor-version":[{"id":35960,"href":"https:\/\/fedai.az\/index.php?rest_route=\/wp\/v2\/posts\/35955\/revisions\/35960"}],"wp:attachment":[{"href":"https:\/\/fedai.az\/index.php?rest_route=%2Fwp%2Fv2%2Fmedia&parent=35955"}],"wp:term":[{"taxonomy":"category","embeddable":true,"href":"https:\/\/fedai.az\/index.php?rest_route=%2Fwp%2Fv2%2Fcategories&post=35955"},{"taxonomy":"post_tag","embeddable":true,"href":"https:\/\/fedai.az\/index.php?rest_route=%2Fwp%2Fv2%2Ftags&post=35955"}],"curies":[{"name":"wp","href":"https:\/\/api.w.org\/{rel}","templated":true}]}}