{"id":35961,"date":"2021-04-25T13:09:32","date_gmt":"2021-04-25T09:09:32","guid":{"rendered":"https:\/\/fedai.az\/?p=35961"},"modified":"2021-04-25T13:09:35","modified_gmt":"2021-04-25T09:09:35","slug":"baydenin-b%c9%99yanati-olk%c9%99l%c9%99r-arasinda-daha-cox-qutbl%c9%99sm%c9%99y%c9%99-s%c9%99b%c9%99b-olacaq-bagdad-amreyev","status":"publish","type":"post","link":"https:\/\/fedai.az\/?p=35961","title":{"rendered":"\u201cBaydenin b\u0259yanat\u0131 \u00f6lk\u0259l\u0259r aras\u0131nda daha \u00e7ox q\u00fctbl\u0259\u015fm\u0259y\u0259 s\u0259b\u0259b olacaq\u201d &#8212; Ba\u011fdad Amreyev"},"content":{"rendered":"\n<p><strong>AB\u015e Prezidentinin 1915-ci il hadis\u0259l\u0259ri il\u0259 ba\u011fl\u0131 tarixi h\u0259qiq\u0259tl\u0259r\u0259 zidd v\u0259 b\u00f6lg\u0259d\u0259ki \u0259m\u0259kda\u015fl\u0131q, el\u0259c\u0259 d\u0259 sabitlik \u00fcmidl\u0259rini z\u0259d\u0259l\u0259m\u0259k bahas\u0131na siyasi motivl\u0259r da\u015f\u0131yan a\u00e7\u0131qlamas\u0131ndan d\u0259rin t\u0259\u0259ss\u00fcf hissi ke\u00e7irdim.<\/strong><\/p>\n\n\n\n<p>Fedai.az\u00a0<a href=\"https:\/\/azertag.az\/\" target=\"_blank\" rel=\"noreferrer noopener\">AZ\u018fRTAC<\/a>-a istinad\u0259n\u00a0x\u0259b\u0259r verir ki, bu fikirl\u0259ri T\u00fcrkdilli D\u00f6vl\u0259tl\u0259rin \u018fm\u0259kda\u015fl\u0131q \u015euras\u0131n\u0131n (T\u00fcrk \u015euras\u0131) Ba\u015f katibi Ba\u011fdad Amreyev AB\u015e Prezidentinin qondarma \u201csoyq\u0131r\u0131m\u0131\u201d ifad\u0259sin\u0259 m\u00fcnasib\u0259t bildir\u0259rk\u0259n ifad\u0259 edib.<\/p>\n\n\n\n<p>Qeyd edilib ki, \u00f6lk\u0259l\u0259r v\u0259 xalqlar he\u00e7 bir tarixi, elmi v\u0259 h\u00fcquqi \u0259sas olmadan ba\u015fqa \u00f6lk\u0259l\u0259rin parlamentl\u0259ri v\u0259 ya r\u0259hb\u0259rliyi t\u0259r\u0259find\u0259n m\u00fchakim\u0259 olunmamal\u0131 v\u0259 m\u0259hkum edilm\u0259m\u0259lidir. \u018fksin\u0259, 1915-ci il hadis\u0259l\u0259ri beyn\u0259lxalq h\u00fcquq v\u0259 m\u00fcvafiq beyn\u0259lxalq s\u0259n\u0259dl\u0259r n\u0259z\u0259r\u0259 al\u0131nmaqla \u015f\u0259ffaf v\u0259 \u0259dal\u0259tli \u015f\u0259kild\u0259 ara\u015fd\u0131r\u0131lmal\u0131d\u0131r. Ba\u015fqa bir \u00f6lk\u0259y\u0259 qar\u015f\u0131 t\u0259hrif olunmu\u015f tarixi iddialar\u0131n silah hal\u0131na g\u0259tirilm\u0259si yaln\u0131z c\u0259miyy\u0259tl\u0259r aras\u0131nda nifr\u0259t, intiqam v\u0259 d\u00fc\u015fm\u0259n\u00e7ilik hissl\u0259rini alovland\u0131rmaq ist\u0259y\u0259nl\u0259r\u0259 fayda g\u0259tir\u0259c\u0259k. AB\u015e Prezidentinin a\u00e7\u0131qlamas\u0131n\u0131 q\u0131nay\u0131r, siyasi m\u0259qs\u0259dl\u0259r v\u0259 ya \u201ctarixi yenid\u0259n yazmaq\u201d c\u0259hdl\u0259ri il\u0259 tarixin saxtala\u015fd\u0131r\u0131lmas\u0131n\u0131n, bunun siyasi t\u0259zyiq \u00fc\u00e7\u00fcn istifad\u0259 edilm\u0259sinin \u00f6lk\u0259l\u0259r v\u0259 xalqlar aras\u0131nda daha \u00e7ox q\u00fctbl\u0259\u015fm\u0259y\u0259 s\u0259b\u0259b olaca\u011f\u0131na, el\u0259c\u0259 d\u0259 b\u00f6lg\u0259mizd\u0259ki s\u00fclh\u0259 v\u0259 sabitliy\u0259 mane\u00e7ilik t\u00f6r\u0259d\u0259c\u0259yin\u0259 inan\u0131ram.<\/p>\n\n\n\n<p>Bu \u00e7\u0259r\u00e7iv\u0259d\u0259 T\u00fcrkiy\u0259nin 1915-ci il hadis\u0259l\u0259rinin tarix\u00e7il\u0259r t\u0259r\u0259find\u0259n ara\u015fd\u0131r\u0131lmas\u0131 \u00fc\u00e7\u00fcn ortaq tarix komissiyas\u0131 qurulmas\u0131 v\u0259 bu arxivl\u0259rin a\u00e7\u0131lmas\u0131 t\u0259\u015f\u0259bb\u00fcs\u00fc t\u0259qdir\u0259layiqdir.<\/p>\n\n\n\n<p>Bu, tarixi h\u0259qiq\u0259tl\u0259ri ortaya qoymaq v\u0259 \u0259dal\u0259tli bir yadda\u015f yaratmaq ist\u0259y\u0259n h\u0259r k\u0259s \u00fc\u00e7\u00fcn konstruktiv bir yana\u015fma v\u0259 xo\u015fm\u0259raml\u0131l\u0131\u011f\u0131n g\u00f6st\u0259ricisidir.<\/p>\n","protected":false},"excerpt":{"rendered":"<p>AB\u015e Prezidentinin 1915-ci il hadis\u0259l\u0259ri il\u0259 ba\u011fl\u0131 tarixi h\u0259qiq\u0259tl\u0259r\u0259 zidd v\u0259 b\u00f6lg\u0259d\u0259ki \u0259m\u0259kda\u015fl\u0131q, el\u0259c\u0259 d\u0259 sabitlik \u00fcmidl\u0259rini z\u0259d\u0259l\u0259m\u0259k bahas\u0131na siyasi motivl\u0259r da\u015f\u0131yan a\u00e7\u0131qlamas\u0131ndan d\u0259rin<\/p>\n","protected":false},"author":2,"featured_media":35962,"comment_status":"closed","ping_status":"closed","sticky":false,"template":"","format":"standard","meta":{"footnotes":""},"categories":[1],"tags":[],"class_list":["post-35961","post","type-post","status-publish","format-standard","has-post-thumbnail","hentry","category-siyast"],"aioseo_notices":[],"_links":{"self":[{"href":"https:\/\/fedai.az\/index.php?rest_route=\/wp\/v2\/posts\/35961","targetHints":{"allow":["GET"]}}],"collection":[{"href":"https:\/\/fedai.az\/index.php?rest_route=\/wp\/v2\/posts"}],"about":[{"href":"https:\/\/fedai.az\/index.php?rest_route=\/wp\/v2\/types\/post"}],"author":[{"embeddable":true,"href":"https:\/\/fedai.az\/index.php?rest_route=\/wp\/v2\/users\/2"}],"replies":[{"embeddable":true,"href":"https:\/\/fedai.az\/index.php?rest_route=%2Fwp%2Fv2%2Fcomments&post=35961"}],"version-history":[{"count":1,"href":"https:\/\/fedai.az\/index.php?rest_route=\/wp\/v2\/posts\/35961\/revisions"}],"predecessor-version":[{"id":35963,"href":"https:\/\/fedai.az\/index.php?rest_route=\/wp\/v2\/posts\/35961\/revisions\/35963"}],"wp:featuredmedia":[{"embeddable":true,"href":"https:\/\/fedai.az\/index.php?rest_route=\/wp\/v2\/media\/35962"}],"wp:attachment":[{"href":"https:\/\/fedai.az\/index.php?rest_route=%2Fwp%2Fv2%2Fmedia&parent=35961"}],"wp:term":[{"taxonomy":"category","embeddable":true,"href":"https:\/\/fedai.az\/index.php?rest_route=%2Fwp%2Fv2%2Fcategories&post=35961"},{"taxonomy":"post_tag","embeddable":true,"href":"https:\/\/fedai.az\/index.php?rest_route=%2Fwp%2Fv2%2Ftags&post=35961"}],"curies":[{"name":"wp","href":"https:\/\/api.w.org\/{rel}","templated":true}]}}