{"id":36029,"date":"2021-04-26T02:34:50","date_gmt":"2021-04-25T22:34:50","guid":{"rendered":"https:\/\/fedai.az\/?p=36029"},"modified":"2021-04-26T10:56:54","modified_gmt":"2021-04-26T06:56:54","slug":"avmvib-idar%c9%99-hey%c9%99tinin-q%c9%99rari-nec%c9%99-yerin%c9%99-yetirilir","status":"publish","type":"post","link":"https:\/\/fedai.az\/?p=36029","title":{"rendered":"AVMV\u0130B \u0130dar\u0259 Hey\u0259tinin q\u0259rar\u0131 nec\u0259 yerin\u0259 yetirilir?"},"content":{"rendered":"\n<p><strong>Q\u00fcvv\u0259d\u0259 olan Az\u0259rbaycan V\u0259t\u0259n M\u00fcharib\u0259si Veteranlar\u0131 \u0130ctimai Birliyi (AVMV\u0130B) \u0130dar\u0259 Hey\u0259tinin Q\u0259rar\u0131n\u0131n yerin\u0259 yetirilm\u0259si \u00fczr\u0259 2021-ci ilin \u00f6t\u0259n aylar\u0131 \u00fczr\u0259 monitorinqimizi davam etdiririk.<\/strong><\/p>\n\n\n\n<p><br>Xat\u0131rladaq ki, \u00f6t\u0259n il 23 rayon \u015f\u00f6b\u0259miz q\u0259rarla ba\u011fl\u0131 n\u0259l\u0259rs\u0259 etdil\u0259r. Qalan rayon \u015f\u00f6b\u0259l\u0259rimizin dey\u0259s\u0259n he\u00e7 AVMV\u0130B \u0130dar\u0259 Hey\u0259tinin q\u0259rar\u0131ndan x\u0259b\u0259rl\u0259ri bel\u0259 olmad\u0131.<\/p>\n\n\n\n<p><br>Bu d\u0259f\u0259 d\u0259 yaln\u0131z \u00f6d\u0259ni\u015f etmi\u015f \u015f\u00f6b\u0259l\u0259rin siyah\u0131s\u0131n\u0131 t\u0259qdim edirik. N\u00f6vb\u0259ti h\u0259ft\u0259l\u0259rd\u0259 is\u0259 f\u0259aliyy\u0259ti bu sah\u0259d\u0259 \u00ab0\u00bb olan \u015f\u00f6b\u0259l\u0259rimizin siyh\u0131s\u0131n\u0131 t\u0259qdim ed\u0259c\u0259yik.<\/p>\n\n\n\n<p><br>AVMV\u0130B \u0130dar\u0259 Hey\u0259tinin m\u0259lum q\u0259rar\u0131 il\u0259 ba\u011fl\u0131 bir \u00e7ox \u015f\u00f6b\u0259 s\u0259drl\u0259ri deyir ki, x\u0259b\u0259rl\u0259ri olmay\u0131b. \u00d6nc\u0259 bildir\u0259k ki, x\u0259b\u0259rl\u0259rinin olmamas\u0131 pisdir, x\u0259b\u0259ri olub q\u0259rara h\u00f6rm\u0259tsizlik g\u00f6st\u0259rm\u0259k is\u0259 \u00e7ox pisdir.<\/p>\n\n\n\n<div class=\"wp-block-media-text alignwide has-media-on-the-right is-stacked-on-mobile\" style=\"grid-template-columns:auto 36%\"><figure class=\"wp-block-media-text__media\"><img decoding=\"async\" src=\"https:\/\/fedai.az\/wp-content\/uploads\/2021\/04\/47W32G.jpg\" alt=\"\" class=\"wp-image-36030 size-full\"\/><\/figure><div class=\"wp-block-media-text__content\">\n<p class=\"has-large-font-size\"><strong>Qurban Osmanov<\/strong><\/p>\n\n\n\n<p><strong><em>AVMV\u0130B s\u0259drinin m\u00fcavini<\/em><\/strong><\/p>\n<\/div><\/div>\n\n\n\n<p><br><strong>M\u0259s\u0259l\u0259 il\u0259 ba\u011fl\u0131 AVMV\u0130B s\u0259drinin m\u00fcavini Qurban Osmanova m\u00fcraci\u0259t \u00fcnvanlad\u0131q. <\/strong><\/p>\n\n\n\n<p><strong>Qurban Osmanov<\/strong> bildirdi ki, bu q\u0259rar veril\u0259nd\u0259n b\u00fct\u00fcn y\u0131\u011f\u0131ncaqlarda, g\u00fcnd\u0259lik f\u0259aliyy\u0259t g\u00f6st\u0259r\u0259n Fedai.az v\u0259 Veteran.az saytlar\u0131nda, sosial \u015f\u0259b\u0259k\u0259l\u0259rd\u0259 v\u0259 \u015f\u00f6b\u0259 s\u0259drl\u0259rinin t\u0259msil olundu\u011fu votsap qrupunda bu bar\u0259d\u0259 d\u0259f\u0259l\u0259rl\u0259 deyilib. Bel\u0259 \u00e7\u0131x\u0131r ki, kiml\u0259rl\u0259s\u0259 Nizamnam\u0259nin h\u00fcquqi \u0259sas verdiyi bir dild\u0259 dan\u0131\u015fmaq vaxt\u0131 g\u0259lib \u00e7at\u0131b. AVMV\u0130B \u0130dar\u0259 Hey\u0259ti kimi bir qurumun verdiyi q\u0259rar\u0131 yerin\u0259 yetirm\u0259y\u0259nl\u0259r\u0259 qar\u015f\u0131 \u0259n s\u0259rt c\u0259zalar n\u0259z\u0259rd\u0259 tutulub v\u0259 q\u0259rar\u0131 yerin\u0259 yetirm\u0259k qabiliyy\u0259ti olmayan s\u0259drl\u0259r gedib \u00f6zg\u0259 i\u015fl\u0259rl\u0259 m\u0259\u015f\u011ful olsalar yax\u015f\u0131d\u0131r. \u018fminlikl\u0259 dey\u0259 bil\u0259r\u0259m ki, h\u0259r k\u0259sin x\u0259b\u0259ri var. \u018fg\u0259r x\u0259b\u0259ri yoxdursa, dem\u0259li o s\u0259dr \u00f6zg\u0259 i\u015fl\u0259rl\u0259 m\u0259\u015f\u011ful olur. \u0130dar\u0259 Hey\u0259tinin n\u00f6vb\u0259ti y\u0131\u011f\u0131nca\u011f\u0131nda m\u0259s\u0259l\u0259ni ciddi qoyaca\u011fam. \u00d6z\u00fcn\u0259 h\u00f6rm\u0259t el\u0259m\u0259y\u0259n s\u0259drl\u0259rl\u0259, Birlikl\u0259 \u0259laq\u0259l\u0259ri z\u0259if olan \u015f\u00f6b\u0259 s\u0259drl\u0259ri il\u0259 ba\u011fl\u0131 q\u0259rar q\u0259bul etm\u0259liyik.<\/p>\n\n\n\n<p><br>Bir daha sayt vasit\u0259siyl\u0259 m\u00fcraci\u0259t edir\u0259m ki, verilmi\u015f q\u0259rar\u0131 h\u0259r k\u0259s yerin\u0259 yetirm\u0259y\u0259 borcludur. Q\u0259rarla ba\u011fl\u0131, h\u0259m s\u0259drin I m\u00fcavini Kamil \u015eirinov, h\u0259m s\u0259drin t\u0259\u015fkilati i\u015fl\u0259r \u00fczr\u0259 m\u00fcavini Vahid Abdur\u0259hmanov, h\u0259m s\u0259drin ictimaiyy\u0259tl\u0259 \u0259laq\u0259l\u0259r \u00fczr\u0259 m\u00fcavin \u0130slam S\u0259f\u0259rov, h\u0259m d\u0259 NTK s\u0259dri Niyazi Quliyev ard\u0131c\u0131l olaraq i\u015f apar\u0131blar v\u0259 biz bu i\u015fi sisteml\u0259\u015fdir\u0259n\u0259d\u0259k davam ed\u0259c\u0259yik.<\/p>\n\n\n\n<p><br>Xat\u0131rladaq ki, AVMV\u0130B-nin 75 rayon \u015f\u00f6b\u0259si var. \u00d6t\u0259n il \u00fc\u00e7\u00fcn AVMV\u0130B \u0130H-nin q\u0259rar\u0131n\u0131 yerin\u0259 yetirmi\u015f rayon \u015f\u00f6b\u0259l\u0259ri v\u0259 ictimai f\u0259allar saytlar t\u0259r\u0259find\u0259n m\u00fc\u0259yy\u0259n olunmu\u015f nominasiyalar \u00fczr\u0259 diplomlarla t\u0259ltif olunmas\u0131 planla\u015fd\u0131r\u0131l\u0131r.<\/p>\n\n\n\n<p><strong>Bu g\u00fcn\u0259d\u0259k olan c\u0259dv\u0259li diqq\u0259tiniz\u0259 \u00e7atd\u0131r\u0131r\u0131q:<\/strong><\/p>\n\n\n\n<ol class=\"wp-block-list\"><li><strong><span class=\"has-inline-color has-vivid-red-color\">AVMV\u0130B N\u0259rimanov rayon \u015f\u00f6b\u0259si \u2014 100,0%<\/span><\/strong><\/li><li><strong><span class=\"has-inline-color has-vivid-red-color\">AVMV\u0130B Xank\u0259ndi rayon \u015f\u00f6b\u0259si \u2014 100,0%<\/span><\/strong><\/li><li><strong>AVMV\u0130B Yasamal rayon \u015f\u00f6b\u0259si \u2014 33,3%<\/strong><\/li><li><strong>AVMV\u0130B Saatl\u0131 rayon \u015f\u00f6b\u0259si \u2014 41,6,%<\/strong><\/li><li><strong>AVMV\u0130B Ming\u0259\u00e7evir \u015f\u0259h\u0259r \u015f\u00f6b\u0259si \u2014 41,6%<\/strong><\/li><li><strong>AVMV\u0130B N\u0259simi rayon \u015f\u00f6b\u0259si \u2014 33,3%<\/strong><\/li><li><strong>AVMV\u0130B B\u0259rd\u0259 rayon \u015f\u00f6b\u0259si \u2014 41,6%<\/strong><\/li><li><strong>AVMV\u0130B Tovuz rayon \u015f\u00f6b\u0259si \u2014 16,6%<\/strong><\/li><li><strong>AVMV\u0130B Qubadl\u0131 rayon \u015f\u00f6b\u0259si \u2014 25,0%<\/strong><\/li><li><strong>AVMV\u0130B \u0130mi\u015fli rayon \u015f\u00f6b\u0259si \u2014 25,0%<\/strong><\/li><li><strong>AVMV\u0130B Balak\u0259n rayon \u015f\u00f6b\u0259si \u2014 33,3%<\/strong><\/li><li><strong>AVMV\u0130B A\u011fstafa rayon \u015f\u00f6b\u0259si \u2014 25,0%<\/strong><\/li><li><strong>AVMV\u0130B La\u00e7\u0131n rayon \u015f\u00f6b\u0259si \u2014 33,3%<\/strong><\/li><li><strong>AVMV\u0130B L\u0259nk\u0259ran rayon \u015f\u00f6b\u0259si \u2014 8,3%<\/strong><\/li><li><strong>AVMV\u0130B Bil\u0259suvar rayon \u015f\u00f6b\u0259si \u2014 8,3%<\/strong><\/li><li><strong>AVMV\u0130B G\u0259nc\u0259 \u015f\u0259h\u0259r \u015f\u00f6b\u0259si\u201425,0%<\/strong><\/li><li><strong>AVMV\u0130B Bin\u0259q\u0259di rayon \u015f\u00f6b\u0259si \u2014 25,0%<\/strong><\/li><li><strong>AVMV\u0130B C\u0259bray\u0131l rayon \u015f\u00f6b\u0259si &#8212; 8,3%<\/strong><\/li><li><strong>AVMV\u0130B Ucar rayon \u015f\u00f6b\u0259si &#8212; 16,6%<\/strong><\/li><li><strong>AVMV\u0130B X\u0259z\u0259r rayon \u015f\u00f6b\u0259si &#8212; 16,6%<\/strong><\/li><li><strong>AVMV\u0130B Xocav\u0259nd rayon \u015f\u00f6b\u0259si &#8212; 33,3%<\/strong><\/li><li><strong>AVMV\u0130B Sabirabad rayon \u015f\u00f6b\u0259si &#8212; 16,6%<\/strong><\/li><li><strong>AVMV\u0130B A\u011fda\u015f rayon \u015f\u00f6b\u0259si &#8212; 41,6%<\/strong><\/li><li><strong>AVMV\u0130B Sumqay\u0131t \u015f\u0259h\u0259r \u015f\u00f6b\u0259si &#8212; 16,6%<\/strong><\/li><li><strong>AVMV\u0130B Z\u0259rdab rayon \u015f\u00f6b\u0259si &#8212; 33,3%<\/strong><\/li><\/ol>\n\n\n\n<p><strong>AVMV\u0130B M\u0259tbuat Xidm\u0259ti<\/strong><\/p>\n","protected":false},"excerpt":{"rendered":"<p>Q\u00fcvv\u0259d\u0259 olan Az\u0259rbaycan V\u0259t\u0259n M\u00fcharib\u0259si Veteranlar\u0131 \u0130ctimai Birliyi (AVMV\u0130B) \u0130dar\u0259 Hey\u0259tinin Q\u0259rar\u0131n\u0131n yerin\u0259 yetirilm\u0259si \u00fczr\u0259 2021-ci ilin \u00f6t\u0259n aylar\u0131 \u00fczr\u0259 monitorinqimizi davam etdiririk. Xat\u0131rladaq<\/p>\n","protected":false},"author":2,"featured_media":36031,"comment_status":"closed","ping_status":"closed","sticky":false,"template":"","format":"standard","meta":{"footnotes":""},"categories":[5],"tags":[],"class_list":["post-36029","post","type-post","status-publish","format-standard","has-post-thumbnail","hentry","category-veteran"],"aioseo_notices":[],"_links":{"self":[{"href":"https:\/\/fedai.az\/index.php?rest_route=\/wp\/v2\/posts\/36029","targetHints":{"allow":["GET"]}}],"collection":[{"href":"https:\/\/fedai.az\/index.php?rest_route=\/wp\/v2\/posts"}],"about":[{"href":"https:\/\/fedai.az\/index.php?rest_route=\/wp\/v2\/types\/post"}],"author":[{"embeddable":true,"href":"https:\/\/fedai.az\/index.php?rest_route=\/wp\/v2\/users\/2"}],"replies":[{"embeddable":true,"href":"https:\/\/fedai.az\/index.php?rest_route=%2Fwp%2Fv2%2Fcomments&post=36029"}],"version-history":[{"count":2,"href":"https:\/\/fedai.az\/index.php?rest_route=\/wp\/v2\/posts\/36029\/revisions"}],"predecessor-version":[{"id":36053,"href":"https:\/\/fedai.az\/index.php?rest_route=\/wp\/v2\/posts\/36029\/revisions\/36053"}],"wp:featuredmedia":[{"embeddable":true,"href":"https:\/\/fedai.az\/index.php?rest_route=\/wp\/v2\/media\/36031"}],"wp:attachment":[{"href":"https:\/\/fedai.az\/index.php?rest_route=%2Fwp%2Fv2%2Fmedia&parent=36029"}],"wp:term":[{"taxonomy":"category","embeddable":true,"href":"https:\/\/fedai.az\/index.php?rest_route=%2Fwp%2Fv2%2Fcategories&post=36029"},{"taxonomy":"post_tag","embeddable":true,"href":"https:\/\/fedai.az\/index.php?rest_route=%2Fwp%2Fv2%2Ftags&post=36029"}],"curies":[{"name":"wp","href":"https:\/\/api.w.org\/{rel}","templated":true}]}}