{"id":36033,"date":"2021-04-26T02:49:26","date_gmt":"2021-04-25T22:49:26","guid":{"rendered":"https:\/\/fedai.az\/?p=36033"},"modified":"2021-04-26T02:49:30","modified_gmt":"2021-04-25T22:49:30","slug":"baydenin-musavirinin-adi-lukasenkoya-sui-q%c9%99sd-hazirliginda","status":"publish","type":"post","link":"https:\/\/fedai.az\/?p=36033","title":{"rendered":"Baydenin m\u00fc\u015favirinin ad\u0131 Luka\u015fenkoya sui-q\u0259sd haz\u0131rl\u0131\u011f\u0131nda"},"content":{"rendered":"\n<p><strong>Belarus prezidenti Aleksandr Luka\u015fenkoya qar\u015f\u0131 sui-q\u0259sd v\u0259 \u00f6lk\u0259d\u0259 h\u0259rbi \u00e7evrili\u015f haz\u0131rlamaqda ittiham olunan \u015f\u0259xsl\u0259r \u00f6z \u0259m\u0259ll\u0259rini etiraf edibl\u0259r.<\/strong><\/p>\n\n\n\n<p><strong>Modern.az<\/strong>&nbsp;\u201cR\u0130A Novosti\u201dy\u0259 istinad\u0259n x\u0259b\u0259r verir ki, bu bar\u0259d\u0259 Belarusun d\u00f6vl\u0259t telekanal\u0131 olan \u201cONT\u201d videog\u00f6r\u00fcnt\u00fcl\u0259r t\u0259qdim edib.<\/p>\n\n\n\n<p>Ba\u015f ver\u0259nl\u0259rl\u0259 ba\u011fl\u0131 v\u0259kil Yuri Zenkovi\u00e7, politoloq Aleksandr Feduta v\u0259 m\u00fcxalif \u201cBelarus Xalq C\u0259bh\u0259si\u201d partiyas\u0131n\u0131n lideri Qriqori Kostusyev ifad\u0259 verib.<\/p>\n\n\n\n<p>Qeyd ed\u0259k ki, aprel ay\u0131n\u0131n ortalar\u0131nda prezident A.Luka\u015fenko \u00f6z\u00fcn\u00fcn v\u0259 ail\u0259 \u00fczvl\u0259rinin h\u0259yatlar\u0131na sui-q\u0259sd haz\u0131rlayan bir qrup \u015f\u0259xsin h\u0259bs olundu\u011funu a\u00e7\u0131qlam\u0131\u015fd\u0131. D\u00f6vl\u0259t ba\u015f\u00e7\u0131s\u0131 bu i\u015fd\u0259 AB\u015e x\u00fcsusi xidm\u0259t orqanlar\u0131n\u0131n da i\u015ftirak etdiyini bildirmi\u015fdi.<\/p>\n\n\n\n<p>Qrupa h\u0259m Belarus v\u0259t\u0259nda\u015flar\u0131, h\u0259m d\u0259 xarici v\u0259t\u0259nda\u015flar daxildir. Belarus D\u00f6vl\u0259t T\u0259hl\u00fck\u0259sizlik Komit\u0259sinin a\u00e7\u0131qlamas\u0131na g\u00f6r\u0259, h\u0259min \u015f\u0259xsl\u0259r hakimiyy\u0259ti g\u00fcc yolu il\u0259 \u0259l\u0259 ke\u00e7irm\u0259k \u00fc\u00e7\u00fcn silahl\u0131 \u00fcsyan t\u0259\u015fkil etm\u0259k ist\u0259yirmi\u015fl\u0259r. Faktla \u0259laq\u0259dar d\u00f6rd n\u0259f\u0259r\u0259 qar\u015f\u0131 ittiham elan edilib, Zenkovi\u00e7 v\u0259 Feduta Rusiya Federal T\u0259hl\u00fck\u0259sizlik Xidm\u0259tinin k\u00f6m\u0259yi il\u0259 Moskvada, Kostusyev is\u0259 Belarusun \u00f6z\u00fcnd\u0259 h\u0259bs olunub.<\/p>\n\n\n\n<p>Onlara qar\u015f\u0131 Cinay\u0259t M\u0259c\u0259ll\u0259sinin 357-ci madd\u0259sinin 1-ci hiss\u0259si \u2013 \u201cD\u00f6vl\u0259t hakimiyy\u0259tini \u0259l\u0259 ke\u00e7irm\u0259k m\u0259qs\u0259di il\u0259 sui-q\u0259sd v\u0259 ya dig\u0259r h\u0259r\u0259k\u0259tl\u0259r t\u0259\u015fkil etm\u0259\u201d il\u0259 ittiham ir\u0259li s\u00fcr\u00fcl\u00fcb. Onlar\u0131 8 ild\u0259n 12 il\u0259d\u0259k h\u0259bs c\u0259zas\u0131 g\u00f6zl\u0259yir.<\/p>\n\n\n\n<p>ONT d\u00f6vl\u0259t telekanal\u0131 bildirib ki, AB\u015e Prezidenti Co Baydenin m\u00fc\u015faviri Maykl Karpenterin Belarusda d\u00f6vl\u0259t \u00e7evrili\u015find\u0259 v\u0259 respublikan\u0131n prezidenti Aleksandr Luka\u015fenkoya qar\u015f\u0131 sui-q\u0259sd haz\u0131rl\u0131\u011f\u0131nda \u0259li var.<\/p>\n","protected":false},"excerpt":{"rendered":"<p>Belarus prezidenti Aleksandr Luka\u015fenkoya qar\u015f\u0131 sui-q\u0259sd v\u0259 \u00f6lk\u0259d\u0259 h\u0259rbi \u00e7evrili\u015f haz\u0131rlamaqda ittiham olunan \u015f\u0259xsl\u0259r \u00f6z \u0259m\u0259ll\u0259rini etiraf edibl\u0259r. Modern.az&nbsp;\u201cR\u0130A Novosti\u201dy\u0259 istinad\u0259n x\u0259b\u0259r verir ki,<\/p>\n","protected":false},"author":2,"featured_media":36034,"comment_status":"closed","ping_status":"closed","sticky":false,"template":"","format":"standard","meta":{"footnotes":""},"categories":[13],"tags":[],"class_list":["post-36033","post","type-post","status-publish","format-standard","has-post-thumbnail","hentry","category-xarici"],"aioseo_notices":[],"_links":{"self":[{"href":"https:\/\/fedai.az\/index.php?rest_route=\/wp\/v2\/posts\/36033","targetHints":{"allow":["GET"]}}],"collection":[{"href":"https:\/\/fedai.az\/index.php?rest_route=\/wp\/v2\/posts"}],"about":[{"href":"https:\/\/fedai.az\/index.php?rest_route=\/wp\/v2\/types\/post"}],"author":[{"embeddable":true,"href":"https:\/\/fedai.az\/index.php?rest_route=\/wp\/v2\/users\/2"}],"replies":[{"embeddable":true,"href":"https:\/\/fedai.az\/index.php?rest_route=%2Fwp%2Fv2%2Fcomments&post=36033"}],"version-history":[{"count":1,"href":"https:\/\/fedai.az\/index.php?rest_route=\/wp\/v2\/posts\/36033\/revisions"}],"predecessor-version":[{"id":36035,"href":"https:\/\/fedai.az\/index.php?rest_route=\/wp\/v2\/posts\/36033\/revisions\/36035"}],"wp:featuredmedia":[{"embeddable":true,"href":"https:\/\/fedai.az\/index.php?rest_route=\/wp\/v2\/media\/36034"}],"wp:attachment":[{"href":"https:\/\/fedai.az\/index.php?rest_route=%2Fwp%2Fv2%2Fmedia&parent=36033"}],"wp:term":[{"taxonomy":"category","embeddable":true,"href":"https:\/\/fedai.az\/index.php?rest_route=%2Fwp%2Fv2%2Fcategories&post=36033"},{"taxonomy":"post_tag","embeddable":true,"href":"https:\/\/fedai.az\/index.php?rest_route=%2Fwp%2Fv2%2Ftags&post=36033"}],"curies":[{"name":"wp","href":"https:\/\/api.w.org\/{rel}","templated":true}]}}