{"id":36070,"date":"2021-04-27T01:25:50","date_gmt":"2021-04-26T21:25:50","guid":{"rendered":"https:\/\/fedai.az\/?p=36070"},"modified":"2021-04-27T01:25:54","modified_gmt":"2021-04-26T21:25:54","slug":"prezident-v%c9%99-birinci-xanim-c%c9%99brayil-v%c9%99-z%c9%99ngilana-getdi","status":"publish","type":"post","link":"https:\/\/fedai.az\/?p=36070","title":{"rendered":"Prezident v\u0259 birinci xan\u0131m C\u0259bray\u0131l v\u0259 Z\u0259ngilana getdi"},"content":{"rendered":"\n<p><strong>Aprelin 26-da Az\u0259rbaycan Respublikas\u0131n\u0131n Prezidenti \u0130lham \u018fliyev, birinci xan\u0131m Mehriban \u018fliyeva, q\u0131zlar\u0131 Leyla \u018fliyeva C\u0259bray\u0131l v\u0259 Z\u0259ngilan rayonlar\u0131nda olublar.<\/strong><\/p>\n\n\n\n<p>Fedai.az x\u0259b\u0259r verir ki, s\u0259f\u0259rd\u0259n geni\u015f reportaj aprelin 27-d\u0259 t\u0259qdim edil\u0259c\u0259k.<\/p>\n\n\n\n<figure class=\"wp-block-image size-large is-resized\"><img loading=\"lazy\" decoding=\"async\" src=\"https:\/\/fedai.az\/wp-content\/uploads\/2021\/04\/179367805_4128885743840026_7151045132747345745_n.jpg\" alt=\"\" class=\"wp-image-36071\" width=\"1091\" height=\"1364\" srcset=\"https:\/\/fedai.az\/wp-content\/uploads\/2021\/04\/179367805_4128885743840026_7151045132747345745_n.jpg 766w, https:\/\/fedai.az\/wp-content\/uploads\/2021\/04\/179367805_4128885743840026_7151045132747345745_n-240x300.jpg 240w, https:\/\/fedai.az\/wp-content\/uploads\/2021\/04\/179367805_4128885743840026_7151045132747345745_n-120x150.jpg 120w\" sizes=\"auto, (max-width: 1091px) 100vw, 1091px\" \/><\/figure>\n\n\n\n<figure class=\"wp-block-image size-large\"><img loading=\"lazy\" decoding=\"async\" width=\"766\" height=\"957\" src=\"https:\/\/fedai.az\/wp-content\/uploads\/2021\/04\/178709220_4128885850506682_8093575615422630394_n.jpg\" alt=\"\" class=\"wp-image-36072\" srcset=\"https:\/\/fedai.az\/wp-content\/uploads\/2021\/04\/178709220_4128885850506682_8093575615422630394_n.jpg 766w, https:\/\/fedai.az\/wp-content\/uploads\/2021\/04\/178709220_4128885850506682_8093575615422630394_n-240x300.jpg 240w, https:\/\/fedai.az\/wp-content\/uploads\/2021\/04\/178709220_4128885850506682_8093575615422630394_n-120x150.jpg 120w\" sizes=\"auto, (max-width: 766px) 100vw, 766px\" \/><\/figure>\n","protected":false},"excerpt":{"rendered":"<p>Aprelin 26-da Az\u0259rbaycan Respublikas\u0131n\u0131n Prezidenti \u0130lham \u018fliyev, birinci xan\u0131m Mehriban \u018fliyeva, q\u0131zlar\u0131 Leyla \u018fliyeva C\u0259bray\u0131l v\u0259 Z\u0259ngilan rayonlar\u0131nda olublar. Fedai.az x\u0259b\u0259r verir ki, s\u0259f\u0259rd\u0259n<\/p>\n","protected":false},"author":2,"featured_media":36073,"comment_status":"closed","ping_status":"closed","sticky":false,"template":"","format":"standard","meta":{"footnotes":""},"categories":[3],"tags":[],"class_list":["post-36070","post","type-post","status-publish","format-standard","has-post-thumbnail","hentry","category-gundm"],"aioseo_notices":[],"_links":{"self":[{"href":"https:\/\/fedai.az\/index.php?rest_route=\/wp\/v2\/posts\/36070","targetHints":{"allow":["GET"]}}],"collection":[{"href":"https:\/\/fedai.az\/index.php?rest_route=\/wp\/v2\/posts"}],"about":[{"href":"https:\/\/fedai.az\/index.php?rest_route=\/wp\/v2\/types\/post"}],"author":[{"embeddable":true,"href":"https:\/\/fedai.az\/index.php?rest_route=\/wp\/v2\/users\/2"}],"replies":[{"embeddable":true,"href":"https:\/\/fedai.az\/index.php?rest_route=%2Fwp%2Fv2%2Fcomments&post=36070"}],"version-history":[{"count":1,"href":"https:\/\/fedai.az\/index.php?rest_route=\/wp\/v2\/posts\/36070\/revisions"}],"predecessor-version":[{"id":36074,"href":"https:\/\/fedai.az\/index.php?rest_route=\/wp\/v2\/posts\/36070\/revisions\/36074"}],"wp:featuredmedia":[{"embeddable":true,"href":"https:\/\/fedai.az\/index.php?rest_route=\/wp\/v2\/media\/36073"}],"wp:attachment":[{"href":"https:\/\/fedai.az\/index.php?rest_route=%2Fwp%2Fv2%2Fmedia&parent=36070"}],"wp:term":[{"taxonomy":"category","embeddable":true,"href":"https:\/\/fedai.az\/index.php?rest_route=%2Fwp%2Fv2%2Fcategories&post=36070"},{"taxonomy":"post_tag","embeddable":true,"href":"https:\/\/fedai.az\/index.php?rest_route=%2Fwp%2Fv2%2Ftags&post=36070"}],"curies":[{"name":"wp","href":"https:\/\/api.w.org\/{rel}","templated":true}]}}