{"id":36075,"date":"2021-04-27T01:28:59","date_gmt":"2021-04-26T21:28:59","guid":{"rendered":"https:\/\/fedai.az\/?p=36075"},"modified":"2021-04-27T01:29:03","modified_gmt":"2021-04-26T21:29:03","slug":"xocav%c9%99ndd%c9%99-%c9%99m%c9%99liyyat-tutulanlar-arasinda-rusiya-v%c9%99t%c9%99ndasi-da-var","status":"publish","type":"post","link":"https:\/\/fedai.az\/?p=36075","title":{"rendered":"Xocav\u0259ndd\u0259 \u0259m\u0259liyyat: Tutulanlar aras\u0131nda Rusiya v\u0259t\u0259nda\u015f\u0131 da var"},"content":{"rendered":"\n<p><strong>Xocav\u0259nd Rayon Polis \u015e\u00f6b\u0259sinin (RP\u015e) \u0259m\u0259kda\u015flar\u0131 t\u0259r\u0259find\u0259n rayonun i\u015f\u011faldan azad edilmi\u015f, lakin minalardan tam t\u0259mizl\u0259nm\u0259mi\u015f \u0259razil\u0259r\u0259 icaz\u0259siz ke\u00e7m\u0259y\u0259 c\u0259hd g\u00f6st\u0259r\u0259n \u015f\u0259xsl\u0259rin qar\u015f\u0131s\u0131n\u0131n al\u0131nmas\u0131 istiqam\u0259tind\u0259 t\u0259dbirl\u0259r davam etdirilir.<\/strong><\/p>\n\n\n\n<p>Daxili \u0130\u015fl\u0259r Nazirliyinin M\u0259tbuat xidm\u0259tinin B\u0259rd\u0259 regional qrupundan veril\u0259n m\u0259lumata g\u00f6r\u0259, Xocav\u0259nd RP\u015e-nin \u0259m\u0259kda\u015flar\u0131 t\u0259r\u0259find\u0259n h\u0259yata ke\u00e7iril\u0259n n\u00f6vb\u0259ti t\u0259dbirl\u0259r zaman\u0131 rayon \u0259razisin\u0259 qanunsuz daxil olan 4 n\u0259f\u0259r saxlan\u0131l\u0131b.<\/p>\n\n\n\n<p>Ara\u015fd\u0131rmalarla onlar\u0131n Beyl\u0259qan rayon sakinl\u0259ri Turqut \u018fs\u0259dov, F\u0259rid M\u0259mm\u0259dzad\u0259, \u018fli M\u0259mi\u015fov v\u0259 Rusiya Federasiyas\u0131n\u0131n sakini Muxamed Abdullayev oldu\u011fu m\u00fc\u0259yy\u0259n edilib.<\/p>\n\n\n\n<p>H\u0259min \u015f\u0259xsl\u0259r bar\u0259sind\u0259 qanunam\u00fcvafiq t\u0259dbirl\u0259r yerin\u0259 yetirilib v\u0259 10 sutka inzibati qaydada h\u0259bs edilib.<\/p>\n","protected":false},"excerpt":{"rendered":"<p>Xocav\u0259nd Rayon Polis \u015e\u00f6b\u0259sinin (RP\u015e) \u0259m\u0259kda\u015flar\u0131 t\u0259r\u0259find\u0259n rayonun i\u015f\u011faldan azad edilmi\u015f, lakin minalardan tam t\u0259mizl\u0259nm\u0259mi\u015f \u0259razil\u0259r\u0259 icaz\u0259siz ke\u00e7m\u0259y\u0259 c\u0259hd g\u00f6st\u0259r\u0259n \u015f\u0259xsl\u0259rin qar\u015f\u0131s\u0131n\u0131n al\u0131nmas\u0131 istiqam\u0259tind\u0259<\/p>\n","protected":false},"author":2,"featured_media":36076,"comment_status":"closed","ping_status":"closed","sticky":false,"template":"","format":"standard","meta":{"footnotes":""},"categories":[4],"tags":[],"class_list":["post-36075","post","type-post","status-publish","format-standard","has-post-thumbnail","hentry","category-qarabag"],"aioseo_notices":[],"_links":{"self":[{"href":"https:\/\/fedai.az\/index.php?rest_route=\/wp\/v2\/posts\/36075","targetHints":{"allow":["GET"]}}],"collection":[{"href":"https:\/\/fedai.az\/index.php?rest_route=\/wp\/v2\/posts"}],"about":[{"href":"https:\/\/fedai.az\/index.php?rest_route=\/wp\/v2\/types\/post"}],"author":[{"embeddable":true,"href":"https:\/\/fedai.az\/index.php?rest_route=\/wp\/v2\/users\/2"}],"replies":[{"embeddable":true,"href":"https:\/\/fedai.az\/index.php?rest_route=%2Fwp%2Fv2%2Fcomments&post=36075"}],"version-history":[{"count":1,"href":"https:\/\/fedai.az\/index.php?rest_route=\/wp\/v2\/posts\/36075\/revisions"}],"predecessor-version":[{"id":36077,"href":"https:\/\/fedai.az\/index.php?rest_route=\/wp\/v2\/posts\/36075\/revisions\/36077"}],"wp:featuredmedia":[{"embeddable":true,"href":"https:\/\/fedai.az\/index.php?rest_route=\/wp\/v2\/media\/36076"}],"wp:attachment":[{"href":"https:\/\/fedai.az\/index.php?rest_route=%2Fwp%2Fv2%2Fmedia&parent=36075"}],"wp:term":[{"taxonomy":"category","embeddable":true,"href":"https:\/\/fedai.az\/index.php?rest_route=%2Fwp%2Fv2%2Fcategories&post=36075"},{"taxonomy":"post_tag","embeddable":true,"href":"https:\/\/fedai.az\/index.php?rest_route=%2Fwp%2Fv2%2Ftags&post=36075"}],"curies":[{"name":"wp","href":"https:\/\/api.w.org\/{rel}","templated":true}]}}