{"id":36078,"date":"2021-04-27T01:36:04","date_gmt":"2021-04-26T21:36:04","guid":{"rendered":"https:\/\/fedai.az\/?p=36078"},"modified":"2021-04-27T01:36:07","modified_gmt":"2021-04-26T21:36:07","slug":"mehriban-%c9%99liyeva-c%c9%99brayilla-bagli-paylasimlar-etdi","status":"publish","type":"post","link":"https:\/\/fedai.az\/?p=36078","title":{"rendered":"Mehriban \u018fliyeva C\u0259bray\u0131lla ba\u011fl\u0131 payla\u015f\u0131mlar etdi"},"content":{"rendered":"\n<p><strong>Az\u0259rbaycan\u0131n Birinci vitse-prezidenti Mehriban \u018fliyeva \u00f6z\u00fcn\u00fcn instaqram s\u0259hif\u0259sind\u0259 Prezident \u0130lham \u018fliyevl\u0259 i\u015f\u011faldan azad edil\u0259n C\u0259bray\u0131l v\u0259 Z\u0259ngilan rayonuna s\u0259f\u0259ri il\u0259 ba\u011fl\u0131 g\u00f6r\u00fcnt\u00fcl\u0259r payla\u015f\u0131b.<\/strong><\/p>\n\n\n\n<p><br>Fedai.az x\u0259b\u0259r verir ki, Mehriban \u018fliyeva yaz\u0131b:<\/p>\n\n\n\n<p><br><strong>&#171;\u018fziz h\u0259mv\u0259t\u0259nl\u0259r,<\/strong><\/p>\n\n\n\n<p><strong><br>\u0130\u015f\u011faldan azad olunmu\u015f rayonlar\u0131m\u0131za s\u0259f\u0259rl\u0259rimiz davam edir. Bu g\u00fcn biz yenid\u0259n C\u0259bray\u0131l v\u0259 Z\u0259ngilan rayonlar\u0131nda olduq. B\u00f6y\u00fck m\u0259mnuniyy\u0259tl\u0259 s\u0259f\u0259rimizin g\u00f6r\u00fcnt\u00fcl\u0259rini sizinl\u0259 payla\u015f\u0131ram.<\/strong><\/p>\n\n\n\n<p><strong><br>D\u0259rin h\u00f6rm\u0259t v\u0259 sevgil\u0259rl\u0259,<br>Sizin MEHR\u0130BAN&#187;.<\/strong><\/p>\n","protected":false},"excerpt":{"rendered":"<p>Az\u0259rbaycan\u0131n Birinci vitse-prezidenti Mehriban \u018fliyeva \u00f6z\u00fcn\u00fcn instaqram s\u0259hif\u0259sind\u0259 Prezident \u0130lham \u018fliyevl\u0259 i\u015f\u011faldan azad edil\u0259n C\u0259bray\u0131l v\u0259 Z\u0259ngilan rayonuna s\u0259f\u0259ri il\u0259 ba\u011fl\u0131 g\u00f6r\u00fcnt\u00fcl\u0259r payla\u015f\u0131b. Fedai.az<\/p>\n","protected":false},"author":2,"featured_media":36079,"comment_status":"closed","ping_status":"closed","sticky":false,"template":"","format":"standard","meta":{"footnotes":""},"categories":[4],"tags":[],"class_list":["post-36078","post","type-post","status-publish","format-standard","has-post-thumbnail","hentry","category-qarabag"],"aioseo_notices":[],"_links":{"self":[{"href":"https:\/\/fedai.az\/index.php?rest_route=\/wp\/v2\/posts\/36078","targetHints":{"allow":["GET"]}}],"collection":[{"href":"https:\/\/fedai.az\/index.php?rest_route=\/wp\/v2\/posts"}],"about":[{"href":"https:\/\/fedai.az\/index.php?rest_route=\/wp\/v2\/types\/post"}],"author":[{"embeddable":true,"href":"https:\/\/fedai.az\/index.php?rest_route=\/wp\/v2\/users\/2"}],"replies":[{"embeddable":true,"href":"https:\/\/fedai.az\/index.php?rest_route=%2Fwp%2Fv2%2Fcomments&post=36078"}],"version-history":[{"count":1,"href":"https:\/\/fedai.az\/index.php?rest_route=\/wp\/v2\/posts\/36078\/revisions"}],"predecessor-version":[{"id":36080,"href":"https:\/\/fedai.az\/index.php?rest_route=\/wp\/v2\/posts\/36078\/revisions\/36080"}],"wp:featuredmedia":[{"embeddable":true,"href":"https:\/\/fedai.az\/index.php?rest_route=\/wp\/v2\/media\/36079"}],"wp:attachment":[{"href":"https:\/\/fedai.az\/index.php?rest_route=%2Fwp%2Fv2%2Fmedia&parent=36078"}],"wp:term":[{"taxonomy":"category","embeddable":true,"href":"https:\/\/fedai.az\/index.php?rest_route=%2Fwp%2Fv2%2Fcategories&post=36078"},{"taxonomy":"post_tag","embeddable":true,"href":"https:\/\/fedai.az\/index.php?rest_route=%2Fwp%2Fv2%2Ftags&post=36078"}],"curies":[{"name":"wp","href":"https:\/\/api.w.org\/{rel}","templated":true}]}}