{"id":36081,"date":"2021-04-27T01:42:04","date_gmt":"2021-04-26T21:42:04","guid":{"rendered":"https:\/\/fedai.az\/?p=36081"},"modified":"2021-04-27T22:57:12","modified_gmt":"2021-04-27T18:57:12","slug":"%c9%99rdogandan-bayden%c9%99-cavab-butun-d%c9%99lill%c9%99r-qarabagdadir","status":"publish","type":"post","link":"https:\/\/fedai.az\/?p=36081","title":{"rendered":"\u018frdo\u011fandan BAYDEN\u018f CAVAB: &#171;B\u00fct\u00fcn d\u0259lill\u0259r Qaraba\u011fdad\u0131r&#8230;&#187;"},"content":{"rendered":"\n<p><strong>T\u00fcrk\u0259, t\u00fcrk mill\u0259tin\u0259 &#171;soyq\u0131r\u0131m\u0131&#187; ifad\u0259sini yap\u0131\u015fd\u0131ra bilm\u0259zsiniz, b\u00fct\u00fcn d\u0259lill\u0259r Qaraba\u011fdad\u0131r.<\/strong><\/p>\n\n\n\n<p><strong><a target=\"_blank\" href=\"http:\/\/publika.az\/\" rel=\"noreferrer noopener\">Publika.az<\/a><\/strong>&nbsp;x\u0259b\u0259r verir ki, bunu T\u00fcrkiy\u0259 Prezidenti R\u0259c\u0259b Tayyib \u018frdo\u011fan AB\u015e prezidenti Co Baydenin qondarma &#171;erm\u0259ni soyq\u0131r\u0131m\u0131n\u0131n ild\u00f6n\u00fcm\u00fc&#187; m\u00fcnasib\u0259til\u0259 &#171;soyq\u0131r\u0131m\u0131&#187; ifad\u0259sini i\u015fl\u0259tm\u0259sin\u0259 m\u00fcnasib\u0259t bildir\u0259rk\u0259n deyib.<\/p>\n\n\n\n<p>\u00d6lk\u0259 lideri deyib ki, Erm\u0259nil\u0259rin Da\u011fl\u0131q Qaraba\u011f v\u0259 Az\u0259rbaycan \u015f\u0259h\u0259rl\u0259rind\u0259 etdikl\u0259ri g\u00f6z qaba\u011f\u0131ndad\u0131r:<\/p>\n\n\n\n<p>&#171;Minsk Qrupu \u00fc\u00e7l\u00fcy\u00fc yarad\u0131lm\u0131\u015fd\u0131. Bu qrupda kiml\u0259r vard\u0131? Amerika, Rusiya v\u0259 Fransa. Bu \u00f6lk\u0259l\u0259r 30 il \u0259rzind\u0259 Qaraba\u011f\u0131 i\u015f\u011faldan qurtara bilm\u0259di v\u0259 1 milyondan \u00e7ox az\u0259rbaycanl\u0131 qarda\u015flar\u0131m\u0131z n\u0259 yaz\u0131q ki, \u00f6z yurdlar\u0131n\u0131 t\u0259rk etm\u0259k m\u0259cburiy\u0259tind\u0259 qald\u0131. B\u00fct\u00fcn Qaraba\u011f yand\u0131r\u0131ld\u0131, da\u011f\u0131d\u0131ld\u0131. \u018fg\u0259r &#171;soyq\u0131r\u0131m\u0131&#187; deyirsinizs\u0259, g\u00fczg\u00fcy\u0259 bax\u0131n. B\u00fct\u00fcn d\u0259lill\u0259r Qaraba\u011fdad\u0131r. B\u00fct\u00fcn bunlar ortadayk\u0259n, sizl\u0259r qalx\u0131b t\u00fcrk\u0259, t\u00fcrk mill\u0259tin\u0259 &#171;soyq\u0131r\u0131m\u0131&#187; ifad\u0259sini yap\u0131\u015fd\u0131ra bilm\u0259zsiniz&#187;.<\/p>\n","protected":false},"excerpt":{"rendered":"<p>T\u00fcrk\u0259, t\u00fcrk mill\u0259tin\u0259 &#171;soyq\u0131r\u0131m\u0131&#187; ifad\u0259sini yap\u0131\u015fd\u0131ra bilm\u0259zsiniz, b\u00fct\u00fcn d\u0259lill\u0259r Qaraba\u011fdad\u0131r. Publika.az&nbsp;x\u0259b\u0259r verir ki, bunu T\u00fcrkiy\u0259 Prezidenti R\u0259c\u0259b Tayyib \u018frdo\u011fan AB\u015e prezidenti Co Baydenin qondarma<\/p>\n","protected":false},"author":2,"featured_media":0,"comment_status":"closed","ping_status":"closed","sticky":false,"template":"","format":"standard","meta":{"footnotes":""},"categories":[3],"tags":[],"class_list":["post-36081","post","type-post","status-publish","format-standard","hentry","category-gundm"],"aioseo_notices":[],"_links":{"self":[{"href":"https:\/\/fedai.az\/index.php?rest_route=\/wp\/v2\/posts\/36081","targetHints":{"allow":["GET"]}}],"collection":[{"href":"https:\/\/fedai.az\/index.php?rest_route=\/wp\/v2\/posts"}],"about":[{"href":"https:\/\/fedai.az\/index.php?rest_route=\/wp\/v2\/types\/post"}],"author":[{"embeddable":true,"href":"https:\/\/fedai.az\/index.php?rest_route=\/wp\/v2\/users\/2"}],"replies":[{"embeddable":true,"href":"https:\/\/fedai.az\/index.php?rest_route=%2Fwp%2Fv2%2Fcomments&post=36081"}],"version-history":[{"count":2,"href":"https:\/\/fedai.az\/index.php?rest_route=\/wp\/v2\/posts\/36081\/revisions"}],"predecessor-version":[{"id":36163,"href":"https:\/\/fedai.az\/index.php?rest_route=\/wp\/v2\/posts\/36081\/revisions\/36163"}],"wp:attachment":[{"href":"https:\/\/fedai.az\/index.php?rest_route=%2Fwp%2Fv2%2Fmedia&parent=36081"}],"wp:term":[{"taxonomy":"category","embeddable":true,"href":"https:\/\/fedai.az\/index.php?rest_route=%2Fwp%2Fv2%2Fcategories&post=36081"},{"taxonomy":"post_tag","embeddable":true,"href":"https:\/\/fedai.az\/index.php?rest_route=%2Fwp%2Fv2%2Ftags&post=36081"}],"curies":[{"name":"wp","href":"https:\/\/api.w.org\/{rel}","templated":true}]}}