{"id":36091,"date":"2021-04-27T01:56:06","date_gmt":"2021-04-26T21:56:06","guid":{"rendered":"https:\/\/fedai.az\/?p=36091"},"modified":"2021-04-27T01:56:09","modified_gmt":"2021-04-26T21:56:09","slug":"erm%c9%99nil%c9%99r-tor%c9%99tdikl%c9%99ri-q%c9%99tliamlarla-oyunurdu-%c9%99rdogan","status":"publish","type":"post","link":"https:\/\/fedai.az\/?p=36091","title":{"rendered":"Erm\u0259nil\u0259r t\u00f6r\u0259tdikl\u0259ri q\u0259tliamlarla \u00f6y\u00fcn\u00fcrd\u00fc &#8212; \u018frdo\u011fan"},"content":{"rendered":"\n<p><strong>Erm\u0259ni qrupla\u015fmalar\u0131 t\u0259kc\u0259 Anadoluda m\u00fcdafi\u0259siz m\u00fclki t\u00fcrk v\u0259 k\u00fcrdl\u0259ri, Qafqaz t\u0259r\u0259fd\u0259 is\u0259 \u00e7\u0259rk\u0259zl\u0259ri q\u0259tl\u0259 yetiribl\u0259r. T\u00f6r\u0259tdikl\u0259ri q\u0259tliamlar\u0131 v\u0259 y\u00fczminl\u0259rl\u0259 insan\u0131 s\u00fcrg\u00fcn etm\u0259l\u0259rini \u00f6y\u00fcn\u0259r\u0259k dan\u0131\u015f\u0131blar. Bununla ba\u011fl\u0131 bir \u00e7ox \u00f6lk\u0259l\u0259rin arxivl\u0259rind\u0259 s\u0259n\u0259dl\u0259r m\u00f6vcuddur.<\/strong><\/p>\n\n\n\n<p><a target=\"_blank\" href=\"https:\/\/axar.az\/\" rel=\"noreferrer noopener\">Axar.az<\/a>&nbsp;x\u0259b\u0259r verir ki, bunu T\u00fcrkiy\u0259 Prezidenti R\u0259c\u0259b Tayyib \u018frdo\u011fan deyib.<\/p>\n\n\n\n<p>\u018frdo\u011fan\u0131n s\u00f6zl\u0259rin\u0259 g\u00f6r\u0259, erm\u0259ni \u0259halisinin h\u0259min d\u00f6vrd\u0259 m\u00fcv\u0259qq\u0259ti olaraq ba\u015fqa b\u00f6lg\u0259l\u0259r\u0259 g\u00f6nd\u0259rilm\u0259si q\u0259rar\u0131 verilib:<\/p>\n\n\n\n<p>\u201cBu q\u0259rar, quldur h\u00fccumlar\u0131n\u0131n s\u0131x oldu\u011fu yerl\u0259rd\u0259 olan erm\u0259ni \u0259halisini \u0259hat\u0259 edir. Yeri d\u0259yi\u015fdiril\u0259n erm\u0259ni \u0259halisinin say\u0131 m\u0259s\u0259l\u0259sind\u0259 m\u00fcxt\u0259lif fikirl\u0259r dola\u015f\u0131r. Birinci D\u00fcnya m\u00fcharib\u0259sind\u0259n \u00f6nc\u0259 erm\u0259ni \u0259halisi 1 milyon 300 min idi. Haz\u0131rda 1 milyondan \u00e7ox oldu\u011fu il\u0259 ba\u011fl\u0131 arxivl\u0259rimizd\u0259 s\u0259n\u0259dl\u0259r var. M\u0259n s\u0259n\u0259dl\u0259r\u0259 istinadla dan\u0131\u015f\u0131ram, c\u0259nab Bayden kimi deyil. \u018fc\u0259ba, AB\u015e-\u0131n, Avropan\u0131n arxivl\u0259rind\u0259 n\u0259 q\u0259d\u0259r s\u0259n\u0259d var. A\u00e7\u0131l\u0131blarm\u0131? Biz ortaya g\u0259lin deyirik, amma bu \u00e7a\u011f\u0131r\u0131\u015flara cavab verm\u0259dil\u0259r\u201d.<\/p>\n","protected":false},"excerpt":{"rendered":"<p>Erm\u0259ni qrupla\u015fmalar\u0131 t\u0259kc\u0259 Anadoluda m\u00fcdafi\u0259siz m\u00fclki t\u00fcrk v\u0259 k\u00fcrdl\u0259ri, Qafqaz t\u0259r\u0259fd\u0259 is\u0259 \u00e7\u0259rk\u0259zl\u0259ri q\u0259tl\u0259 yetiribl\u0259r. T\u00f6r\u0259tdikl\u0259ri q\u0259tliamlar\u0131 v\u0259 y\u00fczminl\u0259rl\u0259 insan\u0131 s\u00fcrg\u00fcn etm\u0259l\u0259rini \u00f6y\u00fcn\u0259r\u0259k dan\u0131\u015f\u0131blar.<\/p>\n","protected":false},"author":2,"featured_media":36092,"comment_status":"closed","ping_status":"closed","sticky":false,"template":"","format":"standard","meta":{"footnotes":""},"categories":[1],"tags":[],"class_list":["post-36091","post","type-post","status-publish","format-standard","has-post-thumbnail","hentry","category-siyast"],"aioseo_notices":[],"_links":{"self":[{"href":"https:\/\/fedai.az\/index.php?rest_route=\/wp\/v2\/posts\/36091","targetHints":{"allow":["GET"]}}],"collection":[{"href":"https:\/\/fedai.az\/index.php?rest_route=\/wp\/v2\/posts"}],"about":[{"href":"https:\/\/fedai.az\/index.php?rest_route=\/wp\/v2\/types\/post"}],"author":[{"embeddable":true,"href":"https:\/\/fedai.az\/index.php?rest_route=\/wp\/v2\/users\/2"}],"replies":[{"embeddable":true,"href":"https:\/\/fedai.az\/index.php?rest_route=%2Fwp%2Fv2%2Fcomments&post=36091"}],"version-history":[{"count":1,"href":"https:\/\/fedai.az\/index.php?rest_route=\/wp\/v2\/posts\/36091\/revisions"}],"predecessor-version":[{"id":36093,"href":"https:\/\/fedai.az\/index.php?rest_route=\/wp\/v2\/posts\/36091\/revisions\/36093"}],"wp:featuredmedia":[{"embeddable":true,"href":"https:\/\/fedai.az\/index.php?rest_route=\/wp\/v2\/media\/36092"}],"wp:attachment":[{"href":"https:\/\/fedai.az\/index.php?rest_route=%2Fwp%2Fv2%2Fmedia&parent=36091"}],"wp:term":[{"taxonomy":"category","embeddable":true,"href":"https:\/\/fedai.az\/index.php?rest_route=%2Fwp%2Fv2%2Fcategories&post=36091"},{"taxonomy":"post_tag","embeddable":true,"href":"https:\/\/fedai.az\/index.php?rest_route=%2Fwp%2Fv2%2Ftags&post=36091"}],"curies":[{"name":"wp","href":"https:\/\/api.w.org\/{rel}","templated":true}]}}