{"id":36094,"date":"2021-04-27T02:04:28","date_gmt":"2021-04-26T22:04:28","guid":{"rendered":"https:\/\/fedai.az\/?p=36094"},"modified":"2021-04-27T02:04:31","modified_gmt":"2021-04-26T22:04:31","slug":"ilham-%c9%99liyev-c%c9%99brayilda-h%c9%99rbi-avtomobil-surdu-video","status":"publish","type":"post","link":"https:\/\/fedai.az\/?p=36094","title":{"rendered":"\u0130lham \u018fliyev C\u0259bray\u0131lda h\u0259rbi avtomobil s\u00fcrd\u00fc &#8212; Video"},"content":{"rendered":"\n<p><strong>Az\u0259rbaycan Prezidenti \u0130lham \u018fliyev C\u0259bray\u0131l rayonunda h\u0259rbi avtomobili idar\u0259 edib.<\/strong><\/p>\n\n\n\n<p><a target=\"_blank\" href=\"https:\/\/axar.az\/\" rel=\"noreferrer noopener\">Axar.az<\/a>\u00a0g\u00f6r\u00fcnt\u00fcl\u0259ri t\u0259qdim edib:<\/p>\n\n\n\n<figure class=\"wp-block-embed is-type-video is-provider-youtube wp-block-embed-youtube wp-embed-aspect-4-3 wp-has-aspect-ratio\"><div class=\"wp-block-embed__wrapper\">\n<iframe loading=\"lazy\" title=\"\u0130lham \u018fliyev zirehli avtomobili s\u00fcrd\u00fc\" width=\"715\" height=\"536\" src=\"https:\/\/www.youtube.com\/embed\/8I7OhRX46JI?feature=oembed\" frameborder=\"0\" allow=\"accelerometer; autoplay; clipboard-write; encrypted-media; gyroscope; picture-in-picture\" allowfullscreen><\/iframe>\n<\/div><\/figure>\n","protected":false},"excerpt":{"rendered":"<p>Az\u0259rbaycan Prezidenti \u0130lham \u018fliyev C\u0259bray\u0131l rayonunda h\u0259rbi avtomobili idar\u0259 edib. Axar.az\u00a0g\u00f6r\u00fcnt\u00fcl\u0259ri t\u0259qdim edib:<\/p>\n","protected":false},"author":2,"featured_media":36096,"comment_status":"closed","ping_status":"closed","sticky":false,"template":"","format":"standard","meta":{"footnotes":""},"categories":[4],"tags":[],"class_list":["post-36094","post","type-post","status-publish","format-standard","has-post-thumbnail","hentry","category-qarabag"],"aioseo_notices":[],"_links":{"self":[{"href":"https:\/\/fedai.az\/index.php?rest_route=\/wp\/v2\/posts\/36094","targetHints":{"allow":["GET"]}}],"collection":[{"href":"https:\/\/fedai.az\/index.php?rest_route=\/wp\/v2\/posts"}],"about":[{"href":"https:\/\/fedai.az\/index.php?rest_route=\/wp\/v2\/types\/post"}],"author":[{"embeddable":true,"href":"https:\/\/fedai.az\/index.php?rest_route=\/wp\/v2\/users\/2"}],"replies":[{"embeddable":true,"href":"https:\/\/fedai.az\/index.php?rest_route=%2Fwp%2Fv2%2Fcomments&post=36094"}],"version-history":[{"count":1,"href":"https:\/\/fedai.az\/index.php?rest_route=\/wp\/v2\/posts\/36094\/revisions"}],"predecessor-version":[{"id":36097,"href":"https:\/\/fedai.az\/index.php?rest_route=\/wp\/v2\/posts\/36094\/revisions\/36097"}],"wp:featuredmedia":[{"embeddable":true,"href":"https:\/\/fedai.az\/index.php?rest_route=\/wp\/v2\/media\/36096"}],"wp:attachment":[{"href":"https:\/\/fedai.az\/index.php?rest_route=%2Fwp%2Fv2%2Fmedia&parent=36094"}],"wp:term":[{"taxonomy":"category","embeddable":true,"href":"https:\/\/fedai.az\/index.php?rest_route=%2Fwp%2Fv2%2Fcategories&post=36094"},{"taxonomy":"post_tag","embeddable":true,"href":"https:\/\/fedai.az\/index.php?rest_route=%2Fwp%2Fv2%2Ftags&post=36094"}],"curies":[{"name":"wp","href":"https:\/\/api.w.org\/{rel}","templated":true}]}}