{"id":36112,"date":"2021-04-27T03:24:35","date_gmt":"2021-04-26T23:24:35","guid":{"rendered":"https:\/\/fedai.az\/?p=36112"},"modified":"2021-04-27T03:24:38","modified_gmt":"2021-04-26T23:24:38","slug":"hikm%c9%99t-haciyev-b%c9%99zi-olk%c9%99l%c9%99r-israill%c9%99-t%c9%99r%c9%99fdasligimiza-v%c9%99-%c9%99m%c9%99kdasligimiza-ziyan-vurmaga-calisir","status":"publish","type":"post","link":"https:\/\/fedai.az\/?p=36112","title":{"rendered":"Hikm\u0259t Hac\u0131yev: &#171;B\u0259zi \u00f6lk\u0259l\u0259r \u0130sraill\u0259 t\u0259r\u0259fda\u015fl\u0131\u011f\u0131m\u0131za v\u0259 \u0259m\u0259kda\u015fl\u0131\u011f\u0131m\u0131za ziyan vurma\u011fa \u00e7al\u0131\u015f\u0131r&#187;"},"content":{"rendered":"\n<p><strong>&#171;Bizim m\u00fcnasib\u0259tl\u0259rimiz t\u0259kc\u0259 s\u00f6zd\u0259 deyil, \u0259m\u0259li i\u015fd\u0259 d\u0259 strateji m\u00fcnasib\u0259tl\u0259rdir. Biz bir-birimizi anlay\u0131r\u0131q. M\u0259nim fikrimc\u0259, bu m\u00fcnasib\u0259tl\u0259rin \u0259sas\u0131n\u0131 xalqlar\u0131m\u0131z aras\u0131nda \u0259laq\u0259 t\u0259\u015fkil edir&#187;.<\/strong><\/p>\n\n\n\n<p><a href=\"https:\/\/report.az\/xarici-siyaset\/hikmet-haciyev-bezi-olkeler-israille-terefdasligmiza-ve-emekdasligimiza-ziyan-vurmaga-calisir\/\" target=\"_blank\" rel=\"noreferrer noopener\">&#171;Report&#187;<\/a>un x\u0259b\u0259rin\u0259 g\u00f6r\u0259, bu fikirl\u0259r Az\u0259rbaycan Prezidentinin k\u00f6m\u0259k\u00e7isi \u2013 Prezident Administrasiyas\u0131n\u0131n xarici siyas\u0259t \u015f\u00f6b\u0259sinin m\u00fcdiri Hikm\u0259t Hac\u0131yevin \u0130sraild\u0259 \u00e7\u0131xan n\u00fcfuzlu \u201cIsrael HaYom\u201d q\u0259zetind\u0259 d\u0259rc olunmu\u015f m\u0259qal\u0259sind\u0259 yer al\u0131b.<\/p>\n\n\n\n<p>O bildirib ki, \u0130srail-Az\u0259rbaycan m\u00fcnasib\u0259tl\u0259ri tarix\u0259n s\u0259mimi anla\u015fmaya \u0259saslan\u0131r: &#171;Az\u0259rbaycan il\u0259 sabit yax\u015f\u0131 m\u00fcnasib\u0259tl\u0259r b\u00fct\u00fcn d\u00fcnyada y\u0259hudi xalq\u0131n\u0131n m\u0259nafeyin\u0259 uy\u011fundur, lakin b\u0259zi \u00f6lk\u0259l\u0259r bizim t\u0259r\u0259fda\u015fl\u0131\u011f\u0131m\u0131za v\u0259 \u0259m\u0259kda\u015fl\u0131\u011f\u0131m\u0131za ziyan vurma\u011fa \u00e7al\u0131\u015f\u0131r&#187;.<\/p>\n","protected":false},"excerpt":{"rendered":"<p>&#171;Bizim m\u00fcnasib\u0259tl\u0259rimiz t\u0259kc\u0259 s\u00f6zd\u0259 deyil, \u0259m\u0259li i\u015fd\u0259 d\u0259 strateji m\u00fcnasib\u0259tl\u0259rdir. Biz bir-birimizi anlay\u0131r\u0131q. M\u0259nim fikrimc\u0259, bu m\u00fcnasib\u0259tl\u0259rin \u0259sas\u0131n\u0131 xalqlar\u0131m\u0131z aras\u0131nda \u0259laq\u0259 t\u0259\u015fkil edir&#187;. &#171;Report&#187;un<\/p>\n","protected":false},"author":2,"featured_media":36113,"comment_status":"closed","ping_status":"closed","sticky":false,"template":"","format":"standard","meta":{"footnotes":""},"categories":[1],"tags":[],"class_list":["post-36112","post","type-post","status-publish","format-standard","has-post-thumbnail","hentry","category-siyast"],"aioseo_notices":[],"_links":{"self":[{"href":"https:\/\/fedai.az\/index.php?rest_route=\/wp\/v2\/posts\/36112","targetHints":{"allow":["GET"]}}],"collection":[{"href":"https:\/\/fedai.az\/index.php?rest_route=\/wp\/v2\/posts"}],"about":[{"href":"https:\/\/fedai.az\/index.php?rest_route=\/wp\/v2\/types\/post"}],"author":[{"embeddable":true,"href":"https:\/\/fedai.az\/index.php?rest_route=\/wp\/v2\/users\/2"}],"replies":[{"embeddable":true,"href":"https:\/\/fedai.az\/index.php?rest_route=%2Fwp%2Fv2%2Fcomments&post=36112"}],"version-history":[{"count":1,"href":"https:\/\/fedai.az\/index.php?rest_route=\/wp\/v2\/posts\/36112\/revisions"}],"predecessor-version":[{"id":36114,"href":"https:\/\/fedai.az\/index.php?rest_route=\/wp\/v2\/posts\/36112\/revisions\/36114"}],"wp:featuredmedia":[{"embeddable":true,"href":"https:\/\/fedai.az\/index.php?rest_route=\/wp\/v2\/media\/36113"}],"wp:attachment":[{"href":"https:\/\/fedai.az\/index.php?rest_route=%2Fwp%2Fv2%2Fmedia&parent=36112"}],"wp:term":[{"taxonomy":"category","embeddable":true,"href":"https:\/\/fedai.az\/index.php?rest_route=%2Fwp%2Fv2%2Fcategories&post=36112"},{"taxonomy":"post_tag","embeddable":true,"href":"https:\/\/fedai.az\/index.php?rest_route=%2Fwp%2Fv2%2Ftags&post=36112"}],"curies":[{"name":"wp","href":"https:\/\/api.w.org\/{rel}","templated":true}]}}