{"id":36118,"date":"2021-04-27T04:05:09","date_gmt":"2021-04-27T00:05:09","guid":{"rendered":"https:\/\/fedai.az\/?p=36118"},"modified":"2021-04-27T04:05:11","modified_gmt":"2021-04-27T00:05:11","slug":"g%c9%99nc-veteranlardan-daha-bir-orn%c9%99k","status":"publish","type":"post","link":"https:\/\/fedai.az\/?p=36118","title":{"rendered":"G\u0259nc veteranlardan daha bir \u00f6rn\u0259k"},"content":{"rendered":"\n<p><strong>Az\u0259rbaycan V\u0259t\u0259n M\u00fcharib\u0259si Veteranlar\u0131 \u0130ctimai Birliyi (AVMV\u0130B) \u00fczv\u00fc olan g\u0259nc m\u00fcharib\u0259 veteranlar\u0131 d\u00f6y\u00fc\u015fl\u0259rd\u0259 \u015f\u0259hid olan d\u00f6y\u00fc\u015f yolda\u015flar\u0131n\u0131n m\u0259zarlar\u0131n\u0131 ziyar\u0259t edibl\u0259r.<\/strong><\/p>\n\n\n\n<p><br>Bu bar\u0259d\u0259 Az\u0259rbaycan V\u0259t\u0259n M\u00fcharib\u0259si Veteranlar\u0131 \u0130ctimai Birliyinin (AVMV\u0130B) \u00fczv\u00fc, ehtiyyatda olan zabit \u0130lkin Rzaquliyev m\u0259lumat verib.<br>\u0130lkin Rzaquliyev bildirdi ki, v\u0259t\u0259np\u0259rv\u0259rliyin \u0259n ali m\u0259qam\u0131 &#8212; \u015f\u0259hidlikdir. Bu ucal\u0131\u011fa y\u00fcks\u0259l\u0259nl\u0259rin \u00f6m\u00fcr yolu n\u0259 q\u0259d\u0259r q\u0131sa olsa da, \u015f\u0259r\u0259fli v\u0259 \u00f6rn\u0259k say\u0131l\u0131r. Biz bu d\u0259rdi, bu q\u0259mi daim q\u0259lbimizd\u0259 saxlayaca\u011f\u0131q. Ancaq eyni zamanda \u015f\u0259hidl\u0259rimizin q\u0259hr\u0259manl\u0131\u011f\u0131 Az\u0259rbaycan xalq\u0131 \u00fc\u00e7\u00fcn, Az\u0259rbaycan g\u0259ncl\u0259ri \u00fc\u00e7\u00fcn h\u0259r zaman \u00f6rn\u0259k olub, bundan sonra da \u00f6rn\u0259k olacaqd\u0131r. Az\u0259rbaycan\u0131n bu g\u00fcnk\u00fc n\u0259sli d\u0259, g\u0259l\u0259c\u0259k n\u0259sill\u0259ri d\u0259 \u015f\u0259hidl\u0259rimizin q\u0259hr\u0259manl\u0131\u011f\u0131ndan n\u00fcmun\u0259 g\u00f6t\u00fcr\u0259c\u0259kl\u0259r. \u015e\u0259hidl\u0259r \u00f6lm\u0259zl\u0259r. \u015e\u0259hid yaln\u0131z unudulanda \u00f6l\u0259rl\u0259r. Ona g\u00f6r\u0259 d\u0259 biz d\u00f6y\u00fc\u015f\u00e7\u00fc olaraq, \u00f6z d\u00f6y\u00fc\u015f yolda\u015flar\u0131m\u0131z\u0131 unutmamal\u0131y\u0131q v\u0259 bu ziyar\u0259timizin \u0259sas qay\u0259si d\u0259 \u015f\u0259hid qarda\u015flar\u0131m\u0131z\u0131 unutmamaqd\u0131r.<\/p>\n\n\n\n<figure class=\"wp-block-image size-large is-resized\"><img loading=\"lazy\" decoding=\"async\" src=\"https:\/\/fedai.az\/wp-content\/uploads\/2021\/04\/178869519_4156570587752668_7798669657040650912_n.jpg\" alt=\"\" class=\"wp-image-36120\" width=\"1088\" height=\"816\" srcset=\"https:\/\/fedai.az\/wp-content\/uploads\/2021\/04\/178869519_4156570587752668_7798669657040650912_n.jpg 720w, https:\/\/fedai.az\/wp-content\/uploads\/2021\/04\/178869519_4156570587752668_7798669657040650912_n-300x225.jpg 300w, https:\/\/fedai.az\/wp-content\/uploads\/2021\/04\/178869519_4156570587752668_7798669657040650912_n-150x113.jpg 150w\" sizes=\"auto, (max-width: 1088px) 100vw, 1088px\" \/><\/figure>\n\n\n\n<p><br>\u015e\u0259hid qarda\u015flar\u0131m\u0131z Elvin S\u0259xav\u0259t o\u011flu Abbasov (\u015eamax\u0131 \u015f\u0259h\u0259ri( v\u0259 Vahid Tahir o\u011flu \u018flisoltanovun (Balak\u0259n \u015f\u0259h\u0259ri) \u015e\u0259hidl\u0259r Xiyaban\u0131ndak\u0131 m\u0259zarlar\u0131 ziyar\u0259t olunub, \u015f\u0259hid m\u0259zarlar\u0131na g\u00fcl qoyulub v\u0259 dualar edilib.<\/p>\n\n\n\n<p><br><strong>Allah \u015f\u0259hidl\u0259rimiz\u0259 r\u0259hm\u0259t el\u0259sin!<\/strong><\/p>\n\n\n\n<p><strong>T\u00fcrkay Xaqan<\/strong><\/p>\n\n\n\n<figure class=\"wp-block-image size-large is-resized\"><img loading=\"lazy\" decoding=\"async\" src=\"https:\/\/fedai.az\/wp-content\/uploads\/2021\/04\/178622908_4156612114415182_9005348156034637356_n.jpg\" alt=\"\" class=\"wp-image-36121\" width=\"1094\" height=\"1458\" srcset=\"https:\/\/fedai.az\/wp-content\/uploads\/2021\/04\/178622908_4156612114415182_9005348156034637356_n.jpg 526w, https:\/\/fedai.az\/wp-content\/uploads\/2021\/04\/178622908_4156612114415182_9005348156034637356_n-225x300.jpg 225w, https:\/\/fedai.az\/wp-content\/uploads\/2021\/04\/178622908_4156612114415182_9005348156034637356_n-113x150.jpg 113w\" sizes=\"auto, (max-width: 1094px) 100vw, 1094px\" \/><\/figure>\n","protected":false},"excerpt":{"rendered":"<p>Az\u0259rbaycan V\u0259t\u0259n M\u00fcharib\u0259si Veteranlar\u0131 \u0130ctimai Birliyi (AVMV\u0130B) \u00fczv\u00fc olan g\u0259nc m\u00fcharib\u0259 veteranlar\u0131 d\u00f6y\u00fc\u015fl\u0259rd\u0259 \u015f\u0259hid olan d\u00f6y\u00fc\u015f yolda\u015flar\u0131n\u0131n m\u0259zarlar\u0131n\u0131 ziyar\u0259t edibl\u0259r. Bu bar\u0259d\u0259 Az\u0259rbaycan V\u0259t\u0259n<\/p>\n","protected":false},"author":2,"featured_media":36122,"comment_status":"closed","ping_status":"closed","sticky":false,"template":"","format":"standard","meta":{"footnotes":""},"categories":[5],"tags":[],"class_list":["post-36118","post","type-post","status-publish","format-standard","has-post-thumbnail","hentry","category-veteran"],"aioseo_notices":[],"_links":{"self":[{"href":"https:\/\/fedai.az\/index.php?rest_route=\/wp\/v2\/posts\/36118","targetHints":{"allow":["GET"]}}],"collection":[{"href":"https:\/\/fedai.az\/index.php?rest_route=\/wp\/v2\/posts"}],"about":[{"href":"https:\/\/fedai.az\/index.php?rest_route=\/wp\/v2\/types\/post"}],"author":[{"embeddable":true,"href":"https:\/\/fedai.az\/index.php?rest_route=\/wp\/v2\/users\/2"}],"replies":[{"embeddable":true,"href":"https:\/\/fedai.az\/index.php?rest_route=%2Fwp%2Fv2%2Fcomments&post=36118"}],"version-history":[{"count":1,"href":"https:\/\/fedai.az\/index.php?rest_route=\/wp\/v2\/posts\/36118\/revisions"}],"predecessor-version":[{"id":36123,"href":"https:\/\/fedai.az\/index.php?rest_route=\/wp\/v2\/posts\/36118\/revisions\/36123"}],"wp:featuredmedia":[{"embeddable":true,"href":"https:\/\/fedai.az\/index.php?rest_route=\/wp\/v2\/media\/36122"}],"wp:attachment":[{"href":"https:\/\/fedai.az\/index.php?rest_route=%2Fwp%2Fv2%2Fmedia&parent=36118"}],"wp:term":[{"taxonomy":"category","embeddable":true,"href":"https:\/\/fedai.az\/index.php?rest_route=%2Fwp%2Fv2%2Fcategories&post=36118"},{"taxonomy":"post_tag","embeddable":true,"href":"https:\/\/fedai.az\/index.php?rest_route=%2Fwp%2Fv2%2Ftags&post=36118"}],"curies":[{"name":"wp","href":"https:\/\/api.w.org\/{rel}","templated":true}]}}