{"id":36124,"date":"2021-04-27T04:28:59","date_gmt":"2021-04-27T00:28:59","guid":{"rendered":"https:\/\/fedai.az\/?p=36124"},"modified":"2021-04-27T04:36:07","modified_gmt":"2021-04-27T00:36:07","slug":"36124","status":"publish","type":"post","link":"https:\/\/fedai.az\/?p=36124","title":{"rendered":"\u015e\u0259hidin \u00fcr\u0259k da\u011flayan son m\u0259ktubu&#8230;"},"content":{"rendered":"\n<p><strong>Xat\u0131rlay\u0131rs\u0131n\u0131zsa, Fedai.az \u015f\u0259hidimiz haqq\u0131nda yaz\u0131da qeyd etmi\u015fdik: &#171;O\u011flunu itir\u0259n \u015f\u0259hid X\u0259yyam M\u0259h\u0259mm\u0259d o\u011flu Da\u015fd\u0259mirovun Qazi atas\u0131, &#171;m\u0259n\u0259 \u015e\u0259hidlik qism\u0259t olmad\u0131, bu zirv\u0259y\u0259 g\u00f6z\u00fcm\u00fcn nuru t\u0259k o\u011flum ucald\u0131. Qar\u015f\u0131nda ba\u015f \u0259yirik s\u0259nin qazi Ata!&#187;-<\/strong><\/p>\n\n\n\n<p><strong>Az\u0259rbaycan Ordusunun Erm\u0259nistan\u0131n t\u0259xribat\u0131 n\u0259tic\u0259sind\u0259 \u015f\u0259hid olan \u0259sg\u0259ri X\u0259yyam Da\u015fd\u0259mirov \u0130smay\u0131ll\u0131 rayonunun Balik k\u0259ndind\u0259<\/strong> <strong>d\u0259fn olunub.<\/strong><\/p>\n\n\n\n<p>Qeyd ed\u0259k ki, iyulun 12-d\u0259 Erm\u0259nistan silahl\u0131 q\u00fcvv\u0259l\u0259rinin b\u00f6lm\u0259l\u0259ri Az\u0259rbaycan-Erm\u0259nistan d\u00f6vl\u0259t s\u0259rh\u0259dinin Tovuz istiqam\u0259tind\u0259 m\u00f6vqel\u0259rimizi \u0259l\u0259 ke\u00e7irm\u0259k m\u0259qs\u0259dil\u0259 artilleriya at\u0259\u015find\u0259n istifad\u0259 ed\u0259r\u0259k h\u00fccuma ke\u00e7m\u0259y\u0259 c\u0259hd g\u00f6st\u0259rm\u0259si n\u0259tic\u0259sind\u0259 X. Da\u015fd\u0259mirov \u015f\u0259hid olmu\u015fdu.<\/p>\n\n\n\n<figure class=\"wp-block-gallery columns-2 is-cropped wp-block-gallery-1 is-layout-flex wp-block-gallery-is-layout-flex\"><ul class=\"blocks-gallery-grid\"><li class=\"blocks-gallery-item\"><figure><img loading=\"lazy\" decoding=\"async\" width=\"744\" height=\"560\" src=\"https:\/\/fedai.az\/wp-content\/uploads\/2021\/04\/115846672_2700300096959947_9129225547131259240_n-1.jpg\" alt=\"\" data-id=\"36126\" data-link=\"https:\/\/fedai.az\/?attachment_id=36126\" class=\"wp-image-36126\" srcset=\"https:\/\/fedai.az\/wp-content\/uploads\/2021\/04\/115846672_2700300096959947_9129225547131259240_n-1.jpg 744w, https:\/\/fedai.az\/wp-content\/uploads\/2021\/04\/115846672_2700300096959947_9129225547131259240_n-1-300x226.jpg 300w, https:\/\/fedai.az\/wp-content\/uploads\/2021\/04\/115846672_2700300096959947_9129225547131259240_n-1-150x113.jpg 150w\" sizes=\"auto, (max-width: 744px) 100vw, 744px\" \/><\/figure><\/li><li class=\"blocks-gallery-item\"><figure><img loading=\"lazy\" decoding=\"async\" width=\"480\" height=\"587\" src=\"https:\/\/fedai.az\/wp-content\/uploads\/2021\/04\/176232027_302440467928082_6123734264661184504_n.jpg\" alt=\"\" data-id=\"36127\" data-full-url=\"https:\/\/fedai.az\/wp-content\/uploads\/2021\/04\/176232027_302440467928082_6123734264661184504_n.jpg\" data-link=\"https:\/\/fedai.az\/?attachment_id=36127\" class=\"wp-image-36127\" srcset=\"https:\/\/fedai.az\/wp-content\/uploads\/2021\/04\/176232027_302440467928082_6123734264661184504_n.jpg 480w, https:\/\/fedai.az\/wp-content\/uploads\/2021\/04\/176232027_302440467928082_6123734264661184504_n-245x300.jpg 245w, https:\/\/fedai.az\/wp-content\/uploads\/2021\/04\/176232027_302440467928082_6123734264661184504_n-123x150.jpg 123w\" sizes=\"auto, (max-width: 480px) 100vw, 480px\" \/><\/figure><\/li><\/ul><\/figure>\n\n\n\n<p>Sosial \u015f\u0259b\u0259k\u0259d\u0259 \u015f\u0259hidimizin anas\u0131na yazd\u0131\u011f\u0131 m\u0259ktub yay\u0131l\u0131b. H\u0259min m\u0259ktubu t\u0259qdim edirik:<\/p>\n\n\n\n<p>&#171;<strong><em>Ana! Y\u0131x\u0131lma ha. Dik dayan. N\u0259f\u0259sim bir azdan dayanacaq. B\u00f6l\u00fck yolda\u015flar\u0131m m\u0259ni ev\u0259 g\u0259tir\u0259c\u0259kl\u0259r. El\u0259 ki, ev\u0259 \u00e7atd\u0131m, m\u0259ni b\u0259rk qucaqla. Bu son g\u00f6r\u00fc\u015f\u00fcm\u00fczd\u00fcr, ana. El\u0259 b\u0259rk qucaqla ki, dad\u0131 qals\u0131n. \u0130yimi burnuna \u00e7\u0259k, ana. S\u0259n \u015f\u0259hid anas\u0131san, dik dayan, q\u0259ddini \u0259ym\u0259. Ataya da salam de, ana. \u015e\u0259hid salam\u0131. O ba\u015fa d\u00fc\u015f\u0259r.Qarda\u015f\u0131m evl\u0259n\u0259nd\u0259 o\u011fluna m\u0259nim ad\u0131m\u0131 qoyars\u0131n\u0131z. M\u0259nim g\u00fcn\u0259\u015fim s\u00f6nd\u00fc, ana. Bir-birinizi qoruyun, ana!<\/em><\/strong>&#171;<\/p>\n\n\n\n<p><strong>Elnur S\u0259lim<\/strong><\/p>\n\n\n\n<figure class=\"wp-block-embed is-type-video is-provider-youtube wp-block-embed-youtube wp-embed-aspect-16-9 wp-has-aspect-ratio\"><div class=\"wp-block-embed__wrapper\">\n<iframe loading=\"lazy\" title=\"\u015e\u0259hid X\u0259yyam Da\u015fd\u0259mirov\" width=\"715\" height=\"402\" src=\"https:\/\/www.youtube.com\/embed\/e60zOIjNMgU?feature=oembed\" frameborder=\"0\" allow=\"accelerometer; autoplay; clipboard-write; encrypted-media; gyroscope; picture-in-picture\" allowfullscreen><\/iframe>\n<\/div><\/figure>\n","protected":false},"excerpt":{"rendered":"<p>Xat\u0131rlay\u0131rs\u0131n\u0131zsa, Fedai.az \u015f\u0259hidimiz haqq\u0131nda yaz\u0131da qeyd etmi\u015fdik: &#171;O\u011flunu itir\u0259n \u015f\u0259hid X\u0259yyam M\u0259h\u0259mm\u0259d o\u011flu Da\u015fd\u0259mirovun Qazi atas\u0131, &#171;m\u0259n\u0259 \u015e\u0259hidlik qism\u0259t olmad\u0131, bu zirv\u0259y\u0259 g\u00f6z\u00fcm\u00fcn nuru<\/p>\n","protected":false},"author":2,"featured_media":36128,"comment_status":"closed","ping_status":"closed","sticky":false,"template":"","format":"standard","meta":{"footnotes":""},"categories":[5],"tags":[],"class_list":["post-36124","post","type-post","status-publish","format-standard","has-post-thumbnail","hentry","category-veteran"],"aioseo_notices":[],"_links":{"self":[{"href":"https:\/\/fedai.az\/index.php?rest_route=\/wp\/v2\/posts\/36124","targetHints":{"allow":["GET"]}}],"collection":[{"href":"https:\/\/fedai.az\/index.php?rest_route=\/wp\/v2\/posts"}],"about":[{"href":"https:\/\/fedai.az\/index.php?rest_route=\/wp\/v2\/types\/post"}],"author":[{"embeddable":true,"href":"https:\/\/fedai.az\/index.php?rest_route=\/wp\/v2\/users\/2"}],"replies":[{"embeddable":true,"href":"https:\/\/fedai.az\/index.php?rest_route=%2Fwp%2Fv2%2Fcomments&post=36124"}],"version-history":[{"count":2,"href":"https:\/\/fedai.az\/index.php?rest_route=\/wp\/v2\/posts\/36124\/revisions"}],"predecessor-version":[{"id":36131,"href":"https:\/\/fedai.az\/index.php?rest_route=\/wp\/v2\/posts\/36124\/revisions\/36131"}],"wp:featuredmedia":[{"embeddable":true,"href":"https:\/\/fedai.az\/index.php?rest_route=\/wp\/v2\/media\/36128"}],"wp:attachment":[{"href":"https:\/\/fedai.az\/index.php?rest_route=%2Fwp%2Fv2%2Fmedia&parent=36124"}],"wp:term":[{"taxonomy":"category","embeddable":true,"href":"https:\/\/fedai.az\/index.php?rest_route=%2Fwp%2Fv2%2Fcategories&post=36124"},{"taxonomy":"post_tag","embeddable":true,"href":"https:\/\/fedai.az\/index.php?rest_route=%2Fwp%2Fv2%2Ftags&post=36124"}],"curies":[{"name":"wp","href":"https:\/\/api.w.org\/{rel}","templated":true}]}}