{"id":36135,"date":"2021-04-27T11:19:38","date_gmt":"2021-04-27T07:19:38","guid":{"rendered":"https:\/\/fedai.az\/?p=36135"},"modified":"2021-04-27T11:19:40","modified_gmt":"2021-04-27T07:19:40","slug":"simonyandan-qarabagla-bagli-novb%c9%99ti-t%c9%99xribat-makronun-az%c9%99rbaycana-qarsi-m%c9%99qs%c9%99di-n%c9%99dir","status":"publish","type":"post","link":"https:\/\/fedai.az\/?p=36135","title":{"rendered":"Simonyandan Qaraba\u011fla ba\u011fl\u0131 n\u00f6vb\u0259ti T\u018fXR\u0130BAT \u2013 Makronun Az\u0259rbaycana qar\u015f\u0131 m\u0259qs\u0259di n\u0259dir?"},"content":{"rendered":"\n<p><strong>Bir g\u00fcn \u0259vv\u0259l ax\u015fam saatlar\u0131nda, erm\u0259ni m\u0259tbuat\u0131 v\u0259 Marqarita Simonyan\u0131n resursu Fransa v\u0259 Rusiya prezidentl\u0259ri aras\u0131nda telefon dan\u0131\u015f\u0131\u011f\u0131 il\u0259 ba\u011fl\u0131 sensasiyal\u0131 bir mesaj yay\u0131b. Bu, \u0130r\u0259vandak\u0131 revan\u015fist q\u00fcvv\u0259l\u0259r\u0259 \u00fcmid ver\u0259 bil\u0259c\u0259k bir mesaj idi.<\/strong><br><br><strong>Bu is\u0259 r\u0259smi Bak\u0131da \u00e7a\u015fq\u0131nl\u0131q yarad\u0131b. Ancaq \u0259vv\u0259lc\u0259 erm\u0259ni seqmentinin yayd\u0131\u011f\u0131 m\u0259lumatlar\u0131n mahiyy\u0259tin\u0259 baxaq.<\/strong><br><br><strong>Bizim.Media<\/strong>\u00a0x\u0259b\u0259r verir ki, erm\u0259ni medias\u0131 \u0259vv\u0259lc\u0259 Yelisey Saray\u0131na yax\u0131n \u201cLa Tribune\u201d n\u0259\u015fri t\u0259r\u0259find\u0259n yay\u0131mlanan bir m\u0259lumat\u0131 tirajlay\u0131b.\u00a0<br><br>Mesaj\u0131n alt m\u0259tnin\u0259 diqq\u0259t yetir\u0259k: \u201cFransa Prezidenti Emmanuel Makron v\u0259 Rusiya Prezidenti Vladimir Putin tezlikl\u0259 Da\u011fl\u0131q Qaraba\u011f probleminin h\u0259lli t\u0259\u015f\u0259bb\u00fcs\u00fc il\u0259 \u00e7\u0131x\u0131\u015f ed\u0259c\u0259kl\u0259r. Telefon dan\u0131\u015f\u0131\u011f\u0131 zaman\u0131 bu bar\u0259d\u0259 raz\u0131l\u0131\u011fa g\u0259libl\u0259r. Prezidentl\u0259rin yax\u0131n g\u00fcnl\u0259rd\u0259 AT\u018fT-in Minsk Qrupu \u00e7\u0259r\u00e7iv\u0259sind\u0259 &#171;konkret t\u0259\u015f\u0259bb\u00fcsl\u0259r&#187; etm\u0259yi planla\u015fd\u0131rd\u0131qlar\u0131 qeyd edilib\u201d.<br>\u00a0<\/p>\n\n\n\n<p><br>\u015e\u00fcbh\u0259 yoxdur ki, \u201cLa Tribune\u201ddak\u0131 mesaj Fransa prezidentinin \u0259traf\u0131ndan s\u0131zd\u0131r\u0131l\u0131b. Y\u0259ni, Makronun m\u0259tbuat xidm\u0259ti bel\u0259 bir r\u0259smi a\u00e7\u0131qlama verm\u0259y\u0259 c\u0259sar\u0259t etm\u0259z. \u00c7\u00fcnki diplomatik t\u0259cr\u00fcb\u0259y\u0259 g\u00f6r\u0259, prezidentl\u0259rin s\u00f6hb\u0259tind\u0259n sonra h\u0259r iki \u00f6lk\u0259nin m\u0259tbuat xidm\u0259tl\u0259rinin r\u0259smi mesajlar\u0131n\u0131n m\u0259tnl\u0259ri iki d\u00f6vl\u0259t ba\u015f\u00e7\u0131s\u0131n\u0131n ofisl\u0259ri aras\u0131nda \u0259laq\u0259l\u0259ndirilir.<br><br>\u015e\u00fcbh\u0259siz ki, Vladimir Putin he\u00e7 bir halda &#171;Da\u011fl\u0131q Qaraba\u011f problemini&#187; h\u0259ll etm\u0259k t\u0259\u015f\u0259bb\u00fcs\u00fc il\u0259 \u00e7\u0131x\u0131\u015f etm\u0259zdi (!!!), \u00e7\u00fcnki Kremlin sahibi yanvar\u0131n 11-d\u0259 Az\u0259rbaycan, Erm\u0259nistan v\u0259 Rusiya liderl\u0259rinin g\u00f6r\u00fc\u015f\u00fcnd\u0259n sonra m\u0259tbuat konfrans\u0131nda Qaraba\u011f probleminin son h\u0259llini a\u00e7\u0131qlay\u0131b.<br><br><strong>\u00dcst\u0259lik Az\u0259rbaycan Prezidenti \u0130lham \u018fliyev d\u0259 \u00e7\u0131x\u0131\u015flar\u0131nda Putinin r\u0259smi a\u00e7\u0131qlamas\u0131na istinad ed\u0259r\u0259k Qaraba\u011f m\u00fcnaqi\u015f\u0259sinin tam h\u0259ll edildiyini vur\u011fulay\u0131b.<\/strong><br><br>Yelisey Saray\u0131 Rusiya prezidentinin s\u00f6zl\u0259rini t\u0259hrif ed\u0259 bilm\u0259zdi. \u00c7\u00fcnki h\u0259min an Moskvan\u0131n t\u0259kzibi g\u0259l\u0259 bil\u0259rdi. Bu s\u0259b\u0259bd\u0259n Frans\u0131z q\u0259zeti iki prezident aras\u0131ndak\u0131 s\u00f6hb\u0259td\u0259n yaz\u0131b v\u0259 m\u0259lumat d\u0259rhal Nikol Pa\u015finyana yax\u0131n n\u0259\u015frl\u0259r t\u0259r\u0259find\u0259n yay\u0131mlan\u0131b.<br><br><strong>Ancaq saat yar\u0131m sonra Kremlin m\u0259tbuat xidm\u0259ti Makron v\u0259 Putin aras\u0131ndak\u0131 telefon dan\u0131\u015f\u0131\u011f\u0131 il\u0259 ba\u011fl\u0131 r\u0259smi bir a\u00e7\u0131qlama verib.&nbsp;<\/strong><br>&nbsp;<\/p>\n\n\n\n<blockquote class=\"wp-block-quote is-layout-flow wp-block-quote-is-layout-flow\"><p>R\u0259smi b\u0259yanat v\u0259ziyy\u0259ti tamamil\u0259 ayd\u0131nla\u015fd\u0131r\u0131b v\u0259 f\u0259rqli bir m\u0259nz\u0259r\u0259 ortaya \u00e7\u0131x\u0131b. B\u0259lli olub ki, Makron Putin\u0259 Qaraba\u011f m\u0259s\u0259l\u0259sin\u0259 g\u00f6r\u0259 deyil, Ukraynadak\u0131 v\u0259ziyy\u0259tin g\u0259rginl\u0259\u015fm\u0259si il\u0259 \u0259laq\u0259li z\u0259ng edib.&nbsp;<\/p><\/blockquote>\n\n\n\n<p><br>Fransa v\u0259 erm\u0259ni medias\u0131 is\u0259 bu haqda susub. Kremlin m\u0259tbuat xidm\u0259tin\u0259 g\u00f6r\u0259, s\u00f6hb\u0259t zaman\u0131 Ukraynan\u0131n daxilind\u0259ki m\u00fcnaqi\u015f\u0259y\u0259 x\u00fcsusi diqq\u0259t yetirilib, \u00f6lk\u0259nin &nbsp;c\u0259nub-\u015f\u0259rqind\u0259 g\u0259rginliyin artmas\u0131ndan narahatl\u0131q ifad\u0259 edilib.<br><br>V\u0259 bundan sonra Makron Putinin diqq\u0259tini Liviyadak\u0131 v\u0259ziyy\u0259t\u0259 y\u00f6n\u0259ldib. Sonra koronavirus infeksiyas\u0131n\u0131n yay\u0131lmas\u0131, Rusiya-\u00c7ex m\u00fcnasib\u0259tl\u0259rinin v\u0259ziyy\u0259ti m\u00fczakir\u0259 predmeti olub.&nbsp;<br><br>V\u0259 n\u0259hay\u0259t, Kreml\u0259 g\u00f6r\u0259 Makron v\u0259 Putin Da\u011fl\u0131q Qaraba\u011f \u0259traf\u0131ndak\u0131 sabit v\u0259ziyy\u0259ti, Rusiya, Az\u0259rbaycan v\u0259 Erm\u0259nistan prezidentl\u0259rinin 9 noyabr tarixli b\u0259yanatlar\u0131n\u0131n icras\u0131 \u00fczr\u0259 sistematik i\u015fi m\u0259mnuniyy\u0259tl\u0259 qeyd edibl\u0259r (!!!).&nbsp;<br><br><strong>Kremlin a\u00e7\u0131qlamas\u0131nda iki prezidentin Qaraba\u011fla ba\u011fl\u0131 dan\u0131\u015fd\u0131qlar\u0131 bar\u0259d\u0259 bir s\u00f6z bel\u0259 deyilm\u0259yib.&nbsp;<\/strong><br><br>\u018flb\u0259tt\u0259 ki, Az\u0259rbaycan\u0131n erm\u0259ni saytlar\u0131na bir anda yay\u0131lan Frans\u0131z q\u0259zetind\u0259ki anonim m\u0259lumatlardan \u00e7ox, Kremlin r\u0259smi a\u00e7\u0131qlamas\u0131na etibar etm\u0259k \u00fc\u00e7\u00fcn \u0259saslar\u0131 var.&nbsp;<br><br>Rusiya t\u0259r\u0259finin r\u0259smi mesaj\u0131nda Putin, \u018fliyev v\u0259 Pa\u015finyan\u0131n 9 noyabr 2020-ci il tarixli b\u0259yanat\u0131ndak\u0131 m\u0259qamlar\u0131n yerin\u0259 yetirilm\u0259sind\u0259n m\u0259mnunluqla b\u0259hs edilib.&nbsp;<br>&nbsp;<\/p>\n\n\n\n<blockquote class=\"wp-block-quote is-layout-flow wp-block-quote-is-layout-flow\"><p>Xat\u0131rladaq ki, s\u00f6hb\u0259t h\u0259m Az\u0259rbaycanda, h\u0259m d\u0259 Erm\u0259nistanda ikinci Qaraba\u011f m\u00fcharib\u0259sind\u0259 erm\u0259ni ordusunun t\u0259slim olmas\u0131 kimi q\u0259bul edil\u0259n bir a\u00e7\u0131qlamadan gedir. V\u0259 bu raz\u0131la\u015fma Minsk Qrupunda h\u0259r hans\u0131 bir t\u0259\u015f\u0259bb\u00fcs\u00fcn ba\u015flanmas\u0131n\u0131 v\u0259 ya Qaraba\u011f probleminin h\u0259llini n\u0259z\u0259rd\u0259 tutmur. Putin v\u0259 \u018fliyev Qaraba\u011f m\u00fcnaqi\u015f\u0259sinin bitdiyini elan edibl\u0259r. Pa\u015finyan buna etiraz etm\u0259yib.<\/p><\/blockquote>\n\n\n\n<p><br><strong>Fransaya g\u0259ldikd\u0259, Parisin Erm\u0259nistana a\u00e7\u0131q birt\u0259r\u0259fli d\u0259st\u0259yind\u0259n sonra Makron Qaraba\u011fda dinc h\u0259yat\u0131 b\u0259rpa etm\u0259k \u00fc\u00e7\u00fcn vasit\u0259\u00e7ilik missiyas\u0131na m\u0259n\u0259vi haqq\u0131n\u0131 itirib.\u00a0<\/strong><br><br>M\u00fcnaqi\u015f\u0259nin h\u0259r iki t\u0259r\u0259fi vasit\u0259\u00e7ilik missiyas\u0131n\u0131n h\u0259yata ke\u00e7irilm\u0259sini rus qo\u015funlar\u0131n\u0131n s\u00fclhm\u0259raml\u0131 kontingentin\u0259 v\u0259 prezident Vladimir Putin\u0259 h\u0259val\u0259 edib. Rusiyan\u0131n b\u00f6lg\u0259d\u0259ki b\u0259nz\u0259rsiz m\u00f6vqeyi is\u0259 ayd\u0131nd\u0131r.<br><br>Kreml bir t\u0259r\u0259fd\u0259n Erm\u0259nistan\u0131n h\u0259rbi-siyasi m\u00fctt\u0259fiqidir, dig\u0259r t\u0259r\u0259fd\u0259n is\u0259 Az\u0259rbaycana dost d\u00f6vl\u0259t v\u0259 strateji t\u0259r\u0259fda\u015fd\u0131r. \u00dcst\u0259lik, Rusiya h\u0259r d\u0259f\u0259 t\u0259r\u0259fl\u0259ri h\u0259rbi \u0259m\u0259liyyatlar zaman\u0131 at\u0259\u015fk\u0259s\u0259 \u00e7a\u011f\u0131raraq bariz neytrall\u0131\u011f\u0131n\u0131 t\u0259sdiql\u0259yib.\u00a0<br><br>Pa\u015finyan t\u0259r\u0259find\u0259n \u201c\u0259l\u0259 ke\u00e7iril\u0259n\u201d v\u0259 tirajlanan Makronun Putin\u0259 qar\u015f\u0131 bug\u00fcnk\u00fc t\u0259xribat\u0131 is\u0259 bir daha Az\u0259rbaycan\u0131n maraqlar\u0131na qar\u015f\u0131 m\u00fcbariz\u0259d\u0259 \u0259n \u00e7irkli vasit\u0259l\u0259rd\u0259n istifad\u0259 etm\u0259kd\u0259n \u00e7\u0259kinm\u0259y\u0259n Yelisey Saray\u0131n\u0131n x\u0259yan\u0259tini bir daha n\u00fcmayi\u015f etdirir.(<strong>Bizim.Media<\/strong>)<\/p>\n","protected":false},"excerpt":{"rendered":"<p>Bir g\u00fcn \u0259vv\u0259l ax\u015fam saatlar\u0131nda, erm\u0259ni m\u0259tbuat\u0131 v\u0259 Marqarita Simonyan\u0131n resursu Fransa v\u0259 Rusiya prezidentl\u0259ri aras\u0131nda telefon dan\u0131\u015f\u0131\u011f\u0131 il\u0259 ba\u011fl\u0131 sensasiyal\u0131 bir mesaj yay\u0131b.<\/p>\n","protected":false},"author":2,"featured_media":0,"comment_status":"closed","ping_status":"closed","sticky":false,"template":"","format":"standard","meta":{"footnotes":""},"categories":[4],"tags":[],"class_list":["post-36135","post","type-post","status-publish","format-standard","hentry","category-qarabag"],"aioseo_notices":[],"_links":{"self":[{"href":"https:\/\/fedai.az\/index.php?rest_route=\/wp\/v2\/posts\/36135","targetHints":{"allow":["GET"]}}],"collection":[{"href":"https:\/\/fedai.az\/index.php?rest_route=\/wp\/v2\/posts"}],"about":[{"href":"https:\/\/fedai.az\/index.php?rest_route=\/wp\/v2\/types\/post"}],"author":[{"embeddable":true,"href":"https:\/\/fedai.az\/index.php?rest_route=\/wp\/v2\/users\/2"}],"replies":[{"embeddable":true,"href":"https:\/\/fedai.az\/index.php?rest_route=%2Fwp%2Fv2%2Fcomments&post=36135"}],"version-history":[{"count":1,"href":"https:\/\/fedai.az\/index.php?rest_route=\/wp\/v2\/posts\/36135\/revisions"}],"predecessor-version":[{"id":36138,"href":"https:\/\/fedai.az\/index.php?rest_route=\/wp\/v2\/posts\/36135\/revisions\/36138"}],"wp:attachment":[{"href":"https:\/\/fedai.az\/index.php?rest_route=%2Fwp%2Fv2%2Fmedia&parent=36135"}],"wp:term":[{"taxonomy":"category","embeddable":true,"href":"https:\/\/fedai.az\/index.php?rest_route=%2Fwp%2Fv2%2Fcategories&post=36135"},{"taxonomy":"post_tag","embeddable":true,"href":"https:\/\/fedai.az\/index.php?rest_route=%2Fwp%2Fv2%2Ftags&post=36135"}],"curies":[{"name":"wp","href":"https:\/\/api.w.org\/{rel}","templated":true}]}}