{"id":36142,"date":"2021-04-27T13:17:27","date_gmt":"2021-04-27T09:17:27","guid":{"rendered":"https:\/\/fedai.az\/?p=36142"},"modified":"2021-04-27T13:17:30","modified_gmt":"2021-04-27T09:17:30","slug":"az%c9%99rbaycanlilar-sirxav%c9%99nd-istiqam%c9%99tind%c9%99-370-m-ir%c9%99lil%c9%99yibl%c9%99r-erm%c9%99ni-mediasi","status":"publish","type":"post","link":"https:\/\/fedai.az\/?p=36142","title":{"rendered":"Az\u0259rbaycanl\u0131lar S\u0131rxav\u0259nd istiqam\u0259tind\u0259 370 m ir\u0259lil\u0259yibl\u0259r &#8212; Erm\u0259ni medias\u0131"},"content":{"rendered":"\n<p><strong>A\u011fd\u0259r\u0259 b\u00f6lg\u0259sind\u0259ki Nor Qazan\u00e7\u0131 (Yeni Qaralar, Qaralar k\u0259ndi yand\u0131r\u0131ld\u0131qdan sonra \u018fla\u011fal\u0131 yax\u0131nl\u0131\u011f\u0131nda sal\u0131nm\u0131\u015fd\u0131. \u0130lkin m\u0259nb\u0259d\u0259 yanl\u0131\u015f olaraq S\u0131rxav\u0259nd yaz\u0131l\u0131b-red.) k\u0259ndi istiqam\u0259tind\u0259\u00a0b\u0259zi \u0259razil\u0259r Az\u0259rbaycan\u0131n n\u0259zar\u0259tin\u0259 ke\u00e7ib.<\/strong><\/p>\n\n\n\n<p>\u201cQafqazinfo\u201d x\u0259b\u0259r verir ki, bel\u0259 bir iddia il\u0259 k\u0259nd icmas\u0131n\u0131n r\u0259hb\u0259ri Ruslan Arstamyan \u201cAparaj\u201d&nbsp;n\u0259\u015frin\u0259 a\u00e7\u0131qlamas\u0131nda \u00e7\u0131x\u0131\u015f edib.&nbsp;<\/p>\n\n\n\n<p>Onun s\u00f6zl\u0259rin\u0259 g\u00f6r\u0259, az\u0259rbaycanl\u0131lar gec\u0259 saatlar\u0131nda&nbsp;S\u0131rxav\u0259nd istiqam\u0259tind\u0259 370 m ir\u0259lil\u0259yib.<\/p>\n\n\n\n<p><strong>\u201cOnlar\u0131n m\u00f6vqeyi Vank-Drmbon (V\u0259ngli-Heyval\u0131) k\u0259si\u015fm\u0259sind\u0259n 1,5 km m\u0259saf\u0259d\u0259 yerl\u0259\u015firdi. \u0130kinci m\u00f6vqe d\u0259 d\u0259yi\u015fdirildi. GPS il\u0259 yoxlayaraq 370 metr ir\u0259lil\u0259dil\u0259r v\u0259 m\u00f6vqel\u0259ri tutdular. Onlar iki erm\u0259ni m\u00f6vqeyinin k\u0259nd\u0259 t\u0259r\u0259f 300 metr geri \u00e7\u0259kilm\u0259sini t\u0259l\u0259b etdil\u0259r v\u0259 yaln\u0131z bundan sonra geri \u00e7\u0259kil\u0259c\u0259kl\u0259rini bildirdil\u0259r\u201d,- dey\u0259 Ruslan Arstamyan bildirib.<\/strong><\/p>\n","protected":false},"excerpt":{"rendered":"<p>A\u011fd\u0259r\u0259 b\u00f6lg\u0259sind\u0259ki Nor Qazan\u00e7\u0131 (Yeni Qaralar, Qaralar k\u0259ndi yand\u0131r\u0131ld\u0131qdan sonra \u018fla\u011fal\u0131 yax\u0131nl\u0131\u011f\u0131nda sal\u0131nm\u0131\u015fd\u0131. \u0130lkin m\u0259nb\u0259d\u0259 yanl\u0131\u015f olaraq S\u0131rxav\u0259nd yaz\u0131l\u0131b-red.) k\u0259ndi istiqam\u0259tind\u0259\u00a0b\u0259zi \u0259razil\u0259r Az\u0259rbaycan\u0131n n\u0259zar\u0259tin\u0259<\/p>\n","protected":false},"author":2,"featured_media":0,"comment_status":"closed","ping_status":"closed","sticky":false,"template":"","format":"standard","meta":{"footnotes":""},"categories":[4],"tags":[],"class_list":["post-36142","post","type-post","status-publish","format-standard","hentry","category-qarabag"],"aioseo_notices":[],"_links":{"self":[{"href":"https:\/\/fedai.az\/index.php?rest_route=\/wp\/v2\/posts\/36142","targetHints":{"allow":["GET"]}}],"collection":[{"href":"https:\/\/fedai.az\/index.php?rest_route=\/wp\/v2\/posts"}],"about":[{"href":"https:\/\/fedai.az\/index.php?rest_route=\/wp\/v2\/types\/post"}],"author":[{"embeddable":true,"href":"https:\/\/fedai.az\/index.php?rest_route=\/wp\/v2\/users\/2"}],"replies":[{"embeddable":true,"href":"https:\/\/fedai.az\/index.php?rest_route=%2Fwp%2Fv2%2Fcomments&post=36142"}],"version-history":[{"count":1,"href":"https:\/\/fedai.az\/index.php?rest_route=\/wp\/v2\/posts\/36142\/revisions"}],"predecessor-version":[{"id":36144,"href":"https:\/\/fedai.az\/index.php?rest_route=\/wp\/v2\/posts\/36142\/revisions\/36144"}],"wp:attachment":[{"href":"https:\/\/fedai.az\/index.php?rest_route=%2Fwp%2Fv2%2Fmedia&parent=36142"}],"wp:term":[{"taxonomy":"category","embeddable":true,"href":"https:\/\/fedai.az\/index.php?rest_route=%2Fwp%2Fv2%2Fcategories&post=36142"},{"taxonomy":"post_tag","embeddable":true,"href":"https:\/\/fedai.az\/index.php?rest_route=%2Fwp%2Fv2%2Ftags&post=36142"}],"curies":[{"name":"wp","href":"https:\/\/api.w.org\/{rel}","templated":true}]}}