{"id":38733,"date":"2021-05-30T00:58:53","date_gmt":"2021-05-29T20:58:53","guid":{"rendered":"https:\/\/fedai.az\/?p=38733"},"modified":"2021-05-30T00:58:56","modified_gmt":"2021-05-29T20:58:56","slug":"pasinyandan-n%c9%99qliyyat-d%c9%99hlizinin-acilmasi-il%c9%99-bagli-aciqlama","status":"publish","type":"post","link":"https:\/\/fedai.az\/?p=38733","title":{"rendered":"Pa\u015finyandan n\u0259qliyyat d\u0259hlizinin a\u00e7\u0131lmas\u0131 il\u0259 ba\u011fl\u0131 a\u00e7\u0131qlama"},"content":{"rendered":"\n<p class=\"wp-block-paragraph\"><strong>\u201cM\u00f6vcud \u015f\u0259raitd\u0259 yollar\u0131n blokdan \u00e7\u0131xar\u0131lmas\u0131 t\u0259hl\u00fck\u0259lidirmi v\u0259 bu bax\u0131mdan Az\u0259rbaycana etibar etm\u0259k olarm\u0131?\u201d<\/strong><\/p>\n\n\n\n<p class=\"wp-block-paragraph\"><br>Bu sualla bir qrup erm\u0259ni v\u0259t\u0259nda\u015f\u0131 Nikol Pa\u015finyana m\u00fcraci\u0259t edib.<\/p>\n\n\n\n<p class=\"wp-block-paragraph\"><br>Erm\u0259nistan\u0131n ba\u015f naziri s\u0259lahiyy\u0259tl\u0259rini icra ed\u0259n Nikol Az\u0259rbaycanla b\u00fct\u00fcn n\u0259qliyyat yollar\u0131n\u0131n a\u00e7\u0131lmas\u0131n\u0131 evd\u0259n \u00e7\u0131xan adam\u0131n g\u00fcn vurmas\u0131 il\u0259 m\u00fcqayis\u0259 etdi.<\/p>\n\n\n\n<p class=\"wp-block-paragraph\"><br>\u201cT\u0259\u0259ss\u00fcf ki, m\u00fcasir h\u0259yatda t\u0259hl\u00fck\u0259siz bir \u015fey yoxdur. \u0130ndi sual oluna bil\u0259r, evd\u0259n \u00e7\u0131xmaq t\u0259hl\u00fck\u0259lidir, ya yox? \u018flb\u0259tt\u0259 ki, t\u0259hl\u00fck\u0259lidir. <\/p>\n\n\n\n<p class=\"wp-block-paragraph\">H\u0259m\u00e7inin evd\u0259 qalma\u011f\u0131n d\u0259 \u00f6z t\u0259hl\u00fck\u0259si var. Evd\u0259 qalsaq, orada da t\u0259hl\u00fck\u0259 olacaq\u201d.(Konkret.az)<\/p>\n","protected":false},"excerpt":{"rendered":"<p>\u201cM\u00f6vcud \u015f\u0259raitd\u0259 yollar\u0131n blokdan \u00e7\u0131xar\u0131lmas\u0131 t\u0259hl\u00fck\u0259lidirmi v\u0259 bu bax\u0131mdan Az\u0259rbaycana etibar etm\u0259k olarm\u0131?\u201d Bu sualla bir qrup erm\u0259ni v\u0259t\u0259nda\u015f\u0131 Nikol Pa\u015finyana m\u00fcraci\u0259t edib. Erm\u0259nistan\u0131n<\/p>\n","protected":false},"author":2,"featured_media":0,"comment_status":"closed","ping_status":"closed","sticky":false,"template":"","format":"standard","meta":{"footnotes":""},"categories":[1],"tags":[],"class_list":["post-38733","post","type-post","status-publish","format-standard","hentry","category-siyast"],"aioseo_notices":[],"aioseo_head":"\n\t\t<!-- All in One SEO 5.0.0.1 - aioseo.com -->\n\t<meta name=\"description\" content=\"\u201cM\u00f6vcud \u015f\u0259raitd\u0259 yollar\u0131n blokdan \u00e7\u0131xar\u0131lmas\u0131 t\u0259hl\u00fck\u0259lidirmi v\u0259 bu bax\u0131mdan Az\u0259rbaycana etibar etm\u0259k olarm\u0131?\u201d Bu sualla bir qrup erm\u0259ni v\u0259t\u0259nda\u015f\u0131 Nikol Pa\u015finyana m\u00fcraci\u0259t edib. Erm\u0259nistan\u0131n ba\u015f naziri s\u0259lahiyy\u0259tl\u0259rini icra ed\u0259n Nikol Az\u0259rbaycanla b\u00fct\u00fcn n\u0259qliyyat yollar\u0131n\u0131n a\u00e7\u0131lmas\u0131n\u0131 evd\u0259n \u00e7\u0131xan adam\u0131n g\u00fcn vurmas\u0131 il\u0259 m\u00fcqayis\u0259 etdi. \u201cT\u0259\u0259ss\u00fcf ki, m\u00fcasir h\u0259yatda t\u0259hl\u00fck\u0259siz bir \u015fey yoxdur. \u0130ndi sual oluna bil\u0259r,\" \/>\n\t<meta name=\"robots\" content=\"max-image-preview:large\" \/>\n\t<meta name=\"author\" content=\"www.Fedai.az\"\/>\n\t<link rel=\"canonical\" href=\"https:\/\/fedai.az\/?p=38733\" \/>\n\t<meta name=\"generator\" content=\"All in One SEO (AIOSEO) 5.0.0.1\" \/>\n\t\t<meta property=\"og:locale\" content=\"ru_RU\" \/>\n\t\t<meta property=\"og:site_name\" content=\"&quot;F\u0259dai&quot; q\u0259zeti\" \/>\n\t\t<meta property=\"og:type\" content=\"article\" \/>\n\t\t<meta property=\"og:title\" content=\"Pa\u015finyandan n\u0259qliyyat d\u0259hlizinin a\u00e7\u0131lmas\u0131 il\u0259 ba\u011fl\u0131 a\u00e7\u0131qlama | &quot;F\u0259dai&quot; q\u0259zeti\" \/>\n\t\t<meta property=\"og:description\" content=\"\u201cM\u00f6vcud \u015f\u0259raitd\u0259 yollar\u0131n blokdan \u00e7\u0131xar\u0131lmas\u0131 t\u0259hl\u00fck\u0259lidirmi v\u0259 bu bax\u0131mdan Az\u0259rbaycana etibar etm\u0259k olarm\u0131?\u201d Bu sualla bir qrup erm\u0259ni v\u0259t\u0259nda\u015f\u0131 Nikol Pa\u015finyana m\u00fcraci\u0259t edib. Erm\u0259nistan\u0131n ba\u015f naziri s\u0259lahiyy\u0259tl\u0259rini icra ed\u0259n Nikol Az\u0259rbaycanla b\u00fct\u00fcn n\u0259qliyyat yollar\u0131n\u0131n a\u00e7\u0131lmas\u0131n\u0131 evd\u0259n \u00e7\u0131xan adam\u0131n g\u00fcn vurmas\u0131 il\u0259 m\u00fcqayis\u0259 etdi. \u201cT\u0259\u0259ss\u00fcf ki, m\u00fcasir h\u0259yatda t\u0259hl\u00fck\u0259siz bir \u015fey yoxdur. \u0130ndi sual oluna bil\u0259r,\" \/>\n\t\t<meta property=\"og:url\" content=\"https:\/\/fedai.az\/?p=38733\" \/>\n\t\t<meta property=\"fb:app_id\" content=\"696809432257740\" \/>\n\t\t<meta property=\"og:image\" content=\"https:\/\/fedai.az\/wp-content\/uploads\/2022\/09\/logo3.png\" \/>\n\t\t<meta property=\"og:image:secure_url\" content=\"https:\/\/fedai.az\/wp-content\/uploads\/2022\/09\/logo3.png\" \/>\n\t\t<meta property=\"article:published_time\" content=\"2021-05-29T20:58:53+00:00\" \/>\n\t\t<meta property=\"article:modified_time\" content=\"2021-05-29T20:58:56+00:00\" \/>\n\t\t<meta property=\"article:publisher\" content=\"https:\/\/facebook.com\/fedai.az\" \/>\n\t\t<meta name=\"twitter:card\" content=\"summary\" \/>\n\t\t<meta name=\"twitter:site\" content=\"@fedai.az\" \/>\n\t\t<meta name=\"twitter:title\" content=\"Pa\u015finyandan n\u0259qliyyat d\u0259hlizinin a\u00e7\u0131lmas\u0131 il\u0259 ba\u011fl\u0131 a\u00e7\u0131qlama | &quot;F\u0259dai&quot; q\u0259zeti\" \/>\n\t\t<meta name=\"twitter:description\" content=\"\u201cM\u00f6vcud \u015f\u0259raitd\u0259 yollar\u0131n blokdan \u00e7\u0131xar\u0131lmas\u0131 t\u0259hl\u00fck\u0259lidirmi v\u0259 bu bax\u0131mdan Az\u0259rbaycana etibar etm\u0259k olarm\u0131?\u201d Bu sualla bir qrup erm\u0259ni v\u0259t\u0259nda\u015f\u0131 Nikol Pa\u015finyana m\u00fcraci\u0259t edib. Erm\u0259nistan\u0131n ba\u015f naziri s\u0259lahiyy\u0259tl\u0259rini icra ed\u0259n Nikol Az\u0259rbaycanla b\u00fct\u00fcn n\u0259qliyyat yollar\u0131n\u0131n a\u00e7\u0131lmas\u0131n\u0131 evd\u0259n \u00e7\u0131xan adam\u0131n g\u00fcn vurmas\u0131 il\u0259 m\u00fcqayis\u0259 etdi. \u201cT\u0259\u0259ss\u00fcf ki, m\u00fcasir h\u0259yatda t\u0259hl\u00fck\u0259siz bir \u015fey yoxdur. \u0130ndi sual oluna bil\u0259r,\" \/>\n\t\t<meta name=\"twitter:image\" content=\"https:\/\/fedai.az\/wp-content\/uploads\/2022\/09\/logo3.png\" \/>\n\t\t<script type=\"application\/ld+json\" class=\"aioseo-schema\">\n\t\t\t{\"@context\":\"https:\\\/\\\/schema.org\",\"@graph\":[{\"@type\":\"Article\",\"@id\":\"https:\\\/\\\/fedai.az\\\/?p=38733#article\",\"name\":\"Pa\\u015finyandan n\\u0259qliyyat d\\u0259hlizinin a\\u00e7\\u0131lmas\\u0131 il\\u0259 ba\\u011fl\\u0131 a\\u00e7\\u0131qlama | \\\"F\\u0259dai\\\" q\\u0259zeti\",\"headline\":\"Pa\\u015finyandan n\\u0259qliyyat d\\u0259hlizinin a\\u00e7\\u0131lmas\\u0131 il\\u0259 ba\\u011fl\\u0131 a\\u00e7\\u0131qlama\",\"author\":{\"@id\":\"https:\\\/\\\/fedai.az\\\/?author=2#author\"},\"publisher\":{\"@id\":\"https:\\\/\\\/fedai.az\\\/#organization\"},\"image\":{\"@type\":\"ImageObject\",\"url\":\"https:\\\/\\\/fedai.az\\\/wp-content\\\/uploads\\\/2022\\\/09\\\/logo3.png\",\"@id\":\"https:\\\/\\\/fedai.az\\\/#articleImage\",\"width\":500,\"height\":100},\"datePublished\":\"2021-05-30T00:58:53+04:00\",\"dateModified\":\"2021-05-30T00:58:56+04:00\",\"inLanguage\":\"ru-RU\",\"mainEntityOfPage\":{\"@id\":\"https:\\\/\\\/fedai.az\\\/?p=38733#webpage\"},\"isPartOf\":{\"@id\":\"https:\\\/\\\/fedai.az\\\/?p=38733#webpage\"},\"articleSection\":\"Siyas\\u0259t\"},{\"@type\":\"BreadcrumbList\",\"@id\":\"https:\\\/\\\/fedai.az\\\/?p=38733#breadcrumblist\",\"itemListElement\":[{\"@type\":\"ListItem\",\"@id\":\"https:\\\/\\\/fedai.az#listItem\",\"position\":1,\"name\":\"Home\",\"item\":\"https:\\\/\\\/fedai.az\",\"nextItem\":{\"@type\":\"ListItem\",\"@id\":\"https:\\\/\\\/fedai.az\\\/?cat=1#listItem\",\"name\":\"Siyas\\u0259t\"}},{\"@type\":\"ListItem\",\"@id\":\"https:\\\/\\\/fedai.az\\\/?cat=1#listItem\",\"position\":2,\"name\":\"Siyas\\u0259t\",\"item\":\"https:\\\/\\\/fedai.az\\\/?cat=1\",\"nextItem\":{\"@type\":\"ListItem\",\"@id\":\"https:\\\/\\\/fedai.az\\\/?p=38733#listItem\",\"name\":\"Pa\\u015finyandan n\\u0259qliyyat d\\u0259hlizinin a\\u00e7\\u0131lmas\\u0131 il\\u0259 ba\\u011fl\\u0131 a\\u00e7\\u0131qlama\"},\"previousItem\":{\"@type\":\"ListItem\",\"@id\":\"https:\\\/\\\/fedai.az#listItem\",\"name\":\"Home\"}},{\"@type\":\"ListItem\",\"@id\":\"https:\\\/\\\/fedai.az\\\/?p=38733#listItem\",\"position\":3,\"name\":\"Pa\\u015finyandan n\\u0259qliyyat d\\u0259hlizinin a\\u00e7\\u0131lmas\\u0131 il\\u0259 ba\\u011fl\\u0131 a\\u00e7\\u0131qlama\",\"previousItem\":{\"@type\":\"ListItem\",\"@id\":\"https:\\\/\\\/fedai.az\\\/?cat=1#listItem\",\"name\":\"Siyas\\u0259t\"}}]},{\"@type\":\"Organization\",\"@id\":\"https:\\\/\\\/fedai.az\\\/#organization\",\"name\":\"\\\"F\\u0259dai\\\" q\\u0259zeti\",\"description\":\"Az\\u0259rbaycan V\\u0259t\\u0259n M\\u00fcharib\\u0259si Veteranlar\\u0131 \\u0130ctimai Birliyi\",\"url\":\"https:\\\/\\\/fedai.az\\\/\",\"logo\":{\"@type\":\"ImageObject\",\"url\":\"https:\\\/\\\/fedai.az\\\/wp-content\\\/uploads\\\/2022\\\/09\\\/logo3.png\",\"@id\":\"https:\\\/\\\/fedai.az\\\/?p=38733\\\/#organizationLogo\",\"width\":500,\"height\":100},\"image\":{\"@id\":\"https:\\\/\\\/fedai.az\\\/?p=38733\\\/#organizationLogo\"},\"sameAs\":[\"https:\\\/\\\/instagram.com\\\/fedai.az\",\"https:\\\/\\\/pinterest.com\\\/fedai.az\",\"https:\\\/\\\/youtube.com\\\/fedai.az\",\"https:\\\/\\\/linkedin.com\\\/in\\\/fedai.az\"]},{\"@type\":\"Person\",\"@id\":\"https:\\\/\\\/fedai.az\\\/?author=2#author\",\"url\":\"https:\\\/\\\/fedai.az\\\/?author=2\",\"name\":\"www.Fedai.az\",\"image\":{\"@type\":\"ImageObject\",\"@id\":\"https:\\\/\\\/fedai.az\\\/?p=38733#authorImage\",\"url\":\"https:\\\/\\\/secure.gravatar.com\\\/avatar\\\/d861e138a4bd3ce6812a7aa95e796aa05e165f28ecde9a972c6789a09fcd1daa?s=96&d=mm&r=g\",\"width\":96,\"height\":96,\"caption\":\"www.Fedai.az\"}},{\"@type\":\"WebPage\",\"@id\":\"https:\\\/\\\/fedai.az\\\/?p=38733#webpage\",\"url\":\"https:\\\/\\\/fedai.az\\\/?p=38733\",\"name\":\"Pa\\u015finyandan n\\u0259qliyyat d\\u0259hlizinin a\\u00e7\\u0131lmas\\u0131 il\\u0259 ba\\u011fl\\u0131 a\\u00e7\\u0131qlama | \\\"F\\u0259dai\\\" q\\u0259zeti\",\"description\":\"\\u201cM\\u00f6vcud \\u015f\\u0259raitd\\u0259 yollar\\u0131n blokdan \\u00e7\\u0131xar\\u0131lmas\\u0131 t\\u0259hl\\u00fck\\u0259lidirmi v\\u0259 bu bax\\u0131mdan Az\\u0259rbaycana etibar etm\\u0259k olarm\\u0131?\\u201d Bu sualla bir qrup erm\\u0259ni v\\u0259t\\u0259nda\\u015f\\u0131 Nikol Pa\\u015finyana m\\u00fcraci\\u0259t edib. Erm\\u0259nistan\\u0131n ba\\u015f naziri s\\u0259lahiyy\\u0259tl\\u0259rini icra ed\\u0259n Nikol Az\\u0259rbaycanla b\\u00fct\\u00fcn n\\u0259qliyyat yollar\\u0131n\\u0131n a\\u00e7\\u0131lmas\\u0131n\\u0131 evd\\u0259n \\u00e7\\u0131xan adam\\u0131n g\\u00fcn vurmas\\u0131 il\\u0259 m\\u00fcqayis\\u0259 etdi. \\u201cT\\u0259\\u0259ss\\u00fcf ki, m\\u00fcasir h\\u0259yatda t\\u0259hl\\u00fck\\u0259siz bir \\u015fey yoxdur. \\u0130ndi sual oluna bil\\u0259r,\",\"inLanguage\":\"ru-RU\",\"isPartOf\":{\"@id\":\"https:\\\/\\\/fedai.az\\\/#website\"},\"breadcrumb\":{\"@id\":\"https:\\\/\\\/fedai.az\\\/?p=38733#breadcrumblist\"},\"author\":{\"@id\":\"https:\\\/\\\/fedai.az\\\/?author=2#author\"},\"creator\":{\"@id\":\"https:\\\/\\\/fedai.az\\\/?author=2#author\"},\"datePublished\":\"2021-05-30T00:58:53+04:00\",\"dateModified\":\"2021-05-30T00:58:56+04:00\"},{\"@type\":\"WebSite\",\"@id\":\"https:\\\/\\\/fedai.az\\\/#website\",\"url\":\"https:\\\/\\\/fedai.az\\\/\",\"name\":\"\\\"F\\u0259dai\\\" q\\u0259zeti\",\"description\":\"Az\\u0259rbaycan V\\u0259t\\u0259n M\\u00fcharib\\u0259si Veteranlar\\u0131 \\u0130ctimai Birliyi\",\"inLanguage\":\"ru-RU\",\"publisher\":{\"@id\":\"https:\\\/\\\/fedai.az\\\/#organization\"}}]}\n\t\t<\/script>\n\t\t<!-- All in One SEO -->\n\n","aioseo_head_json":{"title":"Pa\u015finyandan n\u0259qliyyat d\u0259hlizinin a\u00e7\u0131lmas\u0131 il\u0259 ba\u011fl\u0131 a\u00e7\u0131qlama | \"F\u0259dai\" q\u0259zeti","description":"\u201cM\u00f6vcud \u015f\u0259raitd\u0259 yollar\u0131n blokdan \u00e7\u0131xar\u0131lmas\u0131 t\u0259hl\u00fck\u0259lidirmi v\u0259 bu bax\u0131mdan Az\u0259rbaycana etibar etm\u0259k olarm\u0131?\u201d Bu sualla bir qrup erm\u0259ni v\u0259t\u0259nda\u015f\u0131 Nikol Pa\u015finyana m\u00fcraci\u0259t edib. Erm\u0259nistan\u0131n ba\u015f naziri s\u0259lahiyy\u0259tl\u0259rini icra ed\u0259n Nikol Az\u0259rbaycanla b\u00fct\u00fcn n\u0259qliyyat yollar\u0131n\u0131n a\u00e7\u0131lmas\u0131n\u0131 evd\u0259n \u00e7\u0131xan adam\u0131n g\u00fcn vurmas\u0131 il\u0259 m\u00fcqayis\u0259 etdi. \u201cT\u0259\u0259ss\u00fcf ki, m\u00fcasir h\u0259yatda t\u0259hl\u00fck\u0259siz bir \u015fey yoxdur. \u0130ndi sual oluna bil\u0259r,","canonical_url":"https:\/\/fedai.az\/?p=38733","robots":"max-image-preview:large","keywords":"","webmasterTools":{"miscellaneous":""},"schema":{"@context":"https:\/\/schema.org","@graph":[{"@type":"Article","@id":"https:\/\/fedai.az\/?p=38733#article","name":"Pa\u015finyandan n\u0259qliyyat d\u0259hlizinin a\u00e7\u0131lmas\u0131 il\u0259 ba\u011fl\u0131 a\u00e7\u0131qlama | \"F\u0259dai\" q\u0259zeti","headline":"Pa\u015finyandan n\u0259qliyyat d\u0259hlizinin a\u00e7\u0131lmas\u0131 il\u0259 ba\u011fl\u0131 a\u00e7\u0131qlama","author":{"@id":"https:\/\/fedai.az\/?author=2#author"},"publisher":{"@id":"https:\/\/fedai.az\/#organization"},"image":{"@type":"ImageObject","url":"https:\/\/fedai.az\/wp-content\/uploads\/2022\/09\/logo3.png","@id":"https:\/\/fedai.az\/#articleImage","width":500,"height":100},"datePublished":"2021-05-30T00:58:53+04:00","dateModified":"2021-05-30T00:58:56+04:00","inLanguage":"ru-RU","mainEntityOfPage":{"@id":"https:\/\/fedai.az\/?p=38733#webpage"},"isPartOf":{"@id":"https:\/\/fedai.az\/?p=38733#webpage"},"articleSection":"Siyas\u0259t"},{"@type":"BreadcrumbList","@id":"https:\/\/fedai.az\/?p=38733#breadcrumblist","itemListElement":[{"@type":"ListItem","@id":"https:\/\/fedai.az#listItem","position":1,"name":"Home","item":"https:\/\/fedai.az","nextItem":{"@type":"ListItem","@id":"https:\/\/fedai.az\/?cat=1#listItem","name":"Siyas\u0259t"}},{"@type":"ListItem","@id":"https:\/\/fedai.az\/?cat=1#listItem","position":2,"name":"Siyas\u0259t","item":"https:\/\/fedai.az\/?cat=1","nextItem":{"@type":"ListItem","@id":"https:\/\/fedai.az\/?p=38733#listItem","name":"Pa\u015finyandan n\u0259qliyyat d\u0259hlizinin a\u00e7\u0131lmas\u0131 il\u0259 ba\u011fl\u0131 a\u00e7\u0131qlama"},"previousItem":{"@type":"ListItem","@id":"https:\/\/fedai.az#listItem","name":"Home"}},{"@type":"ListItem","@id":"https:\/\/fedai.az\/?p=38733#listItem","position":3,"name":"Pa\u015finyandan n\u0259qliyyat d\u0259hlizinin a\u00e7\u0131lmas\u0131 il\u0259 ba\u011fl\u0131 a\u00e7\u0131qlama","previousItem":{"@type":"ListItem","@id":"https:\/\/fedai.az\/?cat=1#listItem","name":"Siyas\u0259t"}}]},{"@type":"Organization","@id":"https:\/\/fedai.az\/#organization","name":"\"F\u0259dai\" q\u0259zeti","description":"Az\u0259rbaycan V\u0259t\u0259n M\u00fcharib\u0259si Veteranlar\u0131 \u0130ctimai Birliyi","url":"https:\/\/fedai.az\/","logo":{"@type":"ImageObject","url":"https:\/\/fedai.az\/wp-content\/uploads\/2022\/09\/logo3.png","@id":"https:\/\/fedai.az\/?p=38733\/#organizationLogo","width":500,"height":100},"image":{"@id":"https:\/\/fedai.az\/?p=38733\/#organizationLogo"},"sameAs":["https:\/\/instagram.com\/fedai.az","https:\/\/pinterest.com\/fedai.az","https:\/\/youtube.com\/fedai.az","https:\/\/linkedin.com\/in\/fedai.az"]},{"@type":"Person","@id":"https:\/\/fedai.az\/?author=2#author","url":"https:\/\/fedai.az\/?author=2","name":"www.Fedai.az","image":{"@type":"ImageObject","@id":"https:\/\/fedai.az\/?p=38733#authorImage","url":"https:\/\/secure.gravatar.com\/avatar\/d861e138a4bd3ce6812a7aa95e796aa05e165f28ecde9a972c6789a09fcd1daa?s=96&d=mm&r=g","width":96,"height":96,"caption":"www.Fedai.az"}},{"@type":"WebPage","@id":"https:\/\/fedai.az\/?p=38733#webpage","url":"https:\/\/fedai.az\/?p=38733","name":"Pa\u015finyandan n\u0259qliyyat d\u0259hlizinin a\u00e7\u0131lmas\u0131 il\u0259 ba\u011fl\u0131 a\u00e7\u0131qlama | \"F\u0259dai\" q\u0259zeti","description":"\u201cM\u00f6vcud \u015f\u0259raitd\u0259 yollar\u0131n blokdan \u00e7\u0131xar\u0131lmas\u0131 t\u0259hl\u00fck\u0259lidirmi v\u0259 bu bax\u0131mdan Az\u0259rbaycana etibar etm\u0259k olarm\u0131?\u201d Bu sualla bir qrup erm\u0259ni v\u0259t\u0259nda\u015f\u0131 Nikol Pa\u015finyana m\u00fcraci\u0259t edib. Erm\u0259nistan\u0131n ba\u015f naziri s\u0259lahiyy\u0259tl\u0259rini icra ed\u0259n Nikol Az\u0259rbaycanla b\u00fct\u00fcn n\u0259qliyyat yollar\u0131n\u0131n a\u00e7\u0131lmas\u0131n\u0131 evd\u0259n \u00e7\u0131xan adam\u0131n g\u00fcn vurmas\u0131 il\u0259 m\u00fcqayis\u0259 etdi. \u201cT\u0259\u0259ss\u00fcf ki, m\u00fcasir h\u0259yatda t\u0259hl\u00fck\u0259siz bir \u015fey yoxdur. \u0130ndi sual oluna bil\u0259r,","inLanguage":"ru-RU","isPartOf":{"@id":"https:\/\/fedai.az\/#website"},"breadcrumb":{"@id":"https:\/\/fedai.az\/?p=38733#breadcrumblist"},"author":{"@id":"https:\/\/fedai.az\/?author=2#author"},"creator":{"@id":"https:\/\/fedai.az\/?author=2#author"},"datePublished":"2021-05-30T00:58:53+04:00","dateModified":"2021-05-30T00:58:56+04:00"},{"@type":"WebSite","@id":"https:\/\/fedai.az\/#website","url":"https:\/\/fedai.az\/","name":"\"F\u0259dai\" q\u0259zeti","description":"Az\u0259rbaycan V\u0259t\u0259n M\u00fcharib\u0259si Veteranlar\u0131 \u0130ctimai Birliyi","inLanguage":"ru-RU","publisher":{"@id":"https:\/\/fedai.az\/#organization"}}]},"og:locale":"ru_RU","og:site_name":"&quot;F\u0259dai&quot; q\u0259zeti","og:type":"article","og:title":"Pa\u015finyandan n\u0259qliyyat d\u0259hlizinin a\u00e7\u0131lmas\u0131 il\u0259 ba\u011fl\u0131 a\u00e7\u0131qlama | &quot;F\u0259dai&quot; q\u0259zeti","og:description":"\u201cM\u00f6vcud \u015f\u0259raitd\u0259 yollar\u0131n blokdan \u00e7\u0131xar\u0131lmas\u0131 t\u0259hl\u00fck\u0259lidirmi v\u0259 bu bax\u0131mdan Az\u0259rbaycana etibar etm\u0259k olarm\u0131?\u201d Bu sualla bir qrup erm\u0259ni v\u0259t\u0259nda\u015f\u0131 Nikol Pa\u015finyana m\u00fcraci\u0259t edib. Erm\u0259nistan\u0131n ba\u015f naziri s\u0259lahiyy\u0259tl\u0259rini icra ed\u0259n Nikol Az\u0259rbaycanla b\u00fct\u00fcn n\u0259qliyyat yollar\u0131n\u0131n a\u00e7\u0131lmas\u0131n\u0131 evd\u0259n \u00e7\u0131xan adam\u0131n g\u00fcn vurmas\u0131 il\u0259 m\u00fcqayis\u0259 etdi. \u201cT\u0259\u0259ss\u00fcf ki, m\u00fcasir h\u0259yatda t\u0259hl\u00fck\u0259siz bir \u015fey yoxdur. \u0130ndi sual oluna bil\u0259r,","og:url":"https:\/\/fedai.az\/?p=38733","fb:app_id":"696809432257740","og:image":"https:\/\/fedai.az\/wp-content\/uploads\/2022\/09\/logo3.png","og:image:secure_url":"https:\/\/fedai.az\/wp-content\/uploads\/2022\/09\/logo3.png","article:published_time":"2021-05-29T20:58:53+00:00","article:modified_time":"2021-05-29T20:58:56+00:00","article:publisher":"https:\/\/facebook.com\/fedai.az","twitter:card":"summary","twitter:site":"@fedai.az","twitter:title":"Pa\u015finyandan n\u0259qliyyat d\u0259hlizinin a\u00e7\u0131lmas\u0131 il\u0259 ba\u011fl\u0131 a\u00e7\u0131qlama | &quot;F\u0259dai&quot; q\u0259zeti","twitter:description":"\u201cM\u00f6vcud \u015f\u0259raitd\u0259 yollar\u0131n blokdan \u00e7\u0131xar\u0131lmas\u0131 t\u0259hl\u00fck\u0259lidirmi v\u0259 bu bax\u0131mdan Az\u0259rbaycana etibar etm\u0259k olarm\u0131?\u201d Bu sualla bir qrup erm\u0259ni v\u0259t\u0259nda\u015f\u0131 Nikol Pa\u015finyana m\u00fcraci\u0259t edib. Erm\u0259nistan\u0131n ba\u015f naziri s\u0259lahiyy\u0259tl\u0259rini icra ed\u0259n Nikol Az\u0259rbaycanla b\u00fct\u00fcn n\u0259qliyyat yollar\u0131n\u0131n a\u00e7\u0131lmas\u0131n\u0131 evd\u0259n \u00e7\u0131xan adam\u0131n g\u00fcn vurmas\u0131 il\u0259 m\u00fcqayis\u0259 etdi. \u201cT\u0259\u0259ss\u00fcf ki, m\u00fcasir h\u0259yatda t\u0259hl\u00fck\u0259siz bir \u015fey yoxdur. \u0130ndi sual oluna bil\u0259r,","twitter:image":"https:\/\/fedai.az\/wp-content\/uploads\/2022\/09\/logo3.png"},"aioseo_meta_data":{"post_id":"38733","title":null,"description":"","keywords":"","keyphrases":null,"primary_term":null,"canonical_url":"","og_title":"","og_description":"","og_object_type":"article","og_image_type":"default","og_image_url":null,"og_image_width":null,"og_image_height":null,"og_image_custom_url":null,"og_image_custom_fields":null,"og_video":"","og_custom_url":null,"og_article_section":"","og_article_tags":"","twitter_use_og":false,"twitter_card":"summary","twitter_image_type":"default","twitter_image_url":null,"twitter_image_custom_url":null,"twitter_image_custom_fields":null,"twitter_title":null,"twitter_description":null,"schema":{"blockGraphs":[],"customGraphs":[],"default":{"data":{"Article":[],"Course":[],"Dataset":[],"FAQPage":[],"Movie":[],"Person":[],"Product":[],"ProductReview":[],"Car":[],"Recipe":[],"Service":[],"SoftwareApplication":[],"WebPage":[]},"graphName":"Article","isEnabled":true},"graphs":[]},"schema_type":null,"schema_type_options":null,"pillar_content":false,"robots_default":true,"robots_noindex":false,"robots_noarchive":false,"robots_nosnippet":false,"robots_nofollow":false,"robots_noimageindex":false,"robots_noodp":false,"robots_notranslate":false,"robots_max_snippet":null,"robots_max_videopreview":null,"robots_max_imagepreview":"large","priority":null,"frequency":null,"local_seo":null,"breadcrumb_settings":null,"limit_modified_date":false,"ai":null,"created":"2021-07-04 14:12:23","updated":"2025-06-08 01:27:18","seo_analyzer_scan_date":null,"focus_keyword":null,"additional_keywords":null,"truseo_locale":null},"aioseo_breadcrumb":"<div class=\"aioseo-breadcrumbs\"><span class=\"aioseo-breadcrumb\">\n\t\t\t<a href=\"https:\/\/fedai.az\" title=\"Home\">Home<\/a>\n\t\t<\/span><span class=\"aioseo-breadcrumb-separator\">\u00bb<\/span><span class=\"aioseo-breadcrumb\">\n\t\t\t<a href=\"https:\/\/fedai.az\/?cat=1\" title=\"Siyas\u0259t\">Siyas\u0259t<\/a>\n\t\t<\/span><span class=\"aioseo-breadcrumb-separator\">\u00bb<\/span><span class=\"aioseo-breadcrumb\">\n\t\t\tPa\u015finyandan n\u0259qliyyat d\u0259hlizinin a\u00e7\u0131lmas\u0131 il\u0259 ba\u011fl\u0131 a\u00e7\u0131qlama\n\t\t<\/span><\/div>","aioseo_breadcrumb_json":[{"label":"Home","link":"https:\/\/fedai.az"},{"label":"Siyas\u0259t","link":"https:\/\/fedai.az\/?cat=1"},{"label":"Pa\u015finyandan n\u0259qliyyat d\u0259hlizinin a\u00e7\u0131lmas\u0131 il\u0259 ba\u011fl\u0131 a\u00e7\u0131qlama","link":"https:\/\/fedai.az\/?p=38733"}],"_links":{"self":[{"href":"https:\/\/fedai.az\/index.php?rest_route=\/wp\/v2\/posts\/38733","targetHints":{"allow":["GET"]}}],"collection":[{"href":"https:\/\/fedai.az\/index.php?rest_route=\/wp\/v2\/posts"}],"about":[{"href":"https:\/\/fedai.az\/index.php?rest_route=\/wp\/v2\/types\/post"}],"author":[{"embeddable":true,"href":"https:\/\/fedai.az\/index.php?rest_route=\/wp\/v2\/users\/2"}],"replies":[{"embeddable":true,"href":"https:\/\/fedai.az\/index.php?rest_route=%2Fwp%2Fv2%2Fcomments&post=38733"}],"version-history":[{"count":1,"href":"https:\/\/fedai.az\/index.php?rest_route=\/wp\/v2\/posts\/38733\/revisions"}],"predecessor-version":[{"id":38735,"href":"https:\/\/fedai.az\/index.php?rest_route=\/wp\/v2\/posts\/38733\/revisions\/38735"}],"wp:attachment":[{"href":"https:\/\/fedai.az\/index.php?rest_route=%2Fwp%2Fv2%2Fmedia&parent=38733"}],"wp:term":[{"taxonomy":"category","embeddable":true,"href":"https:\/\/fedai.az\/index.php?rest_route=%2Fwp%2Fv2%2Fcategories&post=38733"},{"taxonomy":"post_tag","embeddable":true,"href":"https:\/\/fedai.az\/index.php?rest_route=%2Fwp%2Fv2%2Ftags&post=38733"}],"curies":[{"name":"wp","href":"https:\/\/api.w.org\/{rel}","templated":true}]}}