{"id":39466,"date":"2021-06-07T00:51:07","date_gmt":"2021-06-06T20:51:07","guid":{"rendered":"https:\/\/fedai.az\/?p=39466"},"modified":"2021-06-07T00:51:10","modified_gmt":"2021-06-06T20:51:10","slug":"az%c9%99rbaycan-elmin%c9%99-agir-itki","status":"publish","type":"post","link":"https:\/\/fedai.az\/?p=39466","title":{"rendered":"Az\u0259rbaycan elmin\u0259 A\u011eIR \u0130TK\u0130"},"content":{"rendered":"\n<p class=\"wp-block-paragraph\"><strong>Az\u0259rbaycan\u0131n tan\u0131nm\u0131\u015f alimi Yadigar T\u00fcrkel v\u0259fat edib.<\/strong><\/p>\n\n\n\n<p class=\"wp-block-paragraph\">Bu bar\u0259d\u0259 Yadigar T\u00fcrkelin yax\u0131nlar\u0131 m\u0259lumat veribl\u0259r.<\/p>\n\n\n\n<p class=\"wp-block-paragraph\"><strong>D\u0259y\u0259rli alimimizin \u00f6l\u00fcm\u00fcyl\u0259 ba\u011fl\u0131 tan\u0131nm\u0131\u015f jurnalist R\u00f6v\u015f\u0259n Hac\u0131b\u0259yli sosial \u015f\u0259b\u0259k\u0259d\u0259 payla\u015f\u0131m edib:<\/strong> &#171;\u00c7ox \u00fcz\u00fcc\u00fc x\u0259b\u0259r oldu. <\/p>\n\n\n\n<p class=\"wp-block-paragraph\">Covid-19 \u0259ziz dostumuzu, g\u00f6rk\u0259mli alim Yadigar T\u00fcrkeli \u0259limizd\u0259n ald\u0131. May\u0131n 26-da Akamediyan\u0131n ba\u011f\u0131nda t\u0259dbir ke\u00e7ir\u0259c\u0259kdi, qabaqcadan yaz\u0131lar g\u00f6nd\u0259rmi\u015fdi po\u00e7ta, sonra da z\u0259ng vurub b\u0259rk-b\u0259rk tap\u015f\u0131rd\u0131 ki, haz\u0131rla\u015f, \u00e7\u0131x\u0131\u015f ed\u0259c\u0259ks\u0259n. Ancaq may\u0131n sonlar\u0131na yax\u0131n yenid\u0259n z\u0259ng vurdu, s\u0259si x\u0131r\u0131lt\u0131l\u0131yd\u0131, x\u0259st\u0259l\u0259ndiyi \u00fc\u00e7\u00fcn t\u0259dbirin ert\u0259l\u0259ndiyini dedi.<\/p>\n\n\n\n<p class=\"wp-block-paragraph\"> Sonra bir d\u0259 dan\u0131\u015fd\u0131q, art\u0131q Z\u0131\u011fdak\u0131 moduldayd\u0131, g\u00fccl\u0259 dan\u0131\u015f\u0131rd\u0131. Ondan sonra z\u0259ng vursam da dan\u0131\u015fa bilm\u0259dik, \u00f6yr\u0259ndim ki, reanimasiyadad\u0131r. \u018flimizd\u0259n he\u00e7 n\u0259 g\u0259lm\u0259di, n\u0259 qoruya, n\u0259 d\u0259 g\u00f6r\u00fc\u015f\u0259 bildik.<\/p>\n\n\n\n<p class=\"wp-block-paragraph\"> M\u0259h\u0259mm\u0259d\u0259min R\u0259sulzad\u0259nin \u0259s\u0259rl\u0259rini bug\u00fcnk\u00fc dilimiz\u0259 uy\u011funla\u015fd\u0131rmaq i\u015fini sona \u00e7atd\u0131ra bilm\u0259di.<\/p>\n\n\n\n<p class=\"wp-block-paragraph\"> <strong>Ruhun \u015fad olsun, \u0259ziz v\u0259 unudulmaz dost, v\u0259t\u0259n f\u0259daisi, R\u0259sulzad\u0259 sevdal\u0131s\u0131!<\/strong><\/p>\n\n\n\n<figure class=\"wp-block-image size-large is-resized\"><img loading=\"lazy\" decoding=\"async\" src=\"https:\/\/fedai.az\/wp-content\/uploads\/2021\/06\/TURKEL55.jpg\" alt=\"\" class=\"wp-image-39467\" width=\"931\" height=\"931\" srcset=\"https:\/\/fedai.az\/wp-content\/uploads\/2021\/06\/TURKEL55.jpg 550w, https:\/\/fedai.az\/wp-content\/uploads\/2021\/06\/TURKEL55-300x300.jpg 300w, https:\/\/fedai.az\/wp-content\/uploads\/2021\/06\/TURKEL55-150x150.jpg 150w, https:\/\/fedai.az\/wp-content\/uploads\/2021\/06\/TURKEL55-215x215.jpg 215w\" sizes=\"auto, (max-width: 931px) 100vw, 931px\" \/><\/figure>\n","protected":false},"excerpt":{"rendered":"<p>Az\u0259rbaycan\u0131n tan\u0131nm\u0131\u015f alimi Yadigar T\u00fcrkel v\u0259fat edib. Bu bar\u0259d\u0259 Yadigar T\u00fcrkelin yax\u0131nlar\u0131 m\u0259lumat veribl\u0259r. D\u0259y\u0259rli alimimizin \u00f6l\u00fcm\u00fcyl\u0259 ba\u011fl\u0131 tan\u0131nm\u0131\u015f jurnalist R\u00f6v\u015f\u0259n Hac\u0131b\u0259yli sosial \u015f\u0259b\u0259k\u0259d\u0259<\/p>\n","protected":false},"author":2,"featured_media":39468,"comment_status":"closed","ping_status":"closed","sticky":false,"template":"","format":"standard","meta":{"footnotes":""},"categories":[3],"tags":[],"class_list":["post-39466","post","type-post","status-publish","format-standard","has-post-thumbnail","hentry","category-gundm"],"aioseo_notices":[],"aioseo_head":"\n\t\t<!-- All in One SEO 5.0.0.1 - aioseo.com -->\n\t<meta name=\"description\" content=\"Az\u0259rbaycan\u0131n tan\u0131nm\u0131\u015f alimi Yadigar T\u00fcrkel v\u0259fat edib. Bu bar\u0259d\u0259 Yadigar T\u00fcrkelin yax\u0131nlar\u0131 m\u0259lumat veribl\u0259r. D\u0259y\u0259rli alimimizin \u00f6l\u00fcm\u00fcyl\u0259 ba\u011fl\u0131 tan\u0131nm\u0131\u015f jurnalist R\u00f6v\u015f\u0259n Hac\u0131b\u0259yli sosial \u015f\u0259b\u0259k\u0259d\u0259 payla\u015f\u0131m edib: &quot;\u00c7ox \u00fcz\u00fcc\u00fc x\u0259b\u0259r oldu. Covid-19 \u0259ziz dostumuzu, g\u00f6rk\u0259mli alim Yadigar T\u00fcrkeli \u0259limizd\u0259n ald\u0131. May\u0131n 26-da Akamediyan\u0131n ba\u011f\u0131nda t\u0259dbir ke\u00e7ir\u0259c\u0259kdi, qabaqcadan yaz\u0131lar g\u00f6nd\u0259rmi\u015fdi po\u00e7ta, sonra da z\u0259ng vurub b\u0259rk-b\u0259rk tap\u015f\u0131rd\u0131\" \/>\n\t<meta name=\"robots\" content=\"max-image-preview:large\" \/>\n\t<meta name=\"author\" content=\"www.Fedai.az\"\/>\n\t<link rel=\"canonical\" href=\"https:\/\/fedai.az\/?p=39466\" \/>\n\t<meta name=\"generator\" content=\"All in One SEO (AIOSEO) 5.0.0.1\" \/>\n\t\t<meta property=\"og:locale\" content=\"ru_RU\" \/>\n\t\t<meta property=\"og:site_name\" content=\"&quot;F\u0259dai&quot; q\u0259zeti\" \/>\n\t\t<meta property=\"og:type\" content=\"article\" \/>\n\t\t<meta property=\"og:title\" content=\"Az\u0259rbaycan elmin\u0259 A\u011eIR \u0130TK\u0130 | &quot;F\u0259dai&quot; q\u0259zeti\" \/>\n\t\t<meta property=\"og:description\" content=\"Az\u0259rbaycan\u0131n tan\u0131nm\u0131\u015f alimi Yadigar T\u00fcrkel v\u0259fat edib. Bu bar\u0259d\u0259 Yadigar T\u00fcrkelin yax\u0131nlar\u0131 m\u0259lumat veribl\u0259r. D\u0259y\u0259rli alimimizin \u00f6l\u00fcm\u00fcyl\u0259 ba\u011fl\u0131 tan\u0131nm\u0131\u015f jurnalist R\u00f6v\u015f\u0259n Hac\u0131b\u0259yli sosial \u015f\u0259b\u0259k\u0259d\u0259 payla\u015f\u0131m edib: &quot;\u00c7ox \u00fcz\u00fcc\u00fc x\u0259b\u0259r oldu. Covid-19 \u0259ziz dostumuzu, g\u00f6rk\u0259mli alim Yadigar T\u00fcrkeli \u0259limizd\u0259n ald\u0131. May\u0131n 26-da Akamediyan\u0131n ba\u011f\u0131nda t\u0259dbir ke\u00e7ir\u0259c\u0259kdi, qabaqcadan yaz\u0131lar g\u00f6nd\u0259rmi\u015fdi po\u00e7ta, sonra da z\u0259ng vurub b\u0259rk-b\u0259rk tap\u015f\u0131rd\u0131\" \/>\n\t\t<meta property=\"og:url\" content=\"https:\/\/fedai.az\/?p=39466\" \/>\n\t\t<meta property=\"fb:app_id\" content=\"696809432257740\" \/>\n\t\t<meta property=\"og:image\" content=\"https:\/\/fedai.az\/wp-content\/uploads\/2021\/06\/156712993_3998707473538981_8265066302115556305_n.jpg\" \/>\n\t\t<meta property=\"og:image:secure_url\" content=\"https:\/\/fedai.az\/wp-content\/uploads\/2021\/06\/156712993_3998707473538981_8265066302115556305_n.jpg\" \/>\n\t\t<meta property=\"og:image:width\" content=\"720\" \/>\n\t\t<meta property=\"og:image:height\" content=\"538\" \/>\n\t\t<meta property=\"article:published_time\" content=\"2021-06-06T20:51:07+00:00\" \/>\n\t\t<meta property=\"article:modified_time\" content=\"2021-06-06T20:51:10+00:00\" \/>\n\t\t<meta property=\"article:publisher\" content=\"https:\/\/facebook.com\/fedai.az\" \/>\n\t\t<meta name=\"twitter:card\" content=\"summary\" \/>\n\t\t<meta name=\"twitter:site\" content=\"@fedai.az\" \/>\n\t\t<meta name=\"twitter:title\" content=\"Az\u0259rbaycan elmin\u0259 A\u011eIR \u0130TK\u0130 | &quot;F\u0259dai&quot; q\u0259zeti\" \/>\n\t\t<meta name=\"twitter:description\" content=\"Az\u0259rbaycan\u0131n tan\u0131nm\u0131\u015f alimi Yadigar T\u00fcrkel v\u0259fat edib. Bu bar\u0259d\u0259 Yadigar T\u00fcrkelin yax\u0131nlar\u0131 m\u0259lumat veribl\u0259r. D\u0259y\u0259rli alimimizin \u00f6l\u00fcm\u00fcyl\u0259 ba\u011fl\u0131 tan\u0131nm\u0131\u015f jurnalist R\u00f6v\u015f\u0259n Hac\u0131b\u0259yli sosial \u015f\u0259b\u0259k\u0259d\u0259 payla\u015f\u0131m edib: &quot;\u00c7ox \u00fcz\u00fcc\u00fc x\u0259b\u0259r oldu. Covid-19 \u0259ziz dostumuzu, g\u00f6rk\u0259mli alim Yadigar T\u00fcrkeli \u0259limizd\u0259n ald\u0131. May\u0131n 26-da Akamediyan\u0131n ba\u011f\u0131nda t\u0259dbir ke\u00e7ir\u0259c\u0259kdi, qabaqcadan yaz\u0131lar g\u00f6nd\u0259rmi\u015fdi po\u00e7ta, sonra da z\u0259ng vurub b\u0259rk-b\u0259rk tap\u015f\u0131rd\u0131\" \/>\n\t\t<meta name=\"twitter:image\" content=\"https:\/\/fedai.az\/wp-content\/uploads\/2021\/06\/156712993_3998707473538981_8265066302115556305_n.jpg\" \/>\n\t\t<script type=\"application\/ld+json\" class=\"aioseo-schema\">\n\t\t\t{\"@context\":\"https:\\\/\\\/schema.org\",\"@graph\":[{\"@type\":\"Article\",\"@id\":\"https:\\\/\\\/fedai.az\\\/?p=39466#article\",\"name\":\"Az\\u0259rbaycan elmin\\u0259 A\\u011eIR \\u0130TK\\u0130 | \\\"F\\u0259dai\\\" q\\u0259zeti\",\"headline\":\"Az\\u0259rbaycan elmin\\u0259 A\\u011eIR \\u0130TK\\u0130\",\"author\":{\"@id\":\"https:\\\/\\\/fedai.az\\\/?author=2#author\"},\"publisher\":{\"@id\":\"https:\\\/\\\/fedai.az\\\/#organization\"},\"image\":{\"@type\":\"ImageObject\",\"url\":\"https:\\\/\\\/fedai.az\\\/wp-content\\\/uploads\\\/2021\\\/06\\\/156712993_3998707473538981_8265066302115556305_n.jpg\",\"width\":720,\"height\":538},\"datePublished\":\"2021-06-07T00:51:07+04:00\",\"dateModified\":\"2021-06-07T00:51:10+04:00\",\"inLanguage\":\"ru-RU\",\"mainEntityOfPage\":{\"@id\":\"https:\\\/\\\/fedai.az\\\/?p=39466#webpage\"},\"isPartOf\":{\"@id\":\"https:\\\/\\\/fedai.az\\\/?p=39466#webpage\"},\"articleSection\":\"G\\u00fcnd\\u0259m\"},{\"@type\":\"BreadcrumbList\",\"@id\":\"https:\\\/\\\/fedai.az\\\/?p=39466#breadcrumblist\",\"itemListElement\":[{\"@type\":\"ListItem\",\"@id\":\"https:\\\/\\\/fedai.az#listItem\",\"position\":1,\"name\":\"Home\",\"item\":\"https:\\\/\\\/fedai.az\",\"nextItem\":{\"@type\":\"ListItem\",\"@id\":\"https:\\\/\\\/fedai.az\\\/?cat=3#listItem\",\"name\":\"G\\u00fcnd\\u0259m\"}},{\"@type\":\"ListItem\",\"@id\":\"https:\\\/\\\/fedai.az\\\/?cat=3#listItem\",\"position\":2,\"name\":\"G\\u00fcnd\\u0259m\",\"item\":\"https:\\\/\\\/fedai.az\\\/?cat=3\",\"nextItem\":{\"@type\":\"ListItem\",\"@id\":\"https:\\\/\\\/fedai.az\\\/?p=39466#listItem\",\"name\":\"Az\\u0259rbaycan elmin\\u0259 A\\u011eIR \\u0130TK\\u0130\"},\"previousItem\":{\"@type\":\"ListItem\",\"@id\":\"https:\\\/\\\/fedai.az#listItem\",\"name\":\"Home\"}},{\"@type\":\"ListItem\",\"@id\":\"https:\\\/\\\/fedai.az\\\/?p=39466#listItem\",\"position\":3,\"name\":\"Az\\u0259rbaycan elmin\\u0259 A\\u011eIR \\u0130TK\\u0130\",\"previousItem\":{\"@type\":\"ListItem\",\"@id\":\"https:\\\/\\\/fedai.az\\\/?cat=3#listItem\",\"name\":\"G\\u00fcnd\\u0259m\"}}]},{\"@type\":\"Organization\",\"@id\":\"https:\\\/\\\/fedai.az\\\/#organization\",\"name\":\"\\\"F\\u0259dai\\\" q\\u0259zeti\",\"description\":\"Az\\u0259rbaycan V\\u0259t\\u0259n M\\u00fcharib\\u0259si Veteranlar\\u0131 \\u0130ctimai Birliyi\",\"url\":\"https:\\\/\\\/fedai.az\\\/\",\"logo\":{\"@type\":\"ImageObject\",\"url\":\"https:\\\/\\\/fedai.az\\\/wp-content\\\/uploads\\\/2022\\\/09\\\/logo3.png\",\"@id\":\"https:\\\/\\\/fedai.az\\\/?p=39466\\\/#organizationLogo\",\"width\":500,\"height\":100},\"image\":{\"@id\":\"https:\\\/\\\/fedai.az\\\/?p=39466\\\/#organizationLogo\"},\"sameAs\":[\"https:\\\/\\\/instagram.com\\\/fedai.az\",\"https:\\\/\\\/pinterest.com\\\/fedai.az\",\"https:\\\/\\\/youtube.com\\\/fedai.az\",\"https:\\\/\\\/linkedin.com\\\/in\\\/fedai.az\"]},{\"@type\":\"Person\",\"@id\":\"https:\\\/\\\/fedai.az\\\/?author=2#author\",\"url\":\"https:\\\/\\\/fedai.az\\\/?author=2\",\"name\":\"www.Fedai.az\",\"image\":{\"@type\":\"ImageObject\",\"@id\":\"https:\\\/\\\/fedai.az\\\/?p=39466#authorImage\",\"url\":\"https:\\\/\\\/secure.gravatar.com\\\/avatar\\\/d861e138a4bd3ce6812a7aa95e796aa05e165f28ecde9a972c6789a09fcd1daa?s=96&d=mm&r=g\",\"width\":96,\"height\":96,\"caption\":\"www.Fedai.az\"}},{\"@type\":\"WebPage\",\"@id\":\"https:\\\/\\\/fedai.az\\\/?p=39466#webpage\",\"url\":\"https:\\\/\\\/fedai.az\\\/?p=39466\",\"name\":\"Az\\u0259rbaycan elmin\\u0259 A\\u011eIR \\u0130TK\\u0130 | \\\"F\\u0259dai\\\" q\\u0259zeti\",\"description\":\"Az\\u0259rbaycan\\u0131n tan\\u0131nm\\u0131\\u015f alimi Yadigar T\\u00fcrkel v\\u0259fat edib. Bu bar\\u0259d\\u0259 Yadigar T\\u00fcrkelin yax\\u0131nlar\\u0131 m\\u0259lumat veribl\\u0259r. D\\u0259y\\u0259rli alimimizin \\u00f6l\\u00fcm\\u00fcyl\\u0259 ba\\u011fl\\u0131 tan\\u0131nm\\u0131\\u015f jurnalist R\\u00f6v\\u015f\\u0259n Hac\\u0131b\\u0259yli sosial \\u015f\\u0259b\\u0259k\\u0259d\\u0259 payla\\u015f\\u0131m edib: \\\"\\u00c7ox \\u00fcz\\u00fcc\\u00fc x\\u0259b\\u0259r oldu. Covid-19 \\u0259ziz dostumuzu, g\\u00f6rk\\u0259mli alim Yadigar T\\u00fcrkeli \\u0259limizd\\u0259n ald\\u0131. May\\u0131n 26-da Akamediyan\\u0131n ba\\u011f\\u0131nda t\\u0259dbir ke\\u00e7ir\\u0259c\\u0259kdi, qabaqcadan yaz\\u0131lar g\\u00f6nd\\u0259rmi\\u015fdi po\\u00e7ta, sonra da z\\u0259ng vurub b\\u0259rk-b\\u0259rk tap\\u015f\\u0131rd\\u0131\",\"inLanguage\":\"ru-RU\",\"isPartOf\":{\"@id\":\"https:\\\/\\\/fedai.az\\\/#website\"},\"breadcrumb\":{\"@id\":\"https:\\\/\\\/fedai.az\\\/?p=39466#breadcrumblist\"},\"author\":{\"@id\":\"https:\\\/\\\/fedai.az\\\/?author=2#author\"},\"creator\":{\"@id\":\"https:\\\/\\\/fedai.az\\\/?author=2#author\"},\"image\":{\"@type\":\"ImageObject\",\"url\":\"https:\\\/\\\/fedai.az\\\/wp-content\\\/uploads\\\/2021\\\/06\\\/156712993_3998707473538981_8265066302115556305_n.jpg\",\"@id\":\"https:\\\/\\\/fedai.az\\\/?p=39466\\\/#mainImage\",\"width\":720,\"height\":538},\"primaryImageOfPage\":{\"@id\":\"https:\\\/\\\/fedai.az\\\/?p=39466#mainImage\"},\"datePublished\":\"2021-06-07T00:51:07+04:00\",\"dateModified\":\"2021-06-07T00:51:10+04:00\"},{\"@type\":\"WebSite\",\"@id\":\"https:\\\/\\\/fedai.az\\\/#website\",\"url\":\"https:\\\/\\\/fedai.az\\\/\",\"name\":\"\\\"F\\u0259dai\\\" q\\u0259zeti\",\"description\":\"Az\\u0259rbaycan V\\u0259t\\u0259n M\\u00fcharib\\u0259si Veteranlar\\u0131 \\u0130ctimai Birliyi\",\"inLanguage\":\"ru-RU\",\"publisher\":{\"@id\":\"https:\\\/\\\/fedai.az\\\/#organization\"}}]}\n\t\t<\/script>\n\t\t<!-- All in One SEO -->\n\n","aioseo_head_json":{"title":"Az\u0259rbaycan elmin\u0259 A\u011eIR \u0130TK\u0130 | \"F\u0259dai\" q\u0259zeti","description":"Az\u0259rbaycan\u0131n tan\u0131nm\u0131\u015f alimi Yadigar T\u00fcrkel v\u0259fat edib. Bu bar\u0259d\u0259 Yadigar T\u00fcrkelin yax\u0131nlar\u0131 m\u0259lumat veribl\u0259r. D\u0259y\u0259rli alimimizin \u00f6l\u00fcm\u00fcyl\u0259 ba\u011fl\u0131 tan\u0131nm\u0131\u015f jurnalist R\u00f6v\u015f\u0259n Hac\u0131b\u0259yli sosial \u015f\u0259b\u0259k\u0259d\u0259 payla\u015f\u0131m edib: \"\u00c7ox \u00fcz\u00fcc\u00fc x\u0259b\u0259r oldu. Covid-19 \u0259ziz dostumuzu, g\u00f6rk\u0259mli alim Yadigar T\u00fcrkeli \u0259limizd\u0259n ald\u0131. May\u0131n 26-da Akamediyan\u0131n ba\u011f\u0131nda t\u0259dbir ke\u00e7ir\u0259c\u0259kdi, qabaqcadan yaz\u0131lar g\u00f6nd\u0259rmi\u015fdi po\u00e7ta, sonra da z\u0259ng vurub b\u0259rk-b\u0259rk tap\u015f\u0131rd\u0131","canonical_url":"https:\/\/fedai.az\/?p=39466","robots":"max-image-preview:large","keywords":"","webmasterTools":{"miscellaneous":""},"schema":{"@context":"https:\/\/schema.org","@graph":[{"@type":"Article","@id":"https:\/\/fedai.az\/?p=39466#article","name":"Az\u0259rbaycan elmin\u0259 A\u011eIR \u0130TK\u0130 | \"F\u0259dai\" q\u0259zeti","headline":"Az\u0259rbaycan elmin\u0259 A\u011eIR \u0130TK\u0130","author":{"@id":"https:\/\/fedai.az\/?author=2#author"},"publisher":{"@id":"https:\/\/fedai.az\/#organization"},"image":{"@type":"ImageObject","url":"https:\/\/fedai.az\/wp-content\/uploads\/2021\/06\/156712993_3998707473538981_8265066302115556305_n.jpg","width":720,"height":538},"datePublished":"2021-06-07T00:51:07+04:00","dateModified":"2021-06-07T00:51:10+04:00","inLanguage":"ru-RU","mainEntityOfPage":{"@id":"https:\/\/fedai.az\/?p=39466#webpage"},"isPartOf":{"@id":"https:\/\/fedai.az\/?p=39466#webpage"},"articleSection":"G\u00fcnd\u0259m"},{"@type":"BreadcrumbList","@id":"https:\/\/fedai.az\/?p=39466#breadcrumblist","itemListElement":[{"@type":"ListItem","@id":"https:\/\/fedai.az#listItem","position":1,"name":"Home","item":"https:\/\/fedai.az","nextItem":{"@type":"ListItem","@id":"https:\/\/fedai.az\/?cat=3#listItem","name":"G\u00fcnd\u0259m"}},{"@type":"ListItem","@id":"https:\/\/fedai.az\/?cat=3#listItem","position":2,"name":"G\u00fcnd\u0259m","item":"https:\/\/fedai.az\/?cat=3","nextItem":{"@type":"ListItem","@id":"https:\/\/fedai.az\/?p=39466#listItem","name":"Az\u0259rbaycan elmin\u0259 A\u011eIR \u0130TK\u0130"},"previousItem":{"@type":"ListItem","@id":"https:\/\/fedai.az#listItem","name":"Home"}},{"@type":"ListItem","@id":"https:\/\/fedai.az\/?p=39466#listItem","position":3,"name":"Az\u0259rbaycan elmin\u0259 A\u011eIR \u0130TK\u0130","previousItem":{"@type":"ListItem","@id":"https:\/\/fedai.az\/?cat=3#listItem","name":"G\u00fcnd\u0259m"}}]},{"@type":"Organization","@id":"https:\/\/fedai.az\/#organization","name":"\"F\u0259dai\" q\u0259zeti","description":"Az\u0259rbaycan V\u0259t\u0259n M\u00fcharib\u0259si Veteranlar\u0131 \u0130ctimai Birliyi","url":"https:\/\/fedai.az\/","logo":{"@type":"ImageObject","url":"https:\/\/fedai.az\/wp-content\/uploads\/2022\/09\/logo3.png","@id":"https:\/\/fedai.az\/?p=39466\/#organizationLogo","width":500,"height":100},"image":{"@id":"https:\/\/fedai.az\/?p=39466\/#organizationLogo"},"sameAs":["https:\/\/instagram.com\/fedai.az","https:\/\/pinterest.com\/fedai.az","https:\/\/youtube.com\/fedai.az","https:\/\/linkedin.com\/in\/fedai.az"]},{"@type":"Person","@id":"https:\/\/fedai.az\/?author=2#author","url":"https:\/\/fedai.az\/?author=2","name":"www.Fedai.az","image":{"@type":"ImageObject","@id":"https:\/\/fedai.az\/?p=39466#authorImage","url":"https:\/\/secure.gravatar.com\/avatar\/d861e138a4bd3ce6812a7aa95e796aa05e165f28ecde9a972c6789a09fcd1daa?s=96&d=mm&r=g","width":96,"height":96,"caption":"www.Fedai.az"}},{"@type":"WebPage","@id":"https:\/\/fedai.az\/?p=39466#webpage","url":"https:\/\/fedai.az\/?p=39466","name":"Az\u0259rbaycan elmin\u0259 A\u011eIR \u0130TK\u0130 | \"F\u0259dai\" q\u0259zeti","description":"Az\u0259rbaycan\u0131n tan\u0131nm\u0131\u015f alimi Yadigar T\u00fcrkel v\u0259fat edib. Bu bar\u0259d\u0259 Yadigar T\u00fcrkelin yax\u0131nlar\u0131 m\u0259lumat veribl\u0259r. D\u0259y\u0259rli alimimizin \u00f6l\u00fcm\u00fcyl\u0259 ba\u011fl\u0131 tan\u0131nm\u0131\u015f jurnalist R\u00f6v\u015f\u0259n Hac\u0131b\u0259yli sosial \u015f\u0259b\u0259k\u0259d\u0259 payla\u015f\u0131m edib: \"\u00c7ox \u00fcz\u00fcc\u00fc x\u0259b\u0259r oldu. Covid-19 \u0259ziz dostumuzu, g\u00f6rk\u0259mli alim Yadigar T\u00fcrkeli \u0259limizd\u0259n ald\u0131. May\u0131n 26-da Akamediyan\u0131n ba\u011f\u0131nda t\u0259dbir ke\u00e7ir\u0259c\u0259kdi, qabaqcadan yaz\u0131lar g\u00f6nd\u0259rmi\u015fdi po\u00e7ta, sonra da z\u0259ng vurub b\u0259rk-b\u0259rk tap\u015f\u0131rd\u0131","inLanguage":"ru-RU","isPartOf":{"@id":"https:\/\/fedai.az\/#website"},"breadcrumb":{"@id":"https:\/\/fedai.az\/?p=39466#breadcrumblist"},"author":{"@id":"https:\/\/fedai.az\/?author=2#author"},"creator":{"@id":"https:\/\/fedai.az\/?author=2#author"},"image":{"@type":"ImageObject","url":"https:\/\/fedai.az\/wp-content\/uploads\/2021\/06\/156712993_3998707473538981_8265066302115556305_n.jpg","@id":"https:\/\/fedai.az\/?p=39466\/#mainImage","width":720,"height":538},"primaryImageOfPage":{"@id":"https:\/\/fedai.az\/?p=39466#mainImage"},"datePublished":"2021-06-07T00:51:07+04:00","dateModified":"2021-06-07T00:51:10+04:00"},{"@type":"WebSite","@id":"https:\/\/fedai.az\/#website","url":"https:\/\/fedai.az\/","name":"\"F\u0259dai\" q\u0259zeti","description":"Az\u0259rbaycan V\u0259t\u0259n M\u00fcharib\u0259si Veteranlar\u0131 \u0130ctimai Birliyi","inLanguage":"ru-RU","publisher":{"@id":"https:\/\/fedai.az\/#organization"}}]},"og:locale":"ru_RU","og:site_name":"&quot;F\u0259dai&quot; q\u0259zeti","og:type":"article","og:title":"Az\u0259rbaycan elmin\u0259 A\u011eIR \u0130TK\u0130 | &quot;F\u0259dai&quot; q\u0259zeti","og:description":"Az\u0259rbaycan\u0131n tan\u0131nm\u0131\u015f alimi Yadigar T\u00fcrkel v\u0259fat edib. Bu bar\u0259d\u0259 Yadigar T\u00fcrkelin yax\u0131nlar\u0131 m\u0259lumat veribl\u0259r. D\u0259y\u0259rli alimimizin \u00f6l\u00fcm\u00fcyl\u0259 ba\u011fl\u0131 tan\u0131nm\u0131\u015f jurnalist R\u00f6v\u015f\u0259n Hac\u0131b\u0259yli sosial \u015f\u0259b\u0259k\u0259d\u0259 payla\u015f\u0131m edib: &quot;\u00c7ox \u00fcz\u00fcc\u00fc x\u0259b\u0259r oldu. Covid-19 \u0259ziz dostumuzu, g\u00f6rk\u0259mli alim Yadigar T\u00fcrkeli \u0259limizd\u0259n ald\u0131. May\u0131n 26-da Akamediyan\u0131n ba\u011f\u0131nda t\u0259dbir ke\u00e7ir\u0259c\u0259kdi, qabaqcadan yaz\u0131lar g\u00f6nd\u0259rmi\u015fdi po\u00e7ta, sonra da z\u0259ng vurub b\u0259rk-b\u0259rk tap\u015f\u0131rd\u0131","og:url":"https:\/\/fedai.az\/?p=39466","fb:app_id":"696809432257740","og:image":"https:\/\/fedai.az\/wp-content\/uploads\/2021\/06\/156712993_3998707473538981_8265066302115556305_n.jpg","og:image:secure_url":"https:\/\/fedai.az\/wp-content\/uploads\/2021\/06\/156712993_3998707473538981_8265066302115556305_n.jpg","og:image:width":720,"og:image:height":538,"article:published_time":"2021-06-06T20:51:07+00:00","article:modified_time":"2021-06-06T20:51:10+00:00","article:publisher":"https:\/\/facebook.com\/fedai.az","twitter:card":"summary","twitter:site":"@fedai.az","twitter:title":"Az\u0259rbaycan elmin\u0259 A\u011eIR \u0130TK\u0130 | &quot;F\u0259dai&quot; q\u0259zeti","twitter:description":"Az\u0259rbaycan\u0131n tan\u0131nm\u0131\u015f alimi Yadigar T\u00fcrkel v\u0259fat edib. Bu bar\u0259d\u0259 Yadigar T\u00fcrkelin yax\u0131nlar\u0131 m\u0259lumat veribl\u0259r. D\u0259y\u0259rli alimimizin \u00f6l\u00fcm\u00fcyl\u0259 ba\u011fl\u0131 tan\u0131nm\u0131\u015f jurnalist R\u00f6v\u015f\u0259n Hac\u0131b\u0259yli sosial \u015f\u0259b\u0259k\u0259d\u0259 payla\u015f\u0131m edib: &quot;\u00c7ox \u00fcz\u00fcc\u00fc x\u0259b\u0259r oldu. Covid-19 \u0259ziz dostumuzu, g\u00f6rk\u0259mli alim Yadigar T\u00fcrkeli \u0259limizd\u0259n ald\u0131. May\u0131n 26-da Akamediyan\u0131n ba\u011f\u0131nda t\u0259dbir ke\u00e7ir\u0259c\u0259kdi, qabaqcadan yaz\u0131lar g\u00f6nd\u0259rmi\u015fdi po\u00e7ta, sonra da z\u0259ng vurub b\u0259rk-b\u0259rk tap\u015f\u0131rd\u0131","twitter:image":"https:\/\/fedai.az\/wp-content\/uploads\/2021\/06\/156712993_3998707473538981_8265066302115556305_n.jpg"},"aioseo_meta_data":{"post_id":"39466","title":null,"description":"","keywords":"","keyphrases":null,"primary_term":null,"canonical_url":"","og_title":"","og_description":"","og_object_type":"article","og_image_type":"default","og_image_url":null,"og_image_width":null,"og_image_height":null,"og_image_custom_url":null,"og_image_custom_fields":null,"og_video":"","og_custom_url":null,"og_article_section":"","og_article_tags":"","twitter_use_og":false,"twitter_card":"summary","twitter_image_type":"default","twitter_image_url":null,"twitter_image_custom_url":null,"twitter_image_custom_fields":null,"twitter_title":null,"twitter_description":null,"schema":{"blockGraphs":[],"customGraphs":[],"default":{"data":{"Article":[],"Course":[],"Dataset":[],"FAQPage":[],"Movie":[],"Person":[],"Product":[],"ProductReview":[],"Car":[],"Recipe":[],"Service":[],"SoftwareApplication":[],"WebPage":[]},"graphName":"Article","isEnabled":true},"graphs":[]},"schema_type":null,"schema_type_options":null,"pillar_content":false,"robots_default":true,"robots_noindex":false,"robots_noarchive":false,"robots_nosnippet":false,"robots_nofollow":false,"robots_noimageindex":false,"robots_noodp":false,"robots_notranslate":false,"robots_max_snippet":null,"robots_max_videopreview":null,"robots_max_imagepreview":"large","priority":null,"frequency":null,"local_seo":null,"breadcrumb_settings":null,"limit_modified_date":false,"ai":null,"created":"2021-07-04 14:02:36","updated":"2025-06-08 01:43:03","seo_analyzer_scan_date":null,"focus_keyword":null,"additional_keywords":null,"truseo_locale":null},"aioseo_breadcrumb":"<div class=\"aioseo-breadcrumbs\"><span class=\"aioseo-breadcrumb\">\n\t\t\t<a href=\"https:\/\/fedai.az\" title=\"Home\">Home<\/a>\n\t\t<\/span><span class=\"aioseo-breadcrumb-separator\">\u00bb<\/span><span class=\"aioseo-breadcrumb\">\n\t\t\t<a href=\"https:\/\/fedai.az\/?cat=3\" title=\"G\u00fcnd\u0259m\">G\u00fcnd\u0259m<\/a>\n\t\t<\/span><span class=\"aioseo-breadcrumb-separator\">\u00bb<\/span><span class=\"aioseo-breadcrumb\">\n\t\t\tAz\u0259rbaycan elmin\u0259 A\u011eIR \u0130TK\u0130\n\t\t<\/span><\/div>","aioseo_breadcrumb_json":[{"label":"Home","link":"https:\/\/fedai.az"},{"label":"G\u00fcnd\u0259m","link":"https:\/\/fedai.az\/?cat=3"},{"label":"Az\u0259rbaycan elmin\u0259 A\u011eIR \u0130TK\u0130","link":"https:\/\/fedai.az\/?p=39466"}],"_links":{"self":[{"href":"https:\/\/fedai.az\/index.php?rest_route=\/wp\/v2\/posts\/39466","targetHints":{"allow":["GET"]}}],"collection":[{"href":"https:\/\/fedai.az\/index.php?rest_route=\/wp\/v2\/posts"}],"about":[{"href":"https:\/\/fedai.az\/index.php?rest_route=\/wp\/v2\/types\/post"}],"author":[{"embeddable":true,"href":"https:\/\/fedai.az\/index.php?rest_route=\/wp\/v2\/users\/2"}],"replies":[{"embeddable":true,"href":"https:\/\/fedai.az\/index.php?rest_route=%2Fwp%2Fv2%2Fcomments&post=39466"}],"version-history":[{"count":1,"href":"https:\/\/fedai.az\/index.php?rest_route=\/wp\/v2\/posts\/39466\/revisions"}],"predecessor-version":[{"id":39469,"href":"https:\/\/fedai.az\/index.php?rest_route=\/wp\/v2\/posts\/39466\/revisions\/39469"}],"wp:featuredmedia":[{"embeddable":true,"href":"https:\/\/fedai.az\/index.php?rest_route=\/wp\/v2\/media\/39468"}],"wp:attachment":[{"href":"https:\/\/fedai.az\/index.php?rest_route=%2Fwp%2Fv2%2Fmedia&parent=39466"}],"wp:term":[{"taxonomy":"category","embeddable":true,"href":"https:\/\/fedai.az\/index.php?rest_route=%2Fwp%2Fv2%2Fcategories&post=39466"},{"taxonomy":"post_tag","embeddable":true,"href":"https:\/\/fedai.az\/index.php?rest_route=%2Fwp%2Fv2%2Ftags&post=39466"}],"curies":[{"name":"wp","href":"https:\/\/api.w.org\/{rel}","templated":true}]}}