{"id":39489,"date":"2021-06-07T01:31:38","date_gmt":"2021-06-06T21:31:38","guid":{"rendered":"https:\/\/fedai.az\/?p=39489"},"modified":"2021-06-07T01:31:41","modified_gmt":"2021-06-06T21:31:41","slug":"erm%c9%99ni-komandir-g%c9%99nc-zabiti-doyub","status":"publish","type":"post","link":"https:\/\/fedai.az\/?p=39489","title":{"rendered":"Erm\u0259ni komandir g\u0259nc zabiti d\u00f6y\u00fcb"},"content":{"rendered":"\n<p class=\"wp-block-paragraph\"><strong>Erm\u0259nistan ordusunun h\u0259rbi hiss\u0259l\u0259rind\u0259n birind\u0259 tabor komandiri g\u0259nc zabiti d\u00f6y\u00fcb.<\/strong><\/p>\n\n\n\n<p class=\"wp-block-paragraph\"><a href=\"https:\/\/azvision.az\/\"><strong>Azvision.az\u00a0<\/strong><\/a>x\u0259b\u0259r verir ki, bu bar\u0259d\u0259 sosial \u015f\u0259b\u0259k\u0259l\u0259rin erm\u0259ni seqmentind\u0259 m\u0259lumat payla\u015f\u0131l\u0131b. Bildirilib ki, yeni xidm\u0259t\u0259 ba\u015flayan leytenant Armen Xa\u00e7atryan tabor komandirinin qanuna zidd h\u0259r\u0259k\u0259tl\u0259rin\u0259 v\u0259 t\u0259hqirl\u0259rin\u0259 etiraz etdiyi \u00fc\u00e7\u00fcn d\u00f6y\u00fcl\u00fcb.<\/p>\n\n\n\n<p class=\"wp-block-paragraph\">Komandanl\u0131q d\u00f6y\u00fclm\u0259 fakt\u0131n\u0131 \u00f6rt-basd\u0131r etm\u0259k ist\u0259yir. Fiziki v\u0259 m\u0259n\u0259vi t\u0259hqirl\u0259r\u0259 m\u0259ruz qalan leytenant A.Xa\u00e7atryan xidm\u0259t yerinin d\u0259yi\u015fdirilm\u0259y\u0259c\u0259yi t\u0259qdird\u0259 h\u0259rbi prokurorlu\u011fa \u015fikay\u0259t ed\u0259c\u0259yini qeyd edib.<\/p>\n","protected":false},"excerpt":{"rendered":"<p>Erm\u0259nistan ordusunun h\u0259rbi hiss\u0259l\u0259rind\u0259n birind\u0259 tabor komandiri g\u0259nc zabiti d\u00f6y\u00fcb. Azvision.az\u00a0x\u0259b\u0259r verir ki, bu bar\u0259d\u0259 sosial \u015f\u0259b\u0259k\u0259l\u0259rin erm\u0259ni seqmentind\u0259 m\u0259lumat payla\u015f\u0131l\u0131b. Bildirilib ki, yeni<\/p>\n","protected":false},"author":2,"featured_media":39490,"comment_status":"closed","ping_status":"closed","sticky":false,"template":"","format":"standard","meta":{"footnotes":""},"categories":[15],"tags":[],"class_list":["post-39489","post","type-post","status-publish","format-standard","has-post-thumbnail","hentry","category-atmaca"],"aioseo_notices":[],"aioseo_head":"\n\t\t<!-- All in One SEO 5.0.0.1 - aioseo.com -->\n\t<meta name=\"description\" content=\"Erm\u0259nistan ordusunun h\u0259rbi hiss\u0259l\u0259rind\u0259n birind\u0259 tabor komandiri g\u0259nc zabiti d\u00f6y\u00fcb. Azvision.az x\u0259b\u0259r verir ki, bu bar\u0259d\u0259 sosial \u015f\u0259b\u0259k\u0259l\u0259rin erm\u0259ni seqmentind\u0259 m\u0259lumat payla\u015f\u0131l\u0131b. Bildirilib ki, yeni xidm\u0259t\u0259 ba\u015flayan leytenant Armen Xa\u00e7atryan tabor komandirinin qanuna zidd h\u0259r\u0259k\u0259tl\u0259rin\u0259 v\u0259 t\u0259hqirl\u0259rin\u0259 etiraz etdiyi \u00fc\u00e7\u00fcn d\u00f6y\u00fcl\u00fcb. Komandanl\u0131q d\u00f6y\u00fclm\u0259 fakt\u0131n\u0131 \u00f6rt-basd\u0131r etm\u0259k ist\u0259yir. Fiziki v\u0259 m\u0259n\u0259vi t\u0259hqirl\u0259r\u0259 m\u0259ruz qalan leytenant A.Xa\u00e7atryan xidm\u0259t\" \/>\n\t<meta name=\"robots\" content=\"max-image-preview:large\" \/>\n\t<meta name=\"author\" content=\"www.Fedai.az\"\/>\n\t<link rel=\"canonical\" href=\"https:\/\/fedai.az\/?p=39489\" \/>\n\t<meta name=\"generator\" content=\"All in One SEO (AIOSEO) 5.0.0.1\" \/>\n\t\t<meta property=\"og:locale\" content=\"ru_RU\" \/>\n\t\t<meta property=\"og:site_name\" content=\"&quot;F\u0259dai&quot; q\u0259zeti\" \/>\n\t\t<meta property=\"og:type\" content=\"article\" \/>\n\t\t<meta property=\"og:title\" content=\"Erm\u0259ni komandir g\u0259nc zabiti d\u00f6y\u00fcb | &quot;F\u0259dai&quot; q\u0259zeti\" \/>\n\t\t<meta property=\"og:description\" content=\"Erm\u0259nistan ordusunun h\u0259rbi hiss\u0259l\u0259rind\u0259n birind\u0259 tabor komandiri g\u0259nc zabiti d\u00f6y\u00fcb. Azvision.az x\u0259b\u0259r verir ki, bu bar\u0259d\u0259 sosial \u015f\u0259b\u0259k\u0259l\u0259rin erm\u0259ni seqmentind\u0259 m\u0259lumat payla\u015f\u0131l\u0131b. Bildirilib ki, yeni xidm\u0259t\u0259 ba\u015flayan leytenant Armen Xa\u00e7atryan tabor komandirinin qanuna zidd h\u0259r\u0259k\u0259tl\u0259rin\u0259 v\u0259 t\u0259hqirl\u0259rin\u0259 etiraz etdiyi \u00fc\u00e7\u00fcn d\u00f6y\u00fcl\u00fcb. Komandanl\u0131q d\u00f6y\u00fclm\u0259 fakt\u0131n\u0131 \u00f6rt-basd\u0131r etm\u0259k ist\u0259yir. Fiziki v\u0259 m\u0259n\u0259vi t\u0259hqirl\u0259r\u0259 m\u0259ruz qalan leytenant A.Xa\u00e7atryan xidm\u0259t\" \/>\n\t\t<meta property=\"og:url\" content=\"https:\/\/fedai.az\/?p=39489\" \/>\n\t\t<meta property=\"fb:app_id\" content=\"696809432257740\" \/>\n\t\t<meta property=\"og:image\" content=\"https:\/\/fedai.az\/wp-content\/uploads\/2021\/06\/ermeni-esgerr-1.jpg\" \/>\n\t\t<meta property=\"og:image:secure_url\" content=\"https:\/\/fedai.az\/wp-content\/uploads\/2021\/06\/ermeni-esgerr-1.jpg\" \/>\n\t\t<meta property=\"og:image:width\" content=\"660\" \/>\n\t\t<meta property=\"og:image:height\" content=\"412\" \/>\n\t\t<meta property=\"article:published_time\" content=\"2021-06-06T21:31:38+00:00\" \/>\n\t\t<meta property=\"article:modified_time\" content=\"2021-06-06T21:31:41+00:00\" \/>\n\t\t<meta property=\"article:publisher\" content=\"https:\/\/facebook.com\/fedai.az\" \/>\n\t\t<meta name=\"twitter:card\" content=\"summary\" \/>\n\t\t<meta name=\"twitter:site\" content=\"@fedai.az\" \/>\n\t\t<meta name=\"twitter:title\" content=\"Erm\u0259ni komandir g\u0259nc zabiti d\u00f6y\u00fcb | &quot;F\u0259dai&quot; q\u0259zeti\" \/>\n\t\t<meta name=\"twitter:description\" content=\"Erm\u0259nistan ordusunun h\u0259rbi hiss\u0259l\u0259rind\u0259n birind\u0259 tabor komandiri g\u0259nc zabiti d\u00f6y\u00fcb. Azvision.az x\u0259b\u0259r verir ki, bu bar\u0259d\u0259 sosial \u015f\u0259b\u0259k\u0259l\u0259rin erm\u0259ni seqmentind\u0259 m\u0259lumat payla\u015f\u0131l\u0131b. Bildirilib ki, yeni xidm\u0259t\u0259 ba\u015flayan leytenant Armen Xa\u00e7atryan tabor komandirinin qanuna zidd h\u0259r\u0259k\u0259tl\u0259rin\u0259 v\u0259 t\u0259hqirl\u0259rin\u0259 etiraz etdiyi \u00fc\u00e7\u00fcn d\u00f6y\u00fcl\u00fcb. Komandanl\u0131q d\u00f6y\u00fclm\u0259 fakt\u0131n\u0131 \u00f6rt-basd\u0131r etm\u0259k ist\u0259yir. Fiziki v\u0259 m\u0259n\u0259vi t\u0259hqirl\u0259r\u0259 m\u0259ruz qalan leytenant A.Xa\u00e7atryan xidm\u0259t\" \/>\n\t\t<meta name=\"twitter:image\" content=\"https:\/\/fedai.az\/wp-content\/uploads\/2021\/06\/ermeni-esgerr-1.jpg\" \/>\n\t\t<script type=\"application\/ld+json\" class=\"aioseo-schema\">\n\t\t\t{\"@context\":\"https:\\\/\\\/schema.org\",\"@graph\":[{\"@type\":\"Article\",\"@id\":\"https:\\\/\\\/fedai.az\\\/?p=39489#article\",\"name\":\"Erm\\u0259ni komandir g\\u0259nc zabiti d\\u00f6y\\u00fcb | \\\"F\\u0259dai\\\" q\\u0259zeti\",\"headline\":\"Erm\\u0259ni komandir g\\u0259nc zabiti d\\u00f6y\\u00fcb\",\"author\":{\"@id\":\"https:\\\/\\\/fedai.az\\\/?author=2#author\"},\"publisher\":{\"@id\":\"https:\\\/\\\/fedai.az\\\/#organization\"},\"image\":{\"@type\":\"ImageObject\",\"url\":\"https:\\\/\\\/fedai.az\\\/wp-content\\\/uploads\\\/2021\\\/06\\\/ermeni-esgerr-1.jpg\",\"width\":660,\"height\":412},\"datePublished\":\"2021-06-07T01:31:38+04:00\",\"dateModified\":\"2021-06-07T01:31:41+04:00\",\"inLanguage\":\"ru-RU\",\"mainEntityOfPage\":{\"@id\":\"https:\\\/\\\/fedai.az\\\/?p=39489#webpage\"},\"isPartOf\":{\"@id\":\"https:\\\/\\\/fedai.az\\\/?p=39489#webpage\"},\"articleSection\":\"Atmaca\"},{\"@type\":\"BreadcrumbList\",\"@id\":\"https:\\\/\\\/fedai.az\\\/?p=39489#breadcrumblist\",\"itemListElement\":[{\"@type\":\"ListItem\",\"@id\":\"https:\\\/\\\/fedai.az#listItem\",\"position\":1,\"name\":\"Home\",\"item\":\"https:\\\/\\\/fedai.az\",\"nextItem\":{\"@type\":\"ListItem\",\"@id\":\"https:\\\/\\\/fedai.az\\\/?cat=15#listItem\",\"name\":\"Atmaca\"}},{\"@type\":\"ListItem\",\"@id\":\"https:\\\/\\\/fedai.az\\\/?cat=15#listItem\",\"position\":2,\"name\":\"Atmaca\",\"item\":\"https:\\\/\\\/fedai.az\\\/?cat=15\",\"nextItem\":{\"@type\":\"ListItem\",\"@id\":\"https:\\\/\\\/fedai.az\\\/?p=39489#listItem\",\"name\":\"Erm\\u0259ni komandir g\\u0259nc zabiti d\\u00f6y\\u00fcb\"},\"previousItem\":{\"@type\":\"ListItem\",\"@id\":\"https:\\\/\\\/fedai.az#listItem\",\"name\":\"Home\"}},{\"@type\":\"ListItem\",\"@id\":\"https:\\\/\\\/fedai.az\\\/?p=39489#listItem\",\"position\":3,\"name\":\"Erm\\u0259ni komandir g\\u0259nc zabiti d\\u00f6y\\u00fcb\",\"previousItem\":{\"@type\":\"ListItem\",\"@id\":\"https:\\\/\\\/fedai.az\\\/?cat=15#listItem\",\"name\":\"Atmaca\"}}]},{\"@type\":\"Organization\",\"@id\":\"https:\\\/\\\/fedai.az\\\/#organization\",\"name\":\"\\\"F\\u0259dai\\\" q\\u0259zeti\",\"description\":\"Az\\u0259rbaycan V\\u0259t\\u0259n M\\u00fcharib\\u0259si Veteranlar\\u0131 \\u0130ctimai Birliyi\",\"url\":\"https:\\\/\\\/fedai.az\\\/\",\"logo\":{\"@type\":\"ImageObject\",\"url\":\"https:\\\/\\\/fedai.az\\\/wp-content\\\/uploads\\\/2022\\\/09\\\/logo3.png\",\"@id\":\"https:\\\/\\\/fedai.az\\\/?p=39489\\\/#organizationLogo\",\"width\":500,\"height\":100},\"image\":{\"@id\":\"https:\\\/\\\/fedai.az\\\/?p=39489\\\/#organizationLogo\"},\"sameAs\":[\"https:\\\/\\\/instagram.com\\\/fedai.az\",\"https:\\\/\\\/pinterest.com\\\/fedai.az\",\"https:\\\/\\\/youtube.com\\\/fedai.az\",\"https:\\\/\\\/linkedin.com\\\/in\\\/fedai.az\"]},{\"@type\":\"Person\",\"@id\":\"https:\\\/\\\/fedai.az\\\/?author=2#author\",\"url\":\"https:\\\/\\\/fedai.az\\\/?author=2\",\"name\":\"www.Fedai.az\",\"image\":{\"@type\":\"ImageObject\",\"@id\":\"https:\\\/\\\/fedai.az\\\/?p=39489#authorImage\",\"url\":\"https:\\\/\\\/secure.gravatar.com\\\/avatar\\\/d861e138a4bd3ce6812a7aa95e796aa05e165f28ecde9a972c6789a09fcd1daa?s=96&d=mm&r=g\",\"width\":96,\"height\":96,\"caption\":\"www.Fedai.az\"}},{\"@type\":\"WebPage\",\"@id\":\"https:\\\/\\\/fedai.az\\\/?p=39489#webpage\",\"url\":\"https:\\\/\\\/fedai.az\\\/?p=39489\",\"name\":\"Erm\\u0259ni komandir g\\u0259nc zabiti d\\u00f6y\\u00fcb | \\\"F\\u0259dai\\\" q\\u0259zeti\",\"description\":\"Erm\\u0259nistan ordusunun h\\u0259rbi hiss\\u0259l\\u0259rind\\u0259n birind\\u0259 tabor komandiri g\\u0259nc zabiti d\\u00f6y\\u00fcb. Azvision.az x\\u0259b\\u0259r verir ki, bu bar\\u0259d\\u0259 sosial \\u015f\\u0259b\\u0259k\\u0259l\\u0259rin erm\\u0259ni seqmentind\\u0259 m\\u0259lumat payla\\u015f\\u0131l\\u0131b. Bildirilib ki, yeni xidm\\u0259t\\u0259 ba\\u015flayan leytenant Armen Xa\\u00e7atryan tabor komandirinin qanuna zidd h\\u0259r\\u0259k\\u0259tl\\u0259rin\\u0259 v\\u0259 t\\u0259hqirl\\u0259rin\\u0259 etiraz etdiyi \\u00fc\\u00e7\\u00fcn d\\u00f6y\\u00fcl\\u00fcb. Komandanl\\u0131q d\\u00f6y\\u00fclm\\u0259 fakt\\u0131n\\u0131 \\u00f6rt-basd\\u0131r etm\\u0259k ist\\u0259yir. Fiziki v\\u0259 m\\u0259n\\u0259vi t\\u0259hqirl\\u0259r\\u0259 m\\u0259ruz qalan leytenant A.Xa\\u00e7atryan xidm\\u0259t\",\"inLanguage\":\"ru-RU\",\"isPartOf\":{\"@id\":\"https:\\\/\\\/fedai.az\\\/#website\"},\"breadcrumb\":{\"@id\":\"https:\\\/\\\/fedai.az\\\/?p=39489#breadcrumblist\"},\"author\":{\"@id\":\"https:\\\/\\\/fedai.az\\\/?author=2#author\"},\"creator\":{\"@id\":\"https:\\\/\\\/fedai.az\\\/?author=2#author\"},\"image\":{\"@type\":\"ImageObject\",\"url\":\"https:\\\/\\\/fedai.az\\\/wp-content\\\/uploads\\\/2021\\\/06\\\/ermeni-esgerr-1.jpg\",\"@id\":\"https:\\\/\\\/fedai.az\\\/?p=39489\\\/#mainImage\",\"width\":660,\"height\":412},\"primaryImageOfPage\":{\"@id\":\"https:\\\/\\\/fedai.az\\\/?p=39489#mainImage\"},\"datePublished\":\"2021-06-07T01:31:38+04:00\",\"dateModified\":\"2021-06-07T01:31:41+04:00\"},{\"@type\":\"WebSite\",\"@id\":\"https:\\\/\\\/fedai.az\\\/#website\",\"url\":\"https:\\\/\\\/fedai.az\\\/\",\"name\":\"\\\"F\\u0259dai\\\" q\\u0259zeti\",\"description\":\"Az\\u0259rbaycan V\\u0259t\\u0259n M\\u00fcharib\\u0259si Veteranlar\\u0131 \\u0130ctimai Birliyi\",\"inLanguage\":\"ru-RU\",\"publisher\":{\"@id\":\"https:\\\/\\\/fedai.az\\\/#organization\"}}]}\n\t\t<\/script>\n\t\t<!-- All in One SEO -->\n\n","aioseo_head_json":{"title":"Erm\u0259ni komandir g\u0259nc zabiti d\u00f6y\u00fcb | \"F\u0259dai\" q\u0259zeti","description":"Erm\u0259nistan ordusunun h\u0259rbi hiss\u0259l\u0259rind\u0259n birind\u0259 tabor komandiri g\u0259nc zabiti d\u00f6y\u00fcb. Azvision.az x\u0259b\u0259r verir ki, bu bar\u0259d\u0259 sosial \u015f\u0259b\u0259k\u0259l\u0259rin erm\u0259ni seqmentind\u0259 m\u0259lumat payla\u015f\u0131l\u0131b. Bildirilib ki, yeni xidm\u0259t\u0259 ba\u015flayan leytenant Armen Xa\u00e7atryan tabor komandirinin qanuna zidd h\u0259r\u0259k\u0259tl\u0259rin\u0259 v\u0259 t\u0259hqirl\u0259rin\u0259 etiraz etdiyi \u00fc\u00e7\u00fcn d\u00f6y\u00fcl\u00fcb. Komandanl\u0131q d\u00f6y\u00fclm\u0259 fakt\u0131n\u0131 \u00f6rt-basd\u0131r etm\u0259k ist\u0259yir. Fiziki v\u0259 m\u0259n\u0259vi t\u0259hqirl\u0259r\u0259 m\u0259ruz qalan leytenant A.Xa\u00e7atryan xidm\u0259t","canonical_url":"https:\/\/fedai.az\/?p=39489","robots":"max-image-preview:large","keywords":"","webmasterTools":{"miscellaneous":""},"schema":{"@context":"https:\/\/schema.org","@graph":[{"@type":"Article","@id":"https:\/\/fedai.az\/?p=39489#article","name":"Erm\u0259ni komandir g\u0259nc zabiti d\u00f6y\u00fcb | \"F\u0259dai\" q\u0259zeti","headline":"Erm\u0259ni komandir g\u0259nc zabiti d\u00f6y\u00fcb","author":{"@id":"https:\/\/fedai.az\/?author=2#author"},"publisher":{"@id":"https:\/\/fedai.az\/#organization"},"image":{"@type":"ImageObject","url":"https:\/\/fedai.az\/wp-content\/uploads\/2021\/06\/ermeni-esgerr-1.jpg","width":660,"height":412},"datePublished":"2021-06-07T01:31:38+04:00","dateModified":"2021-06-07T01:31:41+04:00","inLanguage":"ru-RU","mainEntityOfPage":{"@id":"https:\/\/fedai.az\/?p=39489#webpage"},"isPartOf":{"@id":"https:\/\/fedai.az\/?p=39489#webpage"},"articleSection":"Atmaca"},{"@type":"BreadcrumbList","@id":"https:\/\/fedai.az\/?p=39489#breadcrumblist","itemListElement":[{"@type":"ListItem","@id":"https:\/\/fedai.az#listItem","position":1,"name":"Home","item":"https:\/\/fedai.az","nextItem":{"@type":"ListItem","@id":"https:\/\/fedai.az\/?cat=15#listItem","name":"Atmaca"}},{"@type":"ListItem","@id":"https:\/\/fedai.az\/?cat=15#listItem","position":2,"name":"Atmaca","item":"https:\/\/fedai.az\/?cat=15","nextItem":{"@type":"ListItem","@id":"https:\/\/fedai.az\/?p=39489#listItem","name":"Erm\u0259ni komandir g\u0259nc zabiti d\u00f6y\u00fcb"},"previousItem":{"@type":"ListItem","@id":"https:\/\/fedai.az#listItem","name":"Home"}},{"@type":"ListItem","@id":"https:\/\/fedai.az\/?p=39489#listItem","position":3,"name":"Erm\u0259ni komandir g\u0259nc zabiti d\u00f6y\u00fcb","previousItem":{"@type":"ListItem","@id":"https:\/\/fedai.az\/?cat=15#listItem","name":"Atmaca"}}]},{"@type":"Organization","@id":"https:\/\/fedai.az\/#organization","name":"\"F\u0259dai\" q\u0259zeti","description":"Az\u0259rbaycan V\u0259t\u0259n M\u00fcharib\u0259si Veteranlar\u0131 \u0130ctimai Birliyi","url":"https:\/\/fedai.az\/","logo":{"@type":"ImageObject","url":"https:\/\/fedai.az\/wp-content\/uploads\/2022\/09\/logo3.png","@id":"https:\/\/fedai.az\/?p=39489\/#organizationLogo","width":500,"height":100},"image":{"@id":"https:\/\/fedai.az\/?p=39489\/#organizationLogo"},"sameAs":["https:\/\/instagram.com\/fedai.az","https:\/\/pinterest.com\/fedai.az","https:\/\/youtube.com\/fedai.az","https:\/\/linkedin.com\/in\/fedai.az"]},{"@type":"Person","@id":"https:\/\/fedai.az\/?author=2#author","url":"https:\/\/fedai.az\/?author=2","name":"www.Fedai.az","image":{"@type":"ImageObject","@id":"https:\/\/fedai.az\/?p=39489#authorImage","url":"https:\/\/secure.gravatar.com\/avatar\/d861e138a4bd3ce6812a7aa95e796aa05e165f28ecde9a972c6789a09fcd1daa?s=96&d=mm&r=g","width":96,"height":96,"caption":"www.Fedai.az"}},{"@type":"WebPage","@id":"https:\/\/fedai.az\/?p=39489#webpage","url":"https:\/\/fedai.az\/?p=39489","name":"Erm\u0259ni komandir g\u0259nc zabiti d\u00f6y\u00fcb | \"F\u0259dai\" q\u0259zeti","description":"Erm\u0259nistan ordusunun h\u0259rbi hiss\u0259l\u0259rind\u0259n birind\u0259 tabor komandiri g\u0259nc zabiti d\u00f6y\u00fcb. Azvision.az x\u0259b\u0259r verir ki, bu bar\u0259d\u0259 sosial \u015f\u0259b\u0259k\u0259l\u0259rin erm\u0259ni seqmentind\u0259 m\u0259lumat payla\u015f\u0131l\u0131b. Bildirilib ki, yeni xidm\u0259t\u0259 ba\u015flayan leytenant Armen Xa\u00e7atryan tabor komandirinin qanuna zidd h\u0259r\u0259k\u0259tl\u0259rin\u0259 v\u0259 t\u0259hqirl\u0259rin\u0259 etiraz etdiyi \u00fc\u00e7\u00fcn d\u00f6y\u00fcl\u00fcb. Komandanl\u0131q d\u00f6y\u00fclm\u0259 fakt\u0131n\u0131 \u00f6rt-basd\u0131r etm\u0259k ist\u0259yir. Fiziki v\u0259 m\u0259n\u0259vi t\u0259hqirl\u0259r\u0259 m\u0259ruz qalan leytenant A.Xa\u00e7atryan xidm\u0259t","inLanguage":"ru-RU","isPartOf":{"@id":"https:\/\/fedai.az\/#website"},"breadcrumb":{"@id":"https:\/\/fedai.az\/?p=39489#breadcrumblist"},"author":{"@id":"https:\/\/fedai.az\/?author=2#author"},"creator":{"@id":"https:\/\/fedai.az\/?author=2#author"},"image":{"@type":"ImageObject","url":"https:\/\/fedai.az\/wp-content\/uploads\/2021\/06\/ermeni-esgerr-1.jpg","@id":"https:\/\/fedai.az\/?p=39489\/#mainImage","width":660,"height":412},"primaryImageOfPage":{"@id":"https:\/\/fedai.az\/?p=39489#mainImage"},"datePublished":"2021-06-07T01:31:38+04:00","dateModified":"2021-06-07T01:31:41+04:00"},{"@type":"WebSite","@id":"https:\/\/fedai.az\/#website","url":"https:\/\/fedai.az\/","name":"\"F\u0259dai\" q\u0259zeti","description":"Az\u0259rbaycan V\u0259t\u0259n M\u00fcharib\u0259si Veteranlar\u0131 \u0130ctimai Birliyi","inLanguage":"ru-RU","publisher":{"@id":"https:\/\/fedai.az\/#organization"}}]},"og:locale":"ru_RU","og:site_name":"&quot;F\u0259dai&quot; q\u0259zeti","og:type":"article","og:title":"Erm\u0259ni komandir g\u0259nc zabiti d\u00f6y\u00fcb | &quot;F\u0259dai&quot; q\u0259zeti","og:description":"Erm\u0259nistan ordusunun h\u0259rbi hiss\u0259l\u0259rind\u0259n birind\u0259 tabor komandiri g\u0259nc zabiti d\u00f6y\u00fcb. Azvision.az x\u0259b\u0259r verir ki, bu bar\u0259d\u0259 sosial \u015f\u0259b\u0259k\u0259l\u0259rin erm\u0259ni seqmentind\u0259 m\u0259lumat payla\u015f\u0131l\u0131b. Bildirilib ki, yeni xidm\u0259t\u0259 ba\u015flayan leytenant Armen Xa\u00e7atryan tabor komandirinin qanuna zidd h\u0259r\u0259k\u0259tl\u0259rin\u0259 v\u0259 t\u0259hqirl\u0259rin\u0259 etiraz etdiyi \u00fc\u00e7\u00fcn d\u00f6y\u00fcl\u00fcb. Komandanl\u0131q d\u00f6y\u00fclm\u0259 fakt\u0131n\u0131 \u00f6rt-basd\u0131r etm\u0259k ist\u0259yir. Fiziki v\u0259 m\u0259n\u0259vi t\u0259hqirl\u0259r\u0259 m\u0259ruz qalan leytenant A.Xa\u00e7atryan xidm\u0259t","og:url":"https:\/\/fedai.az\/?p=39489","fb:app_id":"696809432257740","og:image":"https:\/\/fedai.az\/wp-content\/uploads\/2021\/06\/ermeni-esgerr-1.jpg","og:image:secure_url":"https:\/\/fedai.az\/wp-content\/uploads\/2021\/06\/ermeni-esgerr-1.jpg","og:image:width":660,"og:image:height":412,"article:published_time":"2021-06-06T21:31:38+00:00","article:modified_time":"2021-06-06T21:31:41+00:00","article:publisher":"https:\/\/facebook.com\/fedai.az","twitter:card":"summary","twitter:site":"@fedai.az","twitter:title":"Erm\u0259ni komandir g\u0259nc zabiti d\u00f6y\u00fcb | &quot;F\u0259dai&quot; q\u0259zeti","twitter:description":"Erm\u0259nistan ordusunun h\u0259rbi hiss\u0259l\u0259rind\u0259n birind\u0259 tabor komandiri g\u0259nc zabiti d\u00f6y\u00fcb. Azvision.az x\u0259b\u0259r verir ki, bu bar\u0259d\u0259 sosial \u015f\u0259b\u0259k\u0259l\u0259rin erm\u0259ni seqmentind\u0259 m\u0259lumat payla\u015f\u0131l\u0131b. Bildirilib ki, yeni xidm\u0259t\u0259 ba\u015flayan leytenant Armen Xa\u00e7atryan tabor komandirinin qanuna zidd h\u0259r\u0259k\u0259tl\u0259rin\u0259 v\u0259 t\u0259hqirl\u0259rin\u0259 etiraz etdiyi \u00fc\u00e7\u00fcn d\u00f6y\u00fcl\u00fcb. Komandanl\u0131q d\u00f6y\u00fclm\u0259 fakt\u0131n\u0131 \u00f6rt-basd\u0131r etm\u0259k ist\u0259yir. Fiziki v\u0259 m\u0259n\u0259vi t\u0259hqirl\u0259r\u0259 m\u0259ruz qalan leytenant A.Xa\u00e7atryan xidm\u0259t","twitter:image":"https:\/\/fedai.az\/wp-content\/uploads\/2021\/06\/ermeni-esgerr-1.jpg"},"aioseo_meta_data":{"post_id":"39489","title":null,"description":"","keywords":"","keyphrases":null,"primary_term":null,"canonical_url":"","og_title":"","og_description":"","og_object_type":"article","og_image_type":"default","og_image_url":null,"og_image_width":null,"og_image_height":null,"og_image_custom_url":null,"og_image_custom_fields":null,"og_video":"","og_custom_url":null,"og_article_section":"","og_article_tags":"","twitter_use_og":false,"twitter_card":"summary","twitter_image_type":"default","twitter_image_url":null,"twitter_image_custom_url":null,"twitter_image_custom_fields":null,"twitter_title":null,"twitter_description":null,"schema":{"blockGraphs":[],"customGraphs":[],"default":{"data":{"Article":[],"Course":[],"Dataset":[],"FAQPage":[],"Movie":[],"Person":[],"Product":[],"ProductReview":[],"Car":[],"Recipe":[],"Service":[],"SoftwareApplication":[],"WebPage":[]},"graphName":"Article","isEnabled":true},"graphs":[]},"schema_type":null,"schema_type_options":null,"pillar_content":false,"robots_default":true,"robots_noindex":false,"robots_noarchive":false,"robots_nosnippet":false,"robots_nofollow":false,"robots_noimageindex":false,"robots_noodp":false,"robots_notranslate":false,"robots_max_snippet":null,"robots_max_videopreview":null,"robots_max_imagepreview":"large","priority":null,"frequency":null,"local_seo":null,"breadcrumb_settings":null,"limit_modified_date":false,"ai":null,"created":"2021-07-04 14:02:36","updated":"2025-06-08 01:43:06","seo_analyzer_scan_date":null,"focus_keyword":null,"additional_keywords":null,"truseo_locale":null},"aioseo_breadcrumb":"<div class=\"aioseo-breadcrumbs\"><span class=\"aioseo-breadcrumb\">\n\t\t\t<a href=\"https:\/\/fedai.az\" title=\"Home\">Home<\/a>\n\t\t<\/span><span class=\"aioseo-breadcrumb-separator\">\u00bb<\/span><span class=\"aioseo-breadcrumb\">\n\t\t\t<a href=\"https:\/\/fedai.az\/?cat=15\" title=\"Atmaca\">Atmaca<\/a>\n\t\t<\/span><span class=\"aioseo-breadcrumb-separator\">\u00bb<\/span><span class=\"aioseo-breadcrumb\">\n\t\t\tErm\u0259ni komandir g\u0259nc zabiti d\u00f6y\u00fcb\n\t\t<\/span><\/div>","aioseo_breadcrumb_json":[{"label":"Home","link":"https:\/\/fedai.az"},{"label":"Atmaca","link":"https:\/\/fedai.az\/?cat=15"},{"label":"Erm\u0259ni komandir g\u0259nc zabiti d\u00f6y\u00fcb","link":"https:\/\/fedai.az\/?p=39489"}],"_links":{"self":[{"href":"https:\/\/fedai.az\/index.php?rest_route=\/wp\/v2\/posts\/39489","targetHints":{"allow":["GET"]}}],"collection":[{"href":"https:\/\/fedai.az\/index.php?rest_route=\/wp\/v2\/posts"}],"about":[{"href":"https:\/\/fedai.az\/index.php?rest_route=\/wp\/v2\/types\/post"}],"author":[{"embeddable":true,"href":"https:\/\/fedai.az\/index.php?rest_route=\/wp\/v2\/users\/2"}],"replies":[{"embeddable":true,"href":"https:\/\/fedai.az\/index.php?rest_route=%2Fwp%2Fv2%2Fcomments&post=39489"}],"version-history":[{"count":1,"href":"https:\/\/fedai.az\/index.php?rest_route=\/wp\/v2\/posts\/39489\/revisions"}],"predecessor-version":[{"id":39491,"href":"https:\/\/fedai.az\/index.php?rest_route=\/wp\/v2\/posts\/39489\/revisions\/39491"}],"wp:featuredmedia":[{"embeddable":true,"href":"https:\/\/fedai.az\/index.php?rest_route=\/wp\/v2\/media\/39490"}],"wp:attachment":[{"href":"https:\/\/fedai.az\/index.php?rest_route=%2Fwp%2Fv2%2Fmedia&parent=39489"}],"wp:term":[{"taxonomy":"category","embeddable":true,"href":"https:\/\/fedai.az\/index.php?rest_route=%2Fwp%2Fv2%2Fcategories&post=39489"},{"taxonomy":"post_tag","embeddable":true,"href":"https:\/\/fedai.az\/index.php?rest_route=%2Fwp%2Fv2%2Ftags&post=39489"}],"curies":[{"name":"wp","href":"https:\/\/api.w.org\/{rel}","templated":true}]}}