{"id":42102,"date":"2025-07-06T11:32:46","date_gmt":"2025-07-06T07:32:46","guid":{"rendered":"https:\/\/fedai.az\/?p=42102"},"modified":"2025-07-06T11:32:46","modified_gmt":"2025-07-06T07:32:46","slug":"t%c9%99brik-%c9%99hli-h%c9%99biyev","status":"publish","type":"post","link":"https:\/\/fedai.az\/?p=42102","title":{"rendered":"T\u0259brik: \u018fhli H\u0259biyev &#8212; 62"},"content":{"rendered":"\n<p><strong>Bu g\u00fcn silahda\u015flar\u0131m\u0131zdan birinin &#8212; Az\u0259rbaycan V\u0259t\u0259n M\u00fcharib\u0259si Veteranlar\u0131 \u0130ctimai Birliyinin (AVMV\u0130B) Humanitar m\u0259s\u0259l\u0259l\u0259r \u00fczr\u0259 \u015f\u00f6b\u0259 m\u00fcdiri, AVMV\u0130B X\u0259tai rayon \u015f\u00f6b\u0259sinin s\u0259dr m\u00fcavini, V\u0259t\u0259n m\u00fcharib\u0259si veteran\u0131 \u018fhli H\u0259biyevin do\u011fum g\u00fcn\u00fcd\u00fcr. \u0130yul ay\u0131n\u0131n 6-da onun 62 ya\u015f\u0131 tamam olur.<\/strong><\/p>\n\n\n\n<p>\u018fhli H\u0259biyev 1963-c\u00fc ilin iyul ay\u0131n\u0131n 6- da Az\u0259rbaycan Respublikas\u0131n\u0131n Saatl\u0131 rayonunun Qaracalar k\u0259ndind\u0259 z\u0259hm\u0259tke\u015f bir ail\u0259d\u0259 anadan olub . 1980-ci ild\u0259 Saatl\u0131 rayon t\u0259hsil \u0130dar\u0259si \u00fczr\u0259 Qaracalar k\u0259nd orta m\u0259kt\u0259bi, 1986-c\u0131 ild\u0259 is\u0259 Bak\u0131 Saneye v\u0259 Neft Texnikumunu bitirib. 1981-1983-c\u00fc ill\u0259rd\u0259 Sovet Ordusunun Almaniyada yerl\u0259\u015f\u0259n h\u0259rbi hiss\u0259l\u0259rin birind\u0259 m\u00fcdd\u0259tli h\u0259qiqi h\u0259rbi xidm\u0259t\u0259 (manqa komandiri v\u0259zif\u0259sind\u0259) olub. 1991-1994 &#8212; c\u00fc ill\u0259rd\u0259 Az\u0259rbaycan Respublikas\u0131nda ilk yarad\u0131lm\u0131\u015f \u018flahidd\u0259 \u015e\u0131xov K\u00f6n\u00fcl\u0259r taborunun v\u0259 Az\u0259rbaycan Ordusunun t\u0259rkibind\u0259 taq\u0131m komandiri v\u0259zif\u0259sind\u0259 Az\u0259rbaycan \u0259razi b\u00fct\u00f6vl\u00fcy\u00fc u\u011frunda (A\u011fdam, A\u011fd\u0259r\u0259, K\u0259lb\u0259c\u0259r, \u015eu\u015fa, C\u0259bray\u0131l, T\u0259rt\u0259r v\u0259 Qubadl\u0131 rayonlar\u0131 istiqam\u0259tl\u0259rind\u0259 ged\u0259n d\u00f6y\u00fc\u015fl\u0259rd\u0259 bir taq\u0131m komandiri kimi \u00fcz\u0259rin\u0259 d\u00fcs\u0259n v\u0259zif\u0259 v\u0259 tap\u015f\u0131r\u0131qlar\u0131n \u00f6hd\u0259sind\u0259n layiqinc\u0259 g\u0259lmi\u015fdir. \u018f.H\u0259biyev Az\u0259rbaycan\u0131n \u0259razi b\u00fct\u00f6vl\u00fcy\u00fc u\u011frunda ged\u0259n d\u00f6y\u00fc\u015fl\u0259rd\u0259 2 d\u0259f\u0259 (28 dekabr 1991-ci ild\u0259 \u015eu\u015fa \u015f\u0259h\u0259ri, 26 avqust 1993 &#8212; c\u00fc ild\u0259 is\u0259 La\u00e7\u0131n rayonu u\u011frunda ged\u0259n d\u00f6y\u00fc\u015fl\u0259rd\u0259) yaralan\u0131b. 44 g\u00fcnl\u00fck v\u0259t\u0259n m\u00fcharib\u0259si d\u00f6vr\u00fcnd\u0259 \u018fhli H\u0259biyev k\u00f6n\u00fcll\u00fc olaraq h\u0259rbi qulluq\u00e7ularm\u0131z\u0131n yan\u0131nda olaraq onlara maddi v\u0259 m\u0259n\u0259vi k\u00f6m\u0259klik g\u00f6st\u0259rmi\u015fdir.<\/p>\n\n\n\n<p>Az\u0259rbaycan V\u0259t\u0259n M\u00fcharib\u0259si Veteranlar\u0131 Ictimai Birliyinin r\u0259hb\u0259rliyi, \u018fhli H\u0259biyevi h\u0259m t\u0259brik edir, ona cansa\u011fl\u0131\u011f\u0131, uzun \u00f6m\u00fcr, i\u015fl\u0259rind\u0259 nailiyy\u0259tl\u0259r arzulay\u0131r.<\/p>\n\n\n\n<p>Biz d\u0259 Fedai.az v\u0259 Veteran.az kollektivi olaraq \u018fhli H\u0259biyevi h\u0259m do\u011fum g\u00fcn\u00fc, h\u0259m d\u0259 Az\u0259rbaycan V\u0259t\u0259n M\u00fcharib\u0259si Veteranlar\u0131 \u0130ctimai Birliyinin (AVMV\u0130B) Humanitar m\u0259s\u0259l\u0259l\u0259r \u00fczr\u0259 \u015f\u00f6b\u0259 m\u00fcdiri v\u0259zif\u0259sin\u0259 t\u0259yin olnmas\u0131 m\u00fcnasib\u0259ti il\u0259 t\u0259brik edir, bu m\u0259suliyy\u0259tli i\u015fd\u0259 ona u\u011furlar arzulay\u0131r\u0131q.<\/p>\n\n\n\n<p><strong>AVMV\u0130B M\u0259tbuat xidm\u0259ti<\/strong><\/p>\n\n\n\n<a href=\"https:\/\/postimages.org\/\" target=\"_blank\"><img decoding=\"async\" src=\"https:\/\/i.postimg.cc\/NFrDMVKy\/Whats-App-Image-2025-07-06-at-01-56-25.jpg\" alt=\"Whats-App-Image-2025-07-06-at-01-56-25\"\/><\/a><br\/><br\/>\n<a href=\"https:\/\/postimg.cc\/9RGyB69J\" target=\"_blank\"><img decoding=\"async\" src=\"https:\/\/i.postimg.cc\/hjYMKgtW\/Whats-App-Image-2025-07-06-at-01-56-26.jpg\" alt=\"Whats-App-Image-2025-07-06-at-01-56-26\"\/><\/a><br\/><br\/>\n<a href=\"https:\/\/postimages.org\/\" target=\"_blank\"><img decoding=\"async\" src=\"https:\/\/i.postimg.cc\/JhPPdjwh\/Whats-App-Image-2025-07-06-at-01-56-26-1.jpg\" alt=\"Whats-App-Image-2025-07-06-at-01-56-26-1\"\/><\/a><br\/><br\/>\n<a href=\"https:\/\/postimg.cc\/62sdnW88\" target=\"_blank\"><img decoding=\"async\" src=\"https:\/\/i.postimg.cc\/rmsQ6zcN\/Whats-App-Image-2025-07-06-at-01-56-27.jpg\" alt=\"Whats-App-Image-2025-07-06-at-01-56-27\"\/><\/a><br\/><br\/>\n<a href=\"https:\/\/postimages.org\/\" target=\"_blank\"><img decoding=\"async\" src=\"https:\/\/i.postimg.cc\/Dz2xgBMD\/Whats-App-Image-2025-07-06-at-01-56-27-1.jpg\" alt=\"Whats-App-Image-2025-07-06-at-01-56-27-1\"\/><\/a><br\/><br\/>\n\n\n\n\n<p><a href=\"https:\/\/postimages.org\/\" target=\"_blank\" rel=\"noreferrer noopener\"><\/a><\/p>\n\n\n\n<figure class=\"wp-block-gallery has-nested-images columns-default is-cropped wp-block-gallery-1 is-layout-flex wp-block-gallery-is-layout-flex\">\n<figure class=\"wp-block-image size-large\"><img loading=\"lazy\" decoding=\"async\" width=\"1024\" height=\"768\" data-id=\"42105\" src=\"https:\/\/fedai.az\/wp-content\/uploads\/2021\/07\/78572255_146248976682322_3850867205147197440_n-1024x768.jpg\" alt=\"\" class=\"wp-image-42105\" srcset=\"https:\/\/fedai.az\/wp-content\/uploads\/2021\/07\/78572255_146248976682322_3850867205147197440_n-1024x768.jpg 1024w, https:\/\/fedai.az\/wp-content\/uploads\/2021\/07\/78572255_146248976682322_3850867205147197440_n-300x225.jpg 300w, https:\/\/fedai.az\/wp-content\/uploads\/2021\/07\/78572255_146248976682322_3850867205147197440_n-150x113.jpg 150w, https:\/\/fedai.az\/wp-content\/uploads\/2021\/07\/78572255_146248976682322_3850867205147197440_n-768x576.jpg 768w, https:\/\/fedai.az\/wp-content\/uploads\/2021\/07\/78572255_146248976682322_3850867205147197440_n.jpg 1280w\" sizes=\"auto, (max-width: 1024px) 100vw, 1024px\" \/><\/figure>\n\n\n\n<figure class=\"wp-block-image size-large\"><img loading=\"lazy\" decoding=\"async\" width=\"1024\" height=\"1020\" data-id=\"42106\" src=\"https:\/\/fedai.az\/wp-content\/uploads\/2021\/07\/65966224_106250447348842_8598179249876107264_n-1024x1020.jpg\" alt=\"\" class=\"wp-image-42106\" srcset=\"https:\/\/fedai.az\/wp-content\/uploads\/2021\/07\/65966224_106250447348842_8598179249876107264_n-1024x1020.jpg 1024w, https:\/\/fedai.az\/wp-content\/uploads\/2021\/07\/65966224_106250447348842_8598179249876107264_n-300x300.jpg 300w, https:\/\/fedai.az\/wp-content\/uploads\/2021\/07\/65966224_106250447348842_8598179249876107264_n-150x150.jpg 150w, https:\/\/fedai.az\/wp-content\/uploads\/2021\/07\/65966224_106250447348842_8598179249876107264_n-768x765.jpg 768w, https:\/\/fedai.az\/wp-content\/uploads\/2021\/07\/65966224_106250447348842_8598179249876107264_n-1536x1529.jpg 1536w, https:\/\/fedai.az\/wp-content\/uploads\/2021\/07\/65966224_106250447348842_8598179249876107264_n-215x215.jpg 215w, https:\/\/fedai.az\/wp-content\/uploads\/2021\/07\/65966224_106250447348842_8598179249876107264_n.jpg 2048w\" sizes=\"auto, (max-width: 1024px) 100vw, 1024px\" \/><\/figure>\n<\/figure>\n\n\n\n<figure class=\"wp-block-gallery has-nested-images columns-default is-cropped wp-block-gallery-2 is-layout-flex wp-block-gallery-is-layout-flex\">\n<figure class=\"wp-block-image size-large\"><img loading=\"lazy\" decoding=\"async\" width=\"960\" height=\"540\" data-id=\"42108\" src=\"https:\/\/fedai.az\/wp-content\/uploads\/2021\/07\/66649160_112659736707913_7453565281466580992_n.jpg\" alt=\"\" class=\"wp-image-42108\" srcset=\"https:\/\/fedai.az\/wp-content\/uploads\/2021\/07\/66649160_112659736707913_7453565281466580992_n.jpg 960w, https:\/\/fedai.az\/wp-content\/uploads\/2021\/07\/66649160_112659736707913_7453565281466580992_n-300x169.jpg 300w, https:\/\/fedai.az\/wp-content\/uploads\/2021\/07\/66649160_112659736707913_7453565281466580992_n-150x84.jpg 150w, https:\/\/fedai.az\/wp-content\/uploads\/2021\/07\/66649160_112659736707913_7453565281466580992_n-768x432.jpg 768w\" sizes=\"auto, (max-width: 960px) 100vw, 960px\" \/><\/figure>\n\n\n\n<figure class=\"wp-block-image size-large\"><img loading=\"lazy\" decoding=\"async\" width=\"600\" height=\"600\" data-id=\"42109\" src=\"https:\/\/fedai.az\/wp-content\/uploads\/2021\/07\/8265a327389da9fe4fdc2714b309120e-6-2-1-5.jpg\" alt=\"\" class=\"wp-image-42109\" srcset=\"https:\/\/fedai.az\/wp-content\/uploads\/2021\/07\/8265a327389da9fe4fdc2714b309120e-6-2-1-5.jpg 600w, https:\/\/fedai.az\/wp-content\/uploads\/2021\/07\/8265a327389da9fe4fdc2714b309120e-6-2-1-5-300x300.jpg 300w, https:\/\/fedai.az\/wp-content\/uploads\/2021\/07\/8265a327389da9fe4fdc2714b309120e-6-2-1-5-150x150.jpg 150w, https:\/\/fedai.az\/wp-content\/uploads\/2021\/07\/8265a327389da9fe4fdc2714b309120e-6-2-1-5-215x215.jpg 215w\" sizes=\"auto, (max-width: 600px) 100vw, 600px\" \/><\/figure>\n<\/figure>\n","protected":false},"excerpt":{"rendered":"<p>Bu g\u00fcn silahda\u015flar\u0131m\u0131zdan birinin &#8212; Az\u0259rbaycan V\u0259t\u0259n M\u00fcharib\u0259si Veteranlar\u0131 \u0130ctimai Birliyinin (AVMV\u0130B) Humanitar m\u0259s\u0259l\u0259l\u0259r \u00fczr\u0259 \u015f\u00f6b\u0259 m\u00fcdiri, AVMV\u0130B X\u0259tai rayon \u015f\u00f6b\u0259sinin s\u0259dr m\u00fcavini, V\u0259t\u0259n<\/p>\n","protected":false},"author":2,"featured_media":102316,"comment_status":"closed","ping_status":"closed","sticky":false,"template":"","format":"standard","meta":{"footnotes":""},"categories":[11],"tags":[],"class_list":["post-42102","post","type-post","status-publish","format-standard","has-post-thumbnail","hentry","category-tbrik"],"aioseo_notices":[],"_links":{"self":[{"href":"https:\/\/fedai.az\/index.php?rest_route=\/wp\/v2\/posts\/42102","targetHints":{"allow":["GET"]}}],"collection":[{"href":"https:\/\/fedai.az\/index.php?rest_route=\/wp\/v2\/posts"}],"about":[{"href":"https:\/\/fedai.az\/index.php?rest_route=\/wp\/v2\/types\/post"}],"author":[{"embeddable":true,"href":"https:\/\/fedai.az\/index.php?rest_route=\/wp\/v2\/users\/2"}],"replies":[{"embeddable":true,"href":"https:\/\/fedai.az\/index.php?rest_route=%2Fwp%2Fv2%2Fcomments&post=42102"}],"version-history":[{"count":2,"href":"https:\/\/fedai.az\/index.php?rest_route=\/wp\/v2\/posts\/42102\/revisions"}],"predecessor-version":[{"id":102317,"href":"https:\/\/fedai.az\/index.php?rest_route=\/wp\/v2\/posts\/42102\/revisions\/102317"}],"wp:featuredmedia":[{"embeddable":true,"href":"https:\/\/fedai.az\/index.php?rest_route=\/wp\/v2\/media\/102316"}],"wp:attachment":[{"href":"https:\/\/fedai.az\/index.php?rest_route=%2Fwp%2Fv2%2Fmedia&parent=42102"}],"wp:term":[{"taxonomy":"category","embeddable":true,"href":"https:\/\/fedai.az\/index.php?rest_route=%2Fwp%2Fv2%2Fcategories&post=42102"},{"taxonomy":"post_tag","embeddable":true,"href":"https:\/\/fedai.az\/index.php?rest_route=%2Fwp%2Fv2%2Ftags&post=42102"}],"curies":[{"name":"wp","href":"https:\/\/api.w.org\/{rel}","templated":true}]}}