{"id":42224,"date":"2021-07-07T11:12:33","date_gmt":"2021-07-07T07:12:33","guid":{"rendered":"https:\/\/fedai.az\/?p=42224"},"modified":"2021-07-07T11:13:41","modified_gmt":"2021-07-07T07:13:41","slug":"ag-ev-z%c9%99ng%c9%99zur-koridoruna-gor%c9%99-h%c9%99r%c9%99k%c9%99t%c9%99-kecir","status":"publish","type":"post","link":"https:\/\/fedai.az\/?p=42224","title":{"rendered":"A\u011f Ev \u201cZ\u0259ng\u0259zur koridoru\u201dna g\u00f6r\u0259 h\u0259r\u0259k\u0259t\u0259 ke\u00e7ir"},"content":{"rendered":"\n<p><strong>\u201cZ\u0259ng\u0259zur koridoru\u201dil\u0259 ba\u011fl\u0131 d\u0259f\u0259l\u0259rl\u0259 yazm\u0131\u015fam. X\u00fcsus\u0259n qeyd etmi\u015f\u0259m ki, bu koridor Da\u011fl\u0131q Qaraba\u011f m\u0259s\u0259l\u0259sind\u0259n daha \u00f6n\u0259mlidir. \u018flb\u0259tt\u0259, m\u0259n ba\u015fa d\u00fc\u015f\u00fcr\u0259m ki, bu fikir ictimaiyy\u0259t aras\u0131nda o q\u0259d\u0259r d\u0259 r\u0259\u011fb\u0259tl\u0259 qar\u015f\u0131lanm\u0131r. Az\u0259rbaycan insan\u0131 h\u0259l\u0259 ki, bu koridorun \u00f6lk\u0259miz\u0259 hans\u0131 \u00fcst\u00fcnl\u00fckl\u0259r v\u0259 hans\u0131 status ver\u0259c\u0259yinin f\u0259rqind\u0259 deyil.<\/strong><\/p>\n\n\n\n<p>\u201cZ\u0259ng\u0259zur koridoru\u201dnun \u00f6n\u0259min\u0259 bir daha diqq\u0259t \u00e7\u0259km\u0259k \u00fc\u00e7\u00fcn Amerika m\u0259tbuat\u0131nda ged\u0259n bir m\u0259qal\u0259d\u0259n s\u00f6hb\u0259t a\u00e7aca\u011f\u0131q. S\u00f6hb\u0259t \u201cThe National Interest\u201d jurnal\u0131nda \u00e7ap olunmu\u015f \u201cArmenia Can Stop Iran\u2019s New South Caucasus Foothold\u201d (Erm\u0259nistan \u0130ran\u0131n C\u0259nubi Qafqazda yeni dayaq n\u00f6qt\u0259si yaratmas\u0131n\u0131n qar\u015f\u0131s\u0131n\u0131 ala bil\u0259r) m\u0259qal\u0259sind\u0259n gedir.<\/p>\n\n\n\n<p>\u00d6nc\u0259 \u201cThe National Interest\u201d jurnal\u0131 haqq\u0131nda q\u0131sa m\u0259lumat verib. Bu jurnal 1994-c\u00fc ild\u0259 Amerika Birl\u0259\u015fmi\u015f \u015etatlar\u0131n\u0131n 37-ci prezidenti (1969-1974) Ri\u00e7ard Nikson t\u0259r\u0259find\u0259n qoyulub. Amerikan\u0131n beyin m\u0259rk\u0259zl\u0259rind\u0259n biri kimi tan\u0131n\u0131r. Jurnal\u0131n ana x\u0259ttini \u201cthe West and the rest\u201d (Q\u0259rb v\u0259 yerd\u0259 qalan d\u00fcnya anlam\u0131n\u0131 verir. E.H) ideyas\u0131 t\u0259\u015fkil edir. Y\u0259ni, bu beyin m\u0259rk\u0259zinin \u0259sas qay\u0259si Q\u0259rbin maraqlar\u0131n\u0131n m\u00fcdafi\u0259sidir. T\u0259bii ki, onlar Q\u0259rb dey\u0259nd\u0259 daha \u00e7ox Amerikan\u0131 n\u0259z\u0259rd\u0259 tuturlar. Daha bir m\u0259qama toxunum. Bu jurnalda anti-T\u00fcrkiy\u0259 v\u0259 anti-Az\u0259rbaycan m\u00f6vqeyind\u0259n yaz\u0131lm\u0131\u015f m\u0259qal\u0259l\u0259rl\u0259 tez-tez qar\u015f\u0131la\u015fmaq olar. M\u00fcvafiq olaraq \u201cThe National Interest\u201d Erm\u0259nistana x\u00fcsusi simpatiya s\u0259rgil\u0259yir.<\/p>\n\n\n\n<p><br>Yuxar\u0131da ad\u0131n\u0131 vur\u011fulad\u0131\u011f\u0131m\u0131z m\u0259qal\u0259d\u0259 is\u0259 Erm\u0259nistana yana\u015fma xeyli f\u0259rqlidir. Bu f\u0259rq d\u0259 Amerikan\u0131n maraqlar\u0131ndan do\u011fur. M\u0259qal\u0259d\u0259 s\u00f6hb\u0259t ondan gedir ki, Az\u0259rbaycan \u201cZ\u0259ng\u0259zur karidoru\u201dnun (onlar Nax\u00e7\u0131van koridoru adland\u0131r\u0131rlar. E.H) a\u00e7\u0131lmas\u0131nda maraql\u0131d\u0131r. Ancaq Erm\u0259nistan bu i\u015f\u0259 o q\u0259d\u0259r maraq g\u00f6st\u0259rmir. Bel\u0259 oldu\u011fu t\u0259qdird\u0259 n\u0259 ba\u015f ver\u0259 bil\u0259r? M\u0259qal\u0259nin m\u00fc\u0259llifi Wes Martin yaz\u0131r ki, Az\u0259rbaycan bu koridoru \u0130ran \u00fcz\u0259rind\u0259n d\u0259 a\u00e7a bil\u0259r. Bu is\u0259 \u0130rana b\u00f6y\u00fck \u00fcst\u00fcnl\u00fckl\u0259r v\u0259d edir. Bel\u0259 ki, r\u0259smi Tehran bu koridor vasit\u0259si il\u0259 C\u0259nubi Qafqaza t\u0259zyiq mexanizmi \u0259ld\u0259 ed\u0259 bil\u0259r v\u0259 \u00fcst\u0259lik, d\u00fcnya iqtisadi m\u0259kan\u0131na inteqrasiya imkan\u0131 qazanar.<\/p>\n\n\n\n<figure class=\"wp-block-image size-large is-resized\"><img loading=\"lazy\" decoding=\"async\" src=\"https:\/\/fedai.az\/wp-content\/uploads\/2021\/07\/1625634478_zng.jpg\" alt=\"\" class=\"wp-image-42227\" width=\"1010\" height=\"568\" srcset=\"https:\/\/fedai.az\/wp-content\/uploads\/2021\/07\/1625634478_zng.jpg 800w, https:\/\/fedai.az\/wp-content\/uploads\/2021\/07\/1625634478_zng-300x169.jpg 300w, https:\/\/fedai.az\/wp-content\/uploads\/2021\/07\/1625634478_zng-150x84.jpg 150w, https:\/\/fedai.az\/wp-content\/uploads\/2021\/07\/1625634478_zng-768x432.jpg 768w\" sizes=\"auto, (max-width: 1010px) 100vw, 1010px\" \/><\/figure>\n\n\n\n<p>M\u00fc\u0259llif \u0259mindir ki, bel\u0259 bir perspektivin h\u0259yata ke\u00e7m\u0259sin\u0259 imkan verm\u0259k olmaz. X\u00fcsus\u0259n \u0130brahim R\u0259isi kimi m\u00fchafiz\u0259kar birisinin prezident se\u00e7ildiyi \u0130randan bel\u0259 bir strateji \u00f6n\u0259mi olan koridorun ke\u00e7m\u0259si Q\u0259rb \u00fc\u00e7\u00fcn arzuolunan deyil. M\u00fc\u0259llif deyir ki, \u0130brahim R\u0259isi hakim kimi 1988-ci ild\u0259 \u0130randa gizli \u015f\u0259kild\u0259 edam edilmi\u015f 30 min siyasi f\u0259al\u0131n q\u0259tlind\u0259 \u0259sas rollardan birini oynay\u0131b. M\u00fc\u0259llif yaz\u0131r: \u201cAncaq sanksiyalar v\u0259 t\u0259cridetm\u0259 siyas\u0259tinin a\u011f\u0131rl\u0131\u011f\u0131 alt\u0131nda qalan yeni r\u0259hb\u0259rlik v\u0259 \u0130ran C\u0259nubi Qafqazda \u201cxilas k\u0259m\u0259ri\u201d \u0259ld\u0259 ed\u0259 bil\u0259r. B\u0259lk\u0259 d\u0259 Erm\u0259nistan f\u0259rqin\u0259 varmadan sanksiyalar alt\u0131nda bo\u011fulan \u0130rana C\u0259nubi Qafqazda \u201cxilas k\u0259m\u0259ri\u201d ata bil\u0259r. \u0130r\u0259vana t\u0259sir g\u00fcc\u00fcn\u0259 sahib olan Amerika bu perspektivin qar\u015f\u0131s\u0131n\u0131 n\u0259yin bahas\u0131na olursa olsun almal\u0131d\u0131r\u201d.<\/p>\n\n\n\n<p>Bu n\u0259 dem\u0259kdir? A\u00e7\u0131q \u015f\u0259kild\u0259 bildirilir ki, Az\u0259rbaycan \u201cZ\u0259ng\u0259zur (Nax\u00e7\u0131van) koridoru\u201dnun a\u00e7\u0131lmas\u0131nda maraql\u0131d\u0131r. Ancaq Erm\u0259nistan buna imkan verm\u0259s\u0259, Az\u0259rbaycan bu koridoru \u0130ran \u00fcz\u0259rind\u0259n d\u0259 a\u00e7a bil\u0259r. Dolay\u0131s\u0131 il\u0259 bu h\u0259m d\u0259 o dem\u0259kdir ki, Az\u0259rbaycan iqtidar\u0131 bu variant\u0131 da n\u0259z\u0259rd\u0259n ke\u00e7irir. Bu is\u0259 Amerikan\u0131n maraqlar\u0131na q\u0259tiyy\u0259n uy\u011fun g\u0259lmir. V\u0259 AB\u015e t\u0259sir imkan\u0131na malik oldu\u011fu Erm\u0259nistana \u0130rana \u201cxilas k\u0259m\u0259ri\u201d atma\u011fa imkan verm\u0259m\u0259lidir. Bu h\u0259m d\u0259 onun etiraf\u0131d\u0131r ki, \u201cZ\u0259ng\u0259zur koridoru\u201d Amerikan\u0131n da maraq dair\u0259sind\u0259dir.<\/p>\n\n\n\n<p>M\u00fc\u0259llif qeyd edir ki, Nikol Pa\u015finyan se\u00e7ki \u0259r\u0259f\u0259sind\u0259 verdiyi b\u0259yanatlar\u0131n birind\u0259 deyir ki, o, he\u00e7 vaxt \u201cZ\u0259ng\u0259zur (Nax\u00e7\u0131van) koridoru\u201dnun a\u00e7\u0131lmas\u0131na imkan verm\u0259y\u0259c\u0259k: \u201cBaxmayaraq ki, \u00fc\u00e7t\u0259r\u0259fli anla\u015fmada kommunikasiyalar\u0131n a\u00e7\u0131lmas\u0131n\u0131n vacibliyi x\u00fcsusi il\u0259 vur\u011fulan\u0131r\u201d.<\/p>\n\n\n\n<p>M\u00fc\u0259llif bildirir ki, koridorun \u0130ran \u0259razisind\u0259n ke\u00e7m\u0259si h\u0259m d\u0259 Az\u0259rbaycanla g\u0259l\u0259c\u0259k dan\u0131\u015f\u0131qlar zaman\u0131 Erm\u0259nistan\u0131n m\u00f6vqel\u0259rinin daha da z\u0259ifl\u0259m\u0259sin\u0259 s\u0259b\u0259b olacaq.<\/p>\n\n\n\n<p>Haz\u0131rda Az\u0259rbaycan\u0131n Nax\u00e7\u0131vana v\u0259 T\u00fcrkiy\u0259y\u0259 G\u00fcrc\u00fcstan \u00fcz\u0259rind\u0259n \u00e7\u0131xd\u0131\u011f\u0131n\u0131 yazan m\u00fc\u0259llif deyir ki, \u0130randan ke\u00e7\u0259c\u0259k d\u0259mir yolu x\u0259tti Az\u0259rbaycan \u00fc\u00e7\u00fcn o q\u0259d\u0259r d\u0259 c\u0259lbedici g\u00f6r\u00fcnm\u00fcr: \u201c\u018fn \u0259lveri\u015fli yol k\u00f6hn\u0259 yolun b\u0259rpas\u0131d\u0131r. O yol is\u0259 Erm\u0259nistandan ke\u00e7ir\u201d.<\/p>\n\n\n\n<p>Ancaq bu yola olan maraq Erm\u0259nistan\u0131n bar\u0131\u015fmaz m\u00f6vqed\u0259 olmas\u0131 s\u0259b\u0259bind\u0259n z\u0259ifl\u0259yir v\u0259 r\u0259smi Bak\u0131n\u0131 \u0130ran variant\u0131 \u00fcz\u0259rind\u0259 d\u00fc\u015f\u00fcnm\u0259y\u0259 vadar edir. Bu, h\u0259m d\u0259 Erm\u0259nistan\u0131n g\u0259l\u0259c\u0259k regional iqtisadi m\u00fcnasib\u0259tl\u0259rd\u0259n k\u0259narda qalmas\u0131 dem\u0259kdir. \u0130rana is\u0259 \u0259vv\u0259l itirdiyi yerd\u0259 yeni t\u0259sir imkan\u0131 verir.<\/p>\n\n\n\n<p>M\u0259qal\u0259d\u0259 bildirirlir ki, \u0130ran C\u0259nubi Qafqaz\u0131 \u00f6z \u0259razisi say\u0131r. Ancaq 44 g\u00fcnl\u00fck m\u00fcharib\u0259d\u0259 T\u00fcrkiy\u0259 v\u0259 Rusiya Az\u0259rbaycan v\u0259 Erm\u0259nistanla birlikd\u0259 b\u00f6lg\u0259d\u0259 \u0259sas oyun\u00e7u kimi g\u00f6r\u00fcnd\u00fc. \u0130ran is\u0259 sanki yat\u0131b yuxuya qalm\u0131\u015fd\u0131. Az\u0259rbaycan\u0131 Nax\u00e7\u0131vanla birl\u0259\u015fdir\u0259 bil\u0259c\u0259k d\u0259mir yolunun \u0130randan ke\u00e7m\u0259si r\u0259smi Tehrana \u0259ld\u0259n verdiyi m\u00f6vqeyi geri alma\u011fa \u015f\u0259rait yaradacaq.<\/p>\n\n\n\n<p>M\u00fc\u0259llifin g\u0259ldiyi son q\u0259na\u0259t bel\u0259dir ki, C\u0259nubi Qafqaz\u0131n \u00e7i\u00e7\u0259kl\u0259nm\u0259si Erm\u0259nistandan ke\u00e7m\u0259li olan koridora ba\u011fl\u0131d\u0131r. Ancaq Erm\u0259nistan buna imkan verm\u0259s\u0259, Bak\u0131 \u0130randan ke\u00e7\u0259c\u0259k d\u0259mir yoluna q\u0259rar verm\u0259li olacaq. Asiya-Sakit Okean h\u00f6vz\u0259sind\u0259n Avropaya v\u0259 \u0259ks istiqam\u0259t\u0259 mallar\u0131n bu koridor \u00fcz\u0259rind\u0259n da\u015f\u0131naca\u011f\u0131n\u0131 qeyd ed\u0259n m\u00fc\u0259llif yaz\u0131r: \u201c Bu kimi s\u0259b\u0259bl\u0259rd\u0259n Amerika Erm\u0259nistana \u00f6z iqtisadi g\u0259l\u0259c\u0259yi v\u0259 regional t\u0259hl\u00fck\u0259sizliyi \u00fc\u00e7\u00fcn t\u0259zyiq etm\u0259lidir\u201d.<\/p>\n\n\n\n<p><strong>Elb\u0259yi H\u0259s\u0259nli\/Musavat.com<\/strong><\/p>\n","protected":false},"excerpt":{"rendered":"<p>\u201cZ\u0259ng\u0259zur koridoru\u201dil\u0259 ba\u011fl\u0131 d\u0259f\u0259l\u0259rl\u0259 yazm\u0131\u015fam. X\u00fcsus\u0259n qeyd etmi\u015f\u0259m ki, bu koridor Da\u011fl\u0131q Qaraba\u011f m\u0259s\u0259l\u0259sind\u0259n daha \u00f6n\u0259mlidir. \u018flb\u0259tt\u0259, m\u0259n ba\u015fa d\u00fc\u015f\u00fcr\u0259m ki, bu fikir ictimaiyy\u0259t<\/p>\n","protected":false},"author":2,"featured_media":42225,"comment_status":"closed","ping_status":"closed","sticky":false,"template":"","format":"standard","meta":{"footnotes":""},"categories":[1],"tags":[],"class_list":["post-42224","post","type-post","status-publish","format-standard","has-post-thumbnail","hentry","category-siyast"],"aioseo_notices":[],"_links":{"self":[{"href":"https:\/\/fedai.az\/index.php?rest_route=\/wp\/v2\/posts\/42224","targetHints":{"allow":["GET"]}}],"collection":[{"href":"https:\/\/fedai.az\/index.php?rest_route=\/wp\/v2\/posts"}],"about":[{"href":"https:\/\/fedai.az\/index.php?rest_route=\/wp\/v2\/types\/post"}],"author":[{"embeddable":true,"href":"https:\/\/fedai.az\/index.php?rest_route=\/wp\/v2\/users\/2"}],"replies":[{"embeddable":true,"href":"https:\/\/fedai.az\/index.php?rest_route=%2Fwp%2Fv2%2Fcomments&post=42224"}],"version-history":[{"count":2,"href":"https:\/\/fedai.az\/index.php?rest_route=\/wp\/v2\/posts\/42224\/revisions"}],"predecessor-version":[{"id":42228,"href":"https:\/\/fedai.az\/index.php?rest_route=\/wp\/v2\/posts\/42224\/revisions\/42228"}],"wp:featuredmedia":[{"embeddable":true,"href":"https:\/\/fedai.az\/index.php?rest_route=\/wp\/v2\/media\/42225"}],"wp:attachment":[{"href":"https:\/\/fedai.az\/index.php?rest_route=%2Fwp%2Fv2%2Fmedia&parent=42224"}],"wp:term":[{"taxonomy":"category","embeddable":true,"href":"https:\/\/fedai.az\/index.php?rest_route=%2Fwp%2Fv2%2Fcategories&post=42224"},{"taxonomy":"post_tag","embeddable":true,"href":"https:\/\/fedai.az\/index.php?rest_route=%2Fwp%2Fv2%2Ftags&post=42224"}],"curies":[{"name":"wp","href":"https:\/\/api.w.org\/{rel}","templated":true}]}}